{"id":563204,"date":"2025-11-27T22:34:19","date_gmt":"2025-11-27T22:34:19","guid":{"rendered":"https:\/\/www.europesays.com\/fr\/563204\/"},"modified":"2025-11-27T22:34:19","modified_gmt":"2025-11-27T22:34:19","slug":"grenoble-biarritz-les-compositions","status":"publish","type":"post","link":"https:\/\/www.europesays.com\/fr\/563204\/","title":{"rendered":"Grenoble &#8211; Biarritz: Les compositions"},"content":{"rendered":"<p>Compositions Grenoble \u2013 Biarritz<\/p>\n<p>Retrouvez la composition des \u00e9quipes du match Grenoble (9e, 24 pts) \u2013 Biarritz (11e, 23 pts), le coup d\u2019envoi est \u00e0 19H00 \u00e0 Grenoble et le match est \u00e0 suivre en direct \u00e0 la RADIO et\/ou en score live sur notre site ou application<\/p>\n<p class=\"lien-interne-conseil\"><strong>\u00c0 lire aussi<\/strong> | <a href=\"https:\/\/vibrez-rugby.com\/grenoble-biarritz-analyse-des-statistiques-et-pronostics-2\/\" target=\"_blank\" rel=\"noopener\">Grenoble \u2013 Biarritz: Analyse des statistiques et pronostics<\/a><\/p>\n<p>Composition: Grenoble :<\/p>\n<p>(1) Zack Gauthier, (2) Bastien Soury, (3) Giorgi Pertaia, (4) Tristan Labouteley, (5) Brandon Nansen, (6) Antonin Berruyer, (7) Thibaut Martel, (8) Mathis Baret, (9) Eric Escande, (10) Max Cl\u00e9ment, (11) Hugo Avogadro, (12) Julien Heriteau, (13) Romain Fusier, (14) Hugo Trouilloud, (15) Julien Farnoux, (16) Romain Ruffenach, (17) Louis Mary, (18) Josh Thompson, (19) Richard Hardwick, (20) Barnab\u00e9 Couilloud, (21) Marc Palmier, (22) Yan Lestrade, (23) Johannes Jonker<\/p>\n<p>Composition Biarritz :<\/p>\n<p>(1) Fran\u00e7ois Mur, (2) Cl\u00e9ment Martinez, (3) Zakaria El Fakir, (4) Heath Backhouse, (5) Aston Fortuin, (6) Cornell Du Preez, (7) Remi Bourdeau, (8) Andrea Sacco, (9) Yann Lesgourgues, (10) Edgar Reti\u00e8re, (11) Baptiste Fariscot, (12) Yann David, (13) Carlo Mignot, (14) Arthur Bonneval, (15) Dorian Laborde, (16) Adrien Sonzogni, (17) Alexandre Plantier, (18) Johnny Dyer, (19) Thomas Hebert, (20) Imanol Biscay, (21) Enzo Selponi, (22) Mathieu Acebes, (23) Hugo Pirlet<\/p>\n<p class=\"lien-interne-conseil\"><strong>\u00c0 lire aussi<\/strong> | <a href=\"https:\/\/vibrez-rugby.com\/pro-d2-a-quelle-heure-et-sur-quelle-chaine-tv-suivre-grenoble-biarritz-2\/\" target=\"_blank\" rel=\"noopener\">Pro D2: \u00e0 quelle heure et sur quelle cha\u00eene TV suivre Grenoble \u2013 Biarritz<\/a><\/p>\n<p><a href=\"https:\/\/vibrez-rugby.com\/application-rugby\/\" target=\"_blank\" rel=\"noopener\"><img loading=\"lazy\" decoding=\"async\" width=\"1024\" height=\"131\" src=\"https:\/\/www.europesays.com\/fr\/wp-content\/uploads\/2025\/08\/CS-application-1024x131.jpg\" alt=\"\" class=\"wp-image-309550\" style=\"width:720px;height:auto\"  \/><\/a>live en direct<img decoding=\"async\" src=\"\" alt=\"\" class=\"custom-emblem custom-emblem-local\"\/><img decoding=\"async\" src=\"\" alt=\"\" class=\"custom-emblem custom-emblem-visitor\"\/><\/p>\n<p>\u00c9couter la Radio<\/p>\n<\/p>\n<p>Actions<\/p>\n<p>Composition<\/p>\n<p>Le Face \u00e0 Face<\/p>\n<tr>\u00c9quipe Locale\u00c9quipe Visiteuse<\/tr>\n<p>\u00d7<img decoding=\"async\" class=\"radio-logo\" src=\"\" alt=\"Radio Logo\"\/>Sud RadioVotre navigateur ne supporte pas l\u2019\u00e9l\u00e9ment audio.<\/p>\n<p>live en direct sur Vibrez Rugby. Pronostics, face-\u00e0-face, compositions, statistiques : tout savoir avant le direct. Acc\u00e9dez ensuite \u00e0 notre radio live et\/ou \u00e0 notre score live comment\u00e9 en temps r\u00e9el pour ne rien manquer de l\u2019action.<\/p>\n<p>Comment suivre live en direct ?<\/p>\n<p>Plusieurs options s\u2019offrent \u00e0 vous pour vivre cette rencontre comme si vous y \u00e9tiez. Choisissez celle qui vous convient le mieux en fonction de votre situation.<\/p>\n<p>\u00c0 la radio ou en score live comment\u00e9<\/p>\n<p>Si vous ne pouvez pas regarder le match, \u00e9coutez <strong>live en direct<\/strong> \u00e0 la radio ou suivez notre score live. Chaque action cl\u00e9, essai, p\u00e9nalit\u00e9 et carton est mis \u00e0 jour instantan\u00e9ment pour vous offrir une exp\u00e9rience immersive.<\/p>\n<p>Sur quelle cha\u00eene TV ?<\/p>\n<p>Pour conna\u00eetre l\u2019heure et la cha\u00eene de diffusion TV de <strong>live en direct<\/strong>, consultez notre programme TV complet, mis \u00e0 jour quotidiennement avec les informations des diffuseurs officiels (Top 14, <a href=\"https:\/\/vibrez-rugby.com\/rugby\/pro-d2\/\" target=\"_blank\" rel=\"noopener\">Pro D2<\/a>, Coupe d\u2019Europe, etc.).<\/p>\n<p>Vibrez Rugby : Votre r\u00e9f\u00e9rence pour le rugby en direct<\/p>\n<p>Notre plateforme vous donne acc\u00e8s \u00e0 un large \u00e9ventail de comp\u00e9titions, chaque week-end. Plongez au c\u0153ur de l\u2019action en un seul clic !<\/p>\n<p>Toutes vos comp\u00e9titions pr\u00e9f\u00e9r\u00e9es<\/p>\n<ul>\n<li>XV de France (Masculin, F\u00e9minin, U20)<\/li>\n<li>Coupes d\u2019Europe<\/li>\n<li>Top 14, Pro D2, Nationale, et F\u00e9d\u00e9rales 1 \u00e0 3<\/li>\n<li>Rugby \u00e0 7 (Sevens), \u00c9lite 1 et 2<\/li>\n<\/ul>\n<p><strong>Ne ratez rien de live en direct :<\/strong> suivez le score en live, \u00e9coutez le match \u00e0 la radio et vibrez au rythme des plus grandes rencontres de rugby.<\/p>\n<p>1<\/p>\n","protected":false},"excerpt":{"rendered":"Compositions Grenoble \u2013 Biarritz Retrouvez la composition des \u00e9quipes du match Grenoble (9e, 24 pts) \u2013 Biarritz (11e,&hellip;\n","protected":false},"author":2,"featured_media":563205,"comment_status":"","ping_status":"","sticky":false,"template":"","format":"standard","meta":{"footnotes":""},"categories":[9566],"tags":[1111,11,2430,1777,674,1011,27,2731,12,25],"class_list":{"0":"post-563204","1":"post","2":"type-post","3":"status-publish","4":"format-standard","5":"has-post-thumbnail","7":"category-grenoble","8":"tag-actu","9":"tag-actualites","10":"tag-auvergne-rhone-alpes","11":"tag-eu","12":"tag-europe","13":"tag-fr","14":"tag-france","15":"tag-grenoble","16":"tag-news","17":"tag-republique-francaise"},"share_on_mastodon":{"url":"https:\/\/pubeurope.com\/@fr\/115624049258390524","error":""},"_links":{"self":[{"href":"https:\/\/www.europesays.com\/fr\/wp-json\/wp\/v2\/posts\/563204","targetHints":{"allow":["GET"]}}],"collection":[{"href":"https:\/\/www.europesays.com\/fr\/wp-json\/wp\/v2\/posts"}],"about":[{"href":"https:\/\/www.europesays.com\/fr\/wp-json\/wp\/v2\/types\/post"}],"author":[{"embeddable":true,"href":"https:\/\/www.europesays.com\/fr\/wp-json\/wp\/v2\/users\/2"}],"replies":[{"embeddable":true,"href":"https:\/\/www.europesays.com\/fr\/wp-json\/wp\/v2\/comments?post=563204"}],"version-history":[{"count":0,"href":"https:\/\/www.europesays.com\/fr\/wp-json\/wp\/v2\/posts\/563204\/revisions"}],"wp:featuredmedia":[{"embeddable":true,"href":"https:\/\/www.europesays.com\/fr\/wp-json\/wp\/v2\/media\/563205"}],"wp:attachment":[{"href":"https:\/\/www.europesays.com\/fr\/wp-json\/wp\/v2\/media?parent=563204"}],"wp:term":[{"taxonomy":"category","embeddable":true,"href":"https:\/\/www.europesays.com\/fr\/wp-json\/wp\/v2\/categories?post=563204"},{"taxonomy":"post_tag","embeddable":true,"href":"https:\/\/www.europesays.com\/fr\/wp-json\/wp\/v2\/tags?post=563204"}],"curies":[{"name":"wp","href":"https:\/\/api.w.org\/{rel}","templated":true}]}}