{"id":563206,"date":"2025-11-27T22:35:15","date_gmt":"2025-11-27T22:35:15","guid":{"rendered":"https:\/\/www.europesays.com\/fr\/563206\/"},"modified":"2025-11-27T22:35:15","modified_gmt":"2025-11-27T22:35:15","slug":"pourquoi-le-departement-ne-fait-rien-pour-les-migrants-a-rennes","status":"publish","type":"post","link":"https:\/\/www.europesays.com\/fr\/563206\/","title":{"rendered":"pourquoi le D\u00e9partement \u00ab\u00a0ne fait rien\u00a0\u00bb pour les migrants \u00e0 Rennes\u00a0?"},"content":{"rendered":"<p>                    Par<br \/>\n        <strong><br \/>\n            <a href=\"https:\/\/actu.fr\/auteur\/laurene-fertin\" title=\"Consulter tous les articles de Laur\u00e8ne Fertin\" target=\"_blank\" rel=\"noopener\">Laur\u00e8ne Fertin<\/a><br \/>\n                    <\/strong><\/p>\n<p>        Publi\u00e9 le<\/p>\n<p>            27 nov. 2025 \u00e0 18h40        <\/p>\n<p>Ils sont moins d\u2019<strong>une trentaine<\/strong> \u00e0 avoir pass\u00e9 la nuit dehors, devant le D\u00e9partement d\u2019Ille-et-Vilaine, \u00e0 Rennes, dans la nuit du mercredi 26 au jeudi 27 novembre 2025. Les mineurs non accompagn\u00e9s (MNA), <a href=\"https:\/\/actu.fr\/bretagne\/rennes_35238\/migrants-a-rennes-6-jours-apres-l-evacuation-du-camp-de-maurepas-80-personnes-sans-solution-d-hebergement_63364627.html\" target=\"_blank\" rel=\"noopener\">qui occupaient notamment <strong>l\u2019espace social commun Simone Iff<\/strong><\/a> \u2013 apr\u00e8s avoir \u00e9t\u00e9 <a href=\"https:\/\/actu.fr\/bretagne\/rennes_35238\/evacuation-des-migrants-du-parc-de-maurepas-a-rennes-je-suis-triste-mon-avenir-est-incertain_63339490.html\" target=\"_blank\" rel=\"noopener\">expuls\u00e9s du parc de Maurepas en octobre<\/a> -, ont sollicit\u00e9 un rendez-vous. R\u00e9unis en Collectif (le Collectif des mineurs isol\u00e9s en danger 35), ces derniers ont demand\u00e9 qu\u2019une solution p\u00e9renne d\u2019h\u00e9bergement leur soit trouv\u00e9e, alors qu\u2019ils<a href=\"https:\/\/actu.fr\/bretagne\/rennes_35238\/migrants-a-rennes-le-tribunal-administratif-ordonne-l-evacuation-de-l-espace-commun-simone-iff_63463517.html\" target=\"_blank\" rel=\"noopener\"> devront quitter les lieux d\u2019ici au 3\u00a0d\u00e9cembre 2025<\/a>. Un entretien s\u2019est finalement conclu\u2026 Sans solution. Pour quelles raisons ?<\/p>\n<p>Dans l\u2019attente d\u2019un rendez-vous<\/p>\n<p class=\" wall-content\"><strong>\u00ab\u2009Un rendez-vous avait \u00e9t\u00e9 programm\u00e9<\/strong> [mercredi 26\u00a0novembre \u00e0 17h, N.D.L.R] avec Anne-Fran\u00e7oise Courteille, vice-pr\u00e9sidente au D\u00e9partement d\u00e9l\u00e9gu\u00e9e \u00e0 la protection de l\u2019enfance et \u00e0 la pr\u00e9vention\u2009\u00bb, rembobine Fabien, coordinateur et salari\u00e9 de l\u2019association Utopia 56 \u00e0 Rennes, \u00ab\u2009mais il a finalement \u00e9t\u00e9 <strong>annul\u00e9.\u2009\u00bb<\/strong><\/p>\n<p class=\" wall-content\">\u00ab\u2009Ils ont demand\u00e9 \u00e0 \u00eatre re\u00e7us\u2009\u00bb, corrige Anne-Fran\u00e7oise Courteille, aupr\u00e8s de la r\u00e9daction d\u2019<a href=\"https:\/\/actu.fr\/rennes\/\" target=\"_blank\" rel=\"noopener\">actu Rennes<\/a>, <strong>\u00ab\u2009\u00e0 condition qu\u2019ils cessent leur manifestation<\/strong> et en pr\u00e9cisant que, malheureusement, ce n\u2019\u00e9tait pas moi qui avais les solutions.\u2009\u00bb Mais le Collectif a refus\u00e9.<\/p>\n<p>\u00ab\u2009\u00c0 m\u00eame le sol\u2009\u00bb<\/p>\n<p class=\" wall-content\">\u00ab\u2009Hier soir\u2009\u00bb, raconte Alpha, 16\u00a0ans, \u00ab\u2009on a donc dormi devant le D\u00e9partement pour continuer de protester, dans <strong>des sacs de couchage<\/strong>. C\u2019\u00e9tait dur, il faisait froid.\u2009\u00bb<\/p>\n<blockquote class=\"ac-article-quote wall-content\">\n<p>Nous avons cherch\u00e9 d\u2019abord du mat\u00e9riel, des tentes. Mais la police nous a repouss\u00e9s une premi\u00e8re fois. Nous avons commenc\u00e9 \u00e0 nous installer et les forces de l\u2019ordre se sont un peu \u00e9nerv\u00e9es.\u2009<\/p>\n<p>    <strong>Fabien<\/strong><br \/>\n        Coordinateur et salari\u00e9 de l&rsquo;association Utopia 56 Rennes    <\/p><\/blockquote>\n<p class=\" wall-content\">Sur place, l\u2019ordre a \u00e9t\u00e9 donn\u00e9 aux migrants de <strong>ne pas installer de tentes, ni de banderoles revendicatives<\/strong>. \u00ab\u2009Ils ont donc dormi \u00e0 m\u00eame le sol\u2009\u00bb, souligne Fabien.<\/p>\n<p>Votre r\u00e9gion, votre actu !<\/p>\n<p>Recevez chaque jour les infos qui comptent pour vous.<\/p>\n<p>\t<a href=\"https:\/\/actu.fr\/newsletter\" class=\"ac-btn ac-btn--corner ac-btn--medium ac-btn--blue800\" target=\"_blank\" rel=\"noopener\">S&rsquo;incrire<\/a><br \/>\n\u00ab\u2009L\u2019\u00c9tat est comp\u00e9tent\u2009\u00bb<\/p>\n<p class=\" wall-content\">Dans la matin\u00e9e, toutes et tous esp\u00e9raient obtenir une entrevue avec le D\u00e9partement et redoutaient de passer, une nouvelle fois, la nuit dehors. <strong>Ce jeudi 27\u00a0novembre,<\/strong> c\u2019est chose faite\u2009: <strong>un rendez-vous a \u00e9t\u00e9 conclu<\/strong> entre Anne-Fran\u00e7oise Courteille et une d\u00e9l\u00e9gation du Collectif des mineurs isol\u00e9s en danger 35 \u2013 <strong>\u00e0<\/strong> <strong>condition,<\/strong> l\u00e0 aussi, <strong>que toute manifestation cesse<\/strong>. Ces derniers ont fini par accepter.<\/p>\n<p class=\" wall-content\">\u00ab\u2009En r\u00e9alit\u00e9, un pr\u00e9c\u00e9dent entretien avait eu lieu <strong>il y a 15\u00a0jours\u2009\u00bb,<\/strong> pr\u00e9cise-t-elle. \u00ab\u2009C\u2019\u00e9tait un rendez-vous qui avait \u00e9t\u00e9 programm\u00e9 de longue date, bien avant qu\u2019ils soient \u00e9vacu\u00e9s du parc de Maurepas.\u2009\u00bb Lors de ce m\u00eame entretien, les quatre jeunes pr\u00e9sents <strong>\u00ab\u2009ne comprenaient pas pourquoi<\/strong> ils avaient \u00e9t\u00e9 <strong>jug\u00e9s majeurs,<\/strong> et non mineurs\u2009\u00bb lors de leur <strong>\u00e9valuation<\/strong> par les services du D\u00e9partement, r\u00e9sume la vice-pr\u00e9sidente. Tous et toutes sont actuellement <strong>en recours<\/strong> aupr\u00e8s du juge des enfants, afin de contester cette \u00e9valuation.<\/p>\n<blockquote class=\"ac-article-quote wall-content\">\n<p>Aujourd&rsquo;hui, je leur ai dit que je ne pouvais pas \u00eatre \u00e0 l&rsquo;\u00e9coute de leurs parcours, de leur histoire, que je n&rsquo;avais pas les solutions, que le cadre de la loi est celui-ci : l&rsquo;\u00c9tat est comp\u00e9tent en mati\u00e8re d&rsquo;h\u00e9bergement pour ces personnes exil\u00e9es majeures.<\/p>\n<p>    <strong>Anne-Fran\u00e7oise Courteille<\/strong><br \/>\n        Vice-pr\u00e9sidente au D\u00e9partement d\u00e9l\u00e9gu\u00e9e \u00e0 la protection de l\u2019enfance et \u00e0 la pr\u00e9vention\u2009    <\/p><\/blockquote>\n<p class=\" wall-content\">Comme le pr\u00e9cise la vice-pr\u00e9sidente, le statut de mineur non accompagn\u00e9 (MNA) repose sur <strong>\u00ab\u2009un statut juridique pr\u00e9cis\u2009\u00bb.<\/strong> S\u2019ils sont jug\u00e9s majeurs, lors de leur \u00e9valuation, alors les exil\u00e9s ne d\u00e9pendent pas du ressort du D\u00e9partement qui a comp\u00e9tence en mati\u00e8re de protection de l\u2019enfance, mais de l\u2019\u00c9tat. Cela tombe effectivement dans le domaine du droit commun applicable aux \u00e9trangers. <strong>Quand bien m\u00eame il existe un recours juridique.<\/strong><\/p>\n<p>\u00ab\u2009Au cas par cas\u2009\u00bb<\/p>\n<p class=\" wall-content\">\u00ab\u2009Nous avons des \u00e9changes tous les jours avec la Pr\u00e9fecture\u2009\u00bb, assure-t-elle, \u00ab\u2009nous sommes <strong>conscients<\/strong> que ces personnes se trouvent <strong>dans une grande d\u00e9tresse.\u2009\u00bb<\/strong><\/p>\n<p class=\" wall-content\">\u00ab\u00a0La Pr\u00e9fecture peut en effet intervenir si ces personnes pr\u00e9sentent <strong>\u00ab\u00a0un caract\u00e8re de vuln\u00e9rabilit\u00e9<\/strong>, \u00e0 savoir, par exemple, d\u2019avoir des enfants ou pr\u00e9senter un probl\u00e8me de sant\u00e9.\u00a0\u00bb\u00a0<\/p>\n<blockquote class=\"ac-article-quote wall-content\">\n<p>Mais comme il n&rsquo;y a pas pl\u00e9thore de logements, et que les solutions d&rsquo;h\u00e9bergement sont minces, compliqu\u00e9es, les situations s&rsquo;analysent au cas par cas. <\/p>\n<p>    <strong>Anne-Fran\u00e7oise Guillet<\/strong><br \/>\n        Vice-pr\u00e9sidente au D\u00e9partement d\u00e9l\u00e9gu\u00e9e \u00e0 la protection de l\u2019enfance et \u00e0 la pr\u00e9vention\u2009    <\/p><\/blockquote>\n<p>Le grand \u00e9cart des chiffres<\/p>\n<p>Selon le D\u00e9partement, en Ille-et-Vilaine, entre 18 et 20 % des recours se concluent par la reconnaissance de la minorit\u00e9 des personnes exil\u00e9es. Selon le collectif Utopia 56 Rennes, ce chiffre atteint 60 \u00e0 70 %.<\/p>\n<p>Le D\u00e9partement \u00ab\u2009ne fait rien\u2009\u00bb<\/p>\n<p class=\" wall-content\">Pour le Collectif, et l\u2019association Utopia 56, <strong>cet \u00e9change a \u00e9t\u00e9 \u00ab\u2009tr\u00e8s mal v\u00e9cu\u2009\u00bb ce jeudi,<\/strong> indique Fabien, coordinateur de l\u2019association.<\/p>\n<blockquote class=\"ac-article-quote wall-content\">\n<p>Le D\u00e9partement refuse toute ouverture. Le D\u00e9partement ne fait rien pour ces jeunes. Pourtant, la Convention internationale des droits de l&rsquo;enfant (CIDE) pr\u00e9cise que la pr\u00e9somption de minorit\u00e9 s&rsquo;applique et qu&rsquo;ils doivent \u00eatre prot\u00e9g\u00e9s jusqu&rsquo;\u00e0 preuve du contraire. Et le D\u00e9partement d\u00e9tient la comp\u00e9tence en mati\u00e8re de protection de l&rsquo;enfance.<\/p>\n<p>    <strong>Fabien<\/strong><br \/>\n        Coordinateur et salari\u00e9 de l&rsquo;association Utopia 56 Rennes    <\/p><\/blockquote>\n<p class=\" wall-content\">\u00ab\u2009La France est signataire de cette convention et <a href=\"https:\/\/news.un.org\/fr\/story\/2025\/10\/1157696#:~:text=La%20pr%C3%A9somption%20de%20minorit%C3%A9%20%E2%80%94%20cens%C3%A9e,&#039;%C3%A2ge%20ait%20%C3%A9t%C3%A9%20prise%20%C2%BB.\" target=\"_blank\" rel=\"noopener\">s\u2019est d\u00e9j\u00e0 faite \u00e9pingl\u00e9e \u00e0 ce sujet par l\u2019ONU\u2009\u00bb,<\/a> abonde Fabien.<\/p>\n<p class=\" wall-content\">Le jeune homme avance par ailleurs <strong>un probl\u00e8me de budget<\/strong>\u2009: \u00ab\u2009Nous savons que les d\u00e9partements sont en souffrance, car ils sont moins dot\u00e9s par l\u2019\u00c9tat. Pourquoi ne pas mener <strong>des accords tripartites<\/strong> avec la Pr\u00e9fecture et la Ville de Rennes, si c\u2019est une question de budget\u2009? Cela existe \u00e0 Lille, \u00e0 Lyon ou encore \u00e0 Tours. Et ce n\u2019est pas sans peine\u2009: c\u2019est parce qu\u2019il a des collectifs qui luttent pour.\u2009\u00bb<\/p>\n<p class=\" wall-content\">Le Collectif, ainsi que l\u2019association Utopia qui les accompagne, continueront de \u00ab\u2009clamer\u2009\u00bb la minorit\u00e9 des jeunes exil\u00e9s. \u00ab\u2009Ce soir, ils organisent <strong>de nouveau un rassemblement<\/strong> devant le D\u00e9partement\u2009\u00bb, indique Fabien. \u00ab\u2009Pour le reste des actions, on ne sait pas encore, ce sont eux qui d\u00e9cideront.\u2009\u00bb<\/p>\n<p class=\" wall-content\">Personnalisez votre actualit\u00e9 en ajoutant vos villes et m\u00e9dias en favori avec <a href=\"https:\/\/moncompte.actu.fr\" title=\"D\u00e9couvez Mon Actu\" rel=\"nofollow noopener\" data-trk=\"{&quot;cta&quot;:{&quot;action&quot;:&quot;https:\\\/\\\/moncompte.actu.fr&quot;,&quot;category&quot;:&quot;mon compte&quot;,&quot;from&quot;:&quot;article footer&quot;,&quot;name&quot;:&quot;Mon actu&quot;,&quot;type&quot;:&quot;cta&quot;}}\" target=\"_blank\">Mon Actu<\/a>.<\/p>\n","protected":false},"excerpt":{"rendered":"Par Laur\u00e8ne Fertin Publi\u00e9 le 27 nov. 2025 \u00e0 18h40 Ils sont moins d\u2019une trentaine \u00e0 avoir pass\u00e9&hellip;\n","protected":false},"author":2,"featured_media":563207,"comment_status":"","ping_status":"","sticky":false,"template":"","format":"standard","meta":{"footnotes":""},"categories":[2821],"tags":[1111,11,829,1777,674,1011,27,1251,12,584,25,104],"class_list":{"0":"post-563206","1":"post","2":"type-post","3":"status-publish","4":"format-standard","5":"has-post-thumbnail","7":"category-rennes","8":"tag-actu","9":"tag-actualites","10":"tag-bretagne","11":"tag-eu","12":"tag-europe","13":"tag-fr","14":"tag-france","15":"tag-migrants","16":"tag-news","17":"tag-rennes","18":"tag-republique-francaise","19":"tag-societe"},"share_on_mastodon":{"url":"https:\/\/pubeurope.com\/@fr\/115624052295302830","error":""},"_links":{"self":[{"href":"https:\/\/www.europesays.com\/fr\/wp-json\/wp\/v2\/posts\/563206","targetHints":{"allow":["GET"]}}],"collection":[{"href":"https:\/\/www.europesays.com\/fr\/wp-json\/wp\/v2\/posts"}],"about":[{"href":"https:\/\/www.europesays.com\/fr\/wp-json\/wp\/v2\/types\/post"}],"author":[{"embeddable":true,"href":"https:\/\/www.europesays.com\/fr\/wp-json\/wp\/v2\/users\/2"}],"replies":[{"embeddable":true,"href":"https:\/\/www.europesays.com\/fr\/wp-json\/wp\/v2\/comments?post=563206"}],"version-history":[{"count":0,"href":"https:\/\/www.europesays.com\/fr\/wp-json\/wp\/v2\/posts\/563206\/revisions"}],"wp:featuredmedia":[{"embeddable":true,"href":"https:\/\/www.europesays.com\/fr\/wp-json\/wp\/v2\/media\/563207"}],"wp:attachment":[{"href":"https:\/\/www.europesays.com\/fr\/wp-json\/wp\/v2\/media?parent=563206"}],"wp:term":[{"taxonomy":"category","embeddable":true,"href":"https:\/\/www.europesays.com\/fr\/wp-json\/wp\/v2\/categories?post=563206"},{"taxonomy":"post_tag","embeddable":true,"href":"https:\/\/www.europesays.com\/fr\/wp-json\/wp\/v2\/tags?post=563206"}],"curies":[{"name":"wp","href":"https:\/\/api.w.org\/{rel}","templated":true}]}}