{"id":563208,"date":"2025-11-27T22:36:18","date_gmt":"2025-11-27T22:36:18","guid":{"rendered":"https:\/\/www.europesays.com\/fr\/563208\/"},"modified":"2025-11-27T22:36:18","modified_gmt":"2025-11-27T22:36:18","slug":"transfert-a-20-me-manchester-united-arrive-a-rennes","status":"publish","type":"post","link":"https:\/\/www.europesays.com\/fr\/563208\/","title":{"rendered":"Transfert \u00e0 20 ME, Manchester United arrive \u00e0 Rennes"},"content":{"rendered":"<p><b>Jeune mais d\u00e9j\u00e0 taulier de la d\u00e9fense du Stade Rennais, J\u00e9r\u00e9my Jacquet est fortement courtis\u00e9 par Manchester United. Un transfert en fin de saison est envisag\u00e9. <\/b><\/p>\n<p>Le<a href=\"https:\/\/www.foot01.com\/rennes\" target=\"_self\" rel=\"noopener\"> Stade Rennais<\/a> a enfin trouv\u00e9 une p\u00e9riode de stabilit\u00e9 m\u00eame si l\u2019\u00e9quilibre reste fragile. La d\u00e9cision prise par Habib Beye de rappeler J\u00e9r\u00e9my Jacquet de son pr\u00eat \u00e0 Clermont au coeur de la saison derni\u00e8re aura \u00e9t\u00e9 d\u00e9cisive. Depuis, le joueur form\u00e9 chez les \u00ab Rouge et Noir\u00a0\u00bb est inamovible et repr\u00e9sente la tour de contr\u00f4le qui rassure son \u00e9quipe. Mais il va falloir d\u00e9sormais \u00eatre fort du c\u00f4t\u00e9 de Rennes pour r\u00e9sister aux assauts de Manchester United pour le natif de Bondy.\u00a0<\/p>\n<p>Ce dernier a certes prolong\u00e9 son contrat avec le club breton r\u00e9cemment, ce qui l\u2019emm\u00e8ne jusqu\u2019en juin 2029. De quoi donner un peu de marge. Mais la volont\u00e9 de Manchester United de recruter le solide d\u00e9fenseur fran\u00e7ais de 20 ans va mettre Rennes \u00e0 l\u2019\u00e9preuve. En effet, selon Marc Brus, journaliste chez CaughtOffside, les Red Devils veulent passer \u00e0 l\u2019action \u00e0 la fin de la saison pour aller chercher un joueur prometteur avant qu\u2019il ne soit hors de prix.<\/p>\n<p>L\u2019id\u00e9e est de mettre environ 20 millions d\u2019euros sur la table pour faire craquer le Stade Rennais et aller chercher un nouveau espoir de la Ligue 1, apr\u00e8s Leny Yoro en 2024. Pour les dirigeants de Manchester United, il y a en tout cas une place \u00e0 prendre en d\u00e9fense, o\u00f9 Harry Maguire est certes combattif et capable de marquer des buts pr\u00e9cieux, mais l\u2019international anglais n\u2019a clairement pas le niveau quand l\u2019adversit\u00e9 augmente.<\/p>\n<p>De quoi provoquer une nouvelle grosse vente \u00e0 Rennes, o\u00f9 il faudra vivre une belle saison et valider un billet europ\u00e9en au terme de la 34e journ\u00e9e pour \u00e9viter de perdre ses plus grands espoirs. Sans quoi, des joueurs comme J\u00e9r\u00e9my Jacquet risquent de regarder attentivement ce qu&rsquo;on leur propose ailleurs.  \u00a0<\/p>\n<p><img decoding=\"async\" src=\"https:\/\/www.europesays.com\/fr\/wp-content\/uploads\/2025\/11\/37631909.png\" alt=\"J. Jacquet\" class=\"w-16 h-16 object-cover rounded-full\"\/><\/p>\n<p>J. Jacquet<\/p>\n<p><img decoding=\"async\" src=\"https:\/\/www.europesays.com\/fr\/wp-content\/uploads\/2025\/09\/fr.png\" alt=\"France\" class=\"w-6 h-4 object-cover\"\/>France \u2022 \u00c2ge 20 \u2022 D\u00e9fenseur<\/p>\n","protected":false},"excerpt":{"rendered":"Jeune mais d\u00e9j\u00e0 taulier de la d\u00e9fense du Stade Rennais, J\u00e9r\u00e9my Jacquet est fortement courtis\u00e9 par Manchester United.&hellip;\n","protected":false},"author":2,"featured_media":563209,"comment_status":"","ping_status":"","sticky":false,"template":"","format":"standard","meta":{"footnotes":""},"categories":[2821],"tags":[1111,11,829,1777,674,1011,27,1434,12,70,584,25],"class_list":{"0":"post-563208","1":"post","2":"type-post","3":"status-publish","4":"format-standard","5":"has-post-thumbnail","7":"category-rennes","8":"tag-actu","9":"tag-actualites","10":"tag-bretagne","11":"tag-eu","12":"tag-europe","13":"tag-fr","14":"tag-france","15":"tag-mercato","16":"tag-news","17":"tag-premier-league","18":"tag-rennes","19":"tag-republique-francaise"},"share_on_mastodon":{"url":"https:\/\/pubeurope.com\/@fr\/115624057815351362","error":""},"_links":{"self":[{"href":"https:\/\/www.europesays.com\/fr\/wp-json\/wp\/v2\/posts\/563208","targetHints":{"allow":["GET"]}}],"collection":[{"href":"https:\/\/www.europesays.com\/fr\/wp-json\/wp\/v2\/posts"}],"about":[{"href":"https:\/\/www.europesays.com\/fr\/wp-json\/wp\/v2\/types\/post"}],"author":[{"embeddable":true,"href":"https:\/\/www.europesays.com\/fr\/wp-json\/wp\/v2\/users\/2"}],"replies":[{"embeddable":true,"href":"https:\/\/www.europesays.com\/fr\/wp-json\/wp\/v2\/comments?post=563208"}],"version-history":[{"count":0,"href":"https:\/\/www.europesays.com\/fr\/wp-json\/wp\/v2\/posts\/563208\/revisions"}],"wp:featuredmedia":[{"embeddable":true,"href":"https:\/\/www.europesays.com\/fr\/wp-json\/wp\/v2\/media\/563209"}],"wp:attachment":[{"href":"https:\/\/www.europesays.com\/fr\/wp-json\/wp\/v2\/media?parent=563208"}],"wp:term":[{"taxonomy":"category","embeddable":true,"href":"https:\/\/www.europesays.com\/fr\/wp-json\/wp\/v2\/categories?post=563208"},{"taxonomy":"post_tag","embeddable":true,"href":"https:\/\/www.europesays.com\/fr\/wp-json\/wp\/v2\/tags?post=563208"}],"curies":[{"name":"wp","href":"https:\/\/api.w.org\/{rel}","templated":true}]}}