{"id":563210,"date":"2025-11-27T22:37:20","date_gmt":"2025-11-27T22:37:20","guid":{"rendered":"https:\/\/www.europesays.com\/fr\/563210\/"},"modified":"2025-11-27T22:37:20","modified_gmt":"2025-11-27T22:37:20","slug":"un-marche-de-lartisanat-debarque-dans-22-jours-a-strasbourg","status":"publish","type":"post","link":"https:\/\/www.europesays.com\/fr\/563210\/","title":{"rendered":"un march\u00e9 de l&rsquo;artisanat d\u00e9barque dans 22 jours \u00e0 Strasbourg"},"content":{"rendered":"<p>    <img loading=\"lazy\" width=\"1800\" height=\"900\" src=\"https:\/\/www.europesays.com\/fr\/wp-content\/uploads\/2025\/11\/jeanne-callthepolice.jpg\" class=\"attachment-full size-full\" alt=\"\" id=\"imageLove\" decoding=\"async\"  \/><\/p>\n<p id=\"breadcrumbs\"><a href=\"https:\/\/pokaa.fr\/\" target=\"_blank\" rel=\"noopener\">Accueil<\/a> \/ <a href=\"https:\/\/pokaa.fr\/categories\/ses-sorties\/\" target=\"_blank\" rel=\"noopener\">Sorties<\/a> \/ Cadeaux de No\u00ebl : un march\u00e9 de l\u2019artisanat d\u00e9barque dans 22 jours \u00e0 Strasbourg<\/p>\n<p>                    Sorties<\/p>\n<p><b>Le temps file, le temps file\u2026 No\u00ebl approche \u00e0 grands pas, et tu trouves \u00e7a coton de faire des cadeaux ? Viens, on t\u2019aiguille : l\u2019association Laine et Lien organise la seconde \u00e9dition de son March\u00e9 de l\u2019Artisanat. D\u00e9coration, \u00e9dition, textile et accessoires : les 20 et 21 d\u00e9cembre, une vingtaine d\u2019artisan(e)s et artistes de Strasbourg t\u2019y pr\u00e9senteront leurs cr\u00e9ations. D\u00e9couverte.<\/b><\/p>\n<p>Si pour tes cadeaux de No\u00ebl, tu privil\u00e9gies l\u2019artisanat au made in China, tu es au bon endroit. Les <b>samedi 20 et dimanche 21 d\u00e9cembre<\/b> se tiendra<b> au FEC <\/b>(Foyer \u00c9tudiant Catholique) de Strasbourg, la<b> seconde \u00e9dition du March\u00e9 de l\u2019Artisanat<\/b>.<\/p>\n<p>C\u00e9ramique, verre souffl\u00e9, illustration ou \u00e9dition, cr\u00e9ations textiles (tissage, teinture v\u00e9g\u00e9tale), en tricot, en laine feutr\u00e9e, maroquinerie, bijouterie, menuiserie\u2026 <b>Pour le dernier week-end avant No\u00ebl, l\u2019association Laine et Lien y r\u00e9unira une vingtaine d\u2019artisan(e)s <\/b>et artistes de la r\u00e9gion.<\/p>\n<p>                <img width=\"500\" height=\"500\" src=\"https:\/\/www.europesays.com\/fr\/wp-content\/uploads\/2025\/11\/nadege-baumann-500x500.jpg\" class=\"attachment-gallery size-gallery\" alt=\"Nad\u00e8ge Baumann\" data-full-url=\"https:\/\/pokaa.fr\/wp-content\/uploads\/2025\/11\/24\/nadege-baumann.jpg\" decoding=\"async\" loading=\"lazy\"  \/>            <\/p>\n<p>                <img width=\"500\" height=\"500\" src=\"https:\/\/www.europesays.com\/fr\/wp-content\/uploads\/2025\/11\/nadege-baumann-2-500x500.jpg\" class=\"attachment-gallery size-gallery\" alt=\"Nad\u00e8ge Baumann\" data-full-url=\"https:\/\/pokaa.fr\/wp-content\/uploads\/2025\/11\/24\/nadege-baumann-2.jpg\" decoding=\"async\" loading=\"lazy\"  \/>            <\/p>\n<p>                <img width=\"429\" height=\"500\" src=\"https:\/\/www.europesays.com\/fr\/wp-content\/uploads\/2025\/11\/jeong-in-et-antonn-ospitaletche-429x500.jpg\" class=\"attachment-gallery size-gallery\" alt=\"Jeong-in\" data-full-url=\"https:\/\/pokaa.fr\/wp-content\/uploads\/2025\/11\/24\/jeong-in-et-antonn-ospitaletche.jpg\" decoding=\"async\" loading=\"lazy\"  \/>            <\/p>\n<p>                <img width=\"500\" height=\"500\" src=\"https:\/\/www.europesays.com\/fr\/wp-content\/uploads\/2025\/11\/collectif-sunny-camille-meyer-pauline-morel-500x500.jpg\" class=\"attachment-gallery size-gallery\" alt=\"Collectif Sunny Camille Meyer Pauline Morel\" data-full-url=\"https:\/\/pokaa.fr\/wp-content\/uploads\/2025\/11\/24\/collectif-sunny-camille-meyer-pauline-morel.jpg\" decoding=\"async\" loading=\"lazy\"  \/>            <\/p>\n<p>                    1. et 2. Nad\u00e8ge Baumann. \u00a9 Documents remis ; 3. Jeong-in. \u00a9 Document remis ; 4. Collectif Sunny (Camille Meyer, Pauline Morel). \u00a9 Document remis<\/p>\n<p>On y croisera, entre autres, <b>les cr\u00e9ations color\u00e9es de Nad\u00e8ge Baumann<\/b>, de <b>Jeong-in<\/b> ou du<b> Collectif Sunny <\/b>(compos\u00e9 de Camille Meyer et Pauline Morel), les bijoux de <b>Gueule de Louve<\/b>, ou la d\u00e9licate broderie d\u2019art d\u2019<b>Anne-Lise Mary<\/b>.<\/p>\n<p>En bref : de quoi tirer ton \u00e9pingle du jeu, et ravir famille et ami(e)s pendant les f\u00eates !<\/p>\n<p>                <img width=\"352\" height=\"500\" src=\"https:\/\/www.europesays.com\/fr\/wp-content\/uploads\/2025\/11\/julien-boulle1-352x500.jpg\" class=\"attachment-gallery size-gallery\" alt=\"Cadeaux de No\u00ebl : un march\u00e9 de l'artisanat d\u00e9barque dans 22 jours \u00e0 Strasbourg\" data-full-url=\"https:\/\/pokaa.fr\/wp-content\/uploads\/2025\/11\/24\/julien-boulle1.jpg\" decoding=\"async\" loading=\"lazy\"  \/>            <\/p>\n<p>                <img width=\"500\" height=\"500\" src=\"https:\/\/www.europesays.com\/fr\/wp-content\/uploads\/2025\/11\/marine-boutel1-500x500.jpg\" class=\"attachment-gallery size-gallery\" alt=\"Marine Boutel\" data-full-url=\"https:\/\/pokaa.fr\/wp-content\/uploads\/2025\/11\/24\/marine-boutel1.jpg\" decoding=\"async\" loading=\"lazy\"  \/>            <\/p>\n<p>                    1. Julien Boulle. \u00a9 Document remis ; 2. Marine Boutel. \u00a9 Document remis<\/p>\n<p>            March\u00e9 de l&rsquo;Artisanat par Laine et Lien \u2013 2e \u00e9dition<\/p>\n<p>            Quoi ? <\/p>\n<p>March\u00e9 de cr\u00e9ateurs et cr\u00e9atrices<\/p>\n<p>                Quand ?<\/p>\n<p>Samedi 20 (de 10h \u00e0 19h) et dimanche 21 d\u00e9cembre (de 10h \u00e0 18h)<\/p>\n<p>            o\u00f9 ?<\/p>\n<p>Au FEC (Foyer \u00c9tudiant Catholique), salle L\u00e9on XIII (au 1er \u00e9tage), 17 place Saint-Etienne, \u00e0 Strasbourg<\/p>\n<p>                Plus d&rsquo;infos ?<\/p>\n<p><a href=\"https:\/\/fb.me\/e\/6izrZ9Js1\" target=\"_blank\" rel=\"noopener\">L\u2019\u00e9v\u00e9nement Facebook<\/a><br \/><a href=\"https:\/\/www.instagram.com\/laine.et.lien\/?hl=en\" target=\"_blank\" rel=\"noopener\">Laine et Lien sur Instagram<\/a><br \/>Entr\u00e9e libre et petite restauration sur place<\/p>\n<p><script async src=\"\/\/www.instagram.com\/embed.js\"><\/script><\/p>\n","protected":false},"excerpt":{"rendered":"Accueil \/ Sorties \/ Cadeaux de No\u00ebl : un march\u00e9 de l\u2019artisanat d\u00e9barque dans 22 jours \u00e0 Strasbourg&hellip;\n","protected":false},"author":2,"featured_media":563211,"comment_status":"","ping_status":"","sticky":false,"template":"","format":"standard","meta":{"footnotes":""},"categories":[2820],"tags":[1111,11,3734,1477,67930,67931,4942,1777,674,67932,1011,27,775,67933,4555,12,25,640],"class_list":{"0":"post-563210","1":"post","2":"type-post","3":"status-publish","4":"format-standard","5":"has-post-thumbnail","7":"category-strasbourg","8":"tag-actu","9":"tag-actualites","10":"tag-art","11":"tag-artisanat","12":"tag-cadeaux-de-noel","13":"tag-consommer-autrement","14":"tag-creation","15":"tag-eu","16":"tag-europe","17":"tag-fec","18":"tag-fr","19":"tag-france","20":"tag-grand-est","21":"tag-laine-et-lien","22":"tag-local","23":"tag-news","24":"tag-republique-francaise","25":"tag-strasbourg"},"share_on_mastodon":{"url":"https:\/\/pubeurope.com\/@fr\/115624061630011502","error":""},"_links":{"self":[{"href":"https:\/\/www.europesays.com\/fr\/wp-json\/wp\/v2\/posts\/563210","targetHints":{"allow":["GET"]}}],"collection":[{"href":"https:\/\/www.europesays.com\/fr\/wp-json\/wp\/v2\/posts"}],"about":[{"href":"https:\/\/www.europesays.com\/fr\/wp-json\/wp\/v2\/types\/post"}],"author":[{"embeddable":true,"href":"https:\/\/www.europesays.com\/fr\/wp-json\/wp\/v2\/users\/2"}],"replies":[{"embeddable":true,"href":"https:\/\/www.europesays.com\/fr\/wp-json\/wp\/v2\/comments?post=563210"}],"version-history":[{"count":0,"href":"https:\/\/www.europesays.com\/fr\/wp-json\/wp\/v2\/posts\/563210\/revisions"}],"wp:featuredmedia":[{"embeddable":true,"href":"https:\/\/www.europesays.com\/fr\/wp-json\/wp\/v2\/media\/563211"}],"wp:attachment":[{"href":"https:\/\/www.europesays.com\/fr\/wp-json\/wp\/v2\/media?parent=563210"}],"wp:term":[{"taxonomy":"category","embeddable":true,"href":"https:\/\/www.europesays.com\/fr\/wp-json\/wp\/v2\/categories?post=563210"},{"taxonomy":"post_tag","embeddable":true,"href":"https:\/\/www.europesays.com\/fr\/wp-json\/wp\/v2\/tags?post=563210"}],"curies":[{"name":"wp","href":"https:\/\/api.w.org\/{rel}","templated":true}]}}