{"id":563212,"date":"2025-11-27T22:38:24","date_gmt":"2025-11-27T22:38:24","guid":{"rendered":"https:\/\/www.europesays.com\/fr\/563212\/"},"modified":"2025-11-27T22:38:24","modified_gmt":"2025-11-27T22:38:24","slug":"strasbourg-soffre-crystal-palace-et-se-retrouve-deuxieme","status":"publish","type":"post","link":"https:\/\/www.europesays.com\/fr\/563212\/","title":{"rendered":"Strasbourg s&rsquo;offre Crystal Palace et se retrouve deuxi\u00e8me"},"content":{"rendered":"<p>Tombeur de Crystal Palace (2-1), l&rsquo;un des favoris \u00e0 la victoire finale en Ligue Conf\u00e9rence, Strasbourg s&rsquo;est affirm\u00e9 comme l&rsquo;un des pr\u00e9tendants au titre jeudi soir \u00e0 la Meinau.<\/p>\n<p>Devant leur public, les Alsaciens avaient pourtant conc\u00e9d\u00e9 l&rsquo;ouverture du score contre les Anglais, Tyrick Mitchell pla\u00e7ant son \u00e9quipe en t\u00eate \u00e0 la 35e minute.<\/p>\n<p>Emegha en bon capitaine<\/p>\n<p>Mais les joueurs de Liam Rosenior n&rsquo;avaient pas dit leur dernier mot. Devant son public, le capitaine du Racing Emmanuel Emegha a d&rsquo;abord remis les deux \u00e9quipes \u00e0 \u00e9galit\u00e9 au retour des vestiaires (53e). Et alors que les Eagles ont failli reprendre les commandes dans cette partie, la transversale sauvant les Alsaciens \u00e0 la 60e minute sur une frappe de\u00a0Wharton, c&rsquo;est un enfant du club qui a d\u00e9livr\u00e9 tout un stade.<\/p>\n<p>Sur un coup franc tir\u00e9 par Julio Enciso sur l&rsquo;\u00e9querre\u00a0de la cage de Dean Henderson, Samir El Mourabet a \u00e9t\u00e9 vigilant pour reprendre le ballon dans la surface et le pousser au fond des filets (77e).<\/p>\n<p>Ce contenu est bloqu\u00e9 car vous n&rsquo;avez pas accept\u00e9 les cookies et autres traceurs.<\/p>\n<p>En cliquant sur \u00ab J\u2019accepte \u00bb, les cookies et autres traceurs seront d\u00e9pos\u00e9s et vous pourrez visualiser les contenus  (<a href=\"\" class=\"consentModule_policy\" target=\"_blank\" title=\"Consulter la politique de protection des donn\u00e9es du fournisseur\">plus d&rsquo;informations<\/a>).<\/p>\n<p>En cliquant sur \u00ab J\u2019accepte tous les cookies \u00bb, vous autorisez des d\u00e9p\u00f4ts de cookies et autres traceurs pour le stockage de vos donn\u00e9es sur nos sites et applications \u00e0 des fins de personnalisation et de ciblage publicitaire.<\/p>\n<p class=\"consentModule_secondaryText\">Vous gardez la possibilit\u00e9 de retirer votre consentement \u00e0 tout moment en consultant notre <a href=\"https:\/\/www.ledauphine.com\/protection-des-donnees\" target=\"_blank\" title=\"Consulter notre politique de protection des donn\u00e9es\" rel=\"noopener\">politique de protection des donn\u00e9es<\/a>. <br \/>&#13;<br \/>\n            <a href=\"https:\/\/www.ledauphine.com\/sport\/2025\/11\/27\/javascript:Didomi.notice.show()\" class=\"consentModule_cmp\" target=\"_blank\" rel=\"noopener\">G\u00e9rer mes choix<\/a>&#13;\n        <\/p>\n<p>&#13;<br \/>\n                        J&rsquo;accepte&#13;<br \/>\n            J&rsquo;accepte tous les cookies&#13;\n        <\/p>\n<p>Le Marocain, qui jouait l&rsquo;ann\u00e9e derni\u00e8re avec les U19 du club strasbourgeois, a fait chavirer la Meinau. Gr\u00e2ce \u00e0 ce succ\u00e8s, le RCSA remonte \u00e0 la deuxi\u00e8me place du classement, \u00e0 \u00e9galit\u00e9 de points (10) avec le leader Samsunspor.<\/p>\n","protected":false},"excerpt":{"rendered":"Tombeur de Crystal Palace (2-1), l&rsquo;un des favoris \u00e0 la victoire finale en Ligue Conf\u00e9rence, Strasbourg s&rsquo;est affirm\u00e9&hellip;\n","protected":false},"author":2,"featured_media":563213,"comment_status":"","ping_status":"","sticky":false,"template":"","format":"standard","meta":{"footnotes":""},"categories":[2820],"tags":[1111,11,1777,674,107,63,1011,27,775,12,25,517,1947,640],"class_list":{"0":"post-563212","1":"post","2":"type-post","3":"status-publish","4":"format-standard","5":"has-post-thumbnail","7":"category-strasbourg","8":"tag-actu","9":"tag-actualites","10":"tag-eu","11":"tag-europe","12":"tag-fil-info","13":"tag-football","14":"tag-fr","15":"tag-france","16":"tag-grand-est","17":"tag-news","18":"tag-republique-francaise","19":"tag-sport","20":"tag-sport-national","21":"tag-strasbourg"},"share_on_mastodon":{"url":"https:\/\/pubeurope.com\/@fr\/115624063993211047","error":""},"_links":{"self":[{"href":"https:\/\/www.europesays.com\/fr\/wp-json\/wp\/v2\/posts\/563212","targetHints":{"allow":["GET"]}}],"collection":[{"href":"https:\/\/www.europesays.com\/fr\/wp-json\/wp\/v2\/posts"}],"about":[{"href":"https:\/\/www.europesays.com\/fr\/wp-json\/wp\/v2\/types\/post"}],"author":[{"embeddable":true,"href":"https:\/\/www.europesays.com\/fr\/wp-json\/wp\/v2\/users\/2"}],"replies":[{"embeddable":true,"href":"https:\/\/www.europesays.com\/fr\/wp-json\/wp\/v2\/comments?post=563212"}],"version-history":[{"count":0,"href":"https:\/\/www.europesays.com\/fr\/wp-json\/wp\/v2\/posts\/563212\/revisions"}],"wp:featuredmedia":[{"embeddable":true,"href":"https:\/\/www.europesays.com\/fr\/wp-json\/wp\/v2\/media\/563213"}],"wp:attachment":[{"href":"https:\/\/www.europesays.com\/fr\/wp-json\/wp\/v2\/media?parent=563212"}],"wp:term":[{"taxonomy":"category","embeddable":true,"href":"https:\/\/www.europesays.com\/fr\/wp-json\/wp\/v2\/categories?post=563212"},{"taxonomy":"post_tag","embeddable":true,"href":"https:\/\/www.europesays.com\/fr\/wp-json\/wp\/v2\/tags?post=563212"}],"curies":[{"name":"wp","href":"https:\/\/api.w.org\/{rel}","templated":true}]}}