{"id":563214,"date":"2025-11-27T22:39:15","date_gmt":"2025-11-27T22:39:15","guid":{"rendered":"https:\/\/www.europesays.com\/fr\/563214\/"},"modified":"2025-11-27T22:39:15","modified_gmt":"2025-11-27T22:39:15","slug":"operation-coup-de-poing-ce-jeudi-contre-les-mauvais-comportements-routiers-sur-le-bord-de-mer","status":"publish","type":"post","link":"https:\/\/www.europesays.com\/fr\/563214\/","title":{"rendered":"op\u00e9ration coup de poing ce jeudi contre les mauvais comportements routiers sur le bord de mer"},"content":{"rendered":"<p class=\"fs-5 \">Un contr\u00f4le routier in\u00e9dit par son ampleur s\u2019est d\u00e9roul\u00e9, jeudi 27 novembre 2025, \u00e0 l\u2019ouest du Var. \u00ab Exceptionnel de par son amplitude horaire et au regard du nombre d\u2019effectifs mobilis\u00e9s \u00bb, confirme le commissaire S\u00e9bastien Laroze, qui dirigeait le dispositif.<\/p>\n<p class=\"fs-5 \">Une trentaine de policiers nationaux qui, pour l\u2019occasion, avaient re\u00e7u le renfort de leurs coll\u00e8gues municipaux de Saint-Laurent-du-Var.<\/p>\n<p class=\"fs-5 \">L\u2019op\u00e9ration coup de poing ne concernait d\u2019ailleurs pas que cette commune : des contr\u00f4les ont aussi eu lieu \u00e0 Cagnes-sur-Mer, ville endeuill\u00e9e en septembre par un accident mortel.<\/p>\n<p class=\"fs-5 \">Sur l\u2019ensemble du secteur, pr\u00e8s de 60 bless\u00e9s graves \u00e0 tr\u00e8s graves sont \u00e0 d\u00e9plorer depuis le d\u00e9but de l\u2019ann\u00e9e. Le plus souvent \u00e0 cause de comportements dangereux : changements de voie, refus de priorit\u00e9, vitesse excessive\u2026<\/p>\n<p class=\"fs-5 \">Ce contr\u00f4le visait justement \u00e0 r\u00e9primer les conduites \u00e0 risque. Notamment gr\u00e2ce \u00e0 l\u2019engagement, au c\u0153ur m\u00eame du flux, d\u2019effectifs banalis\u00e9s et de la nouvelle voiture radar dont s\u2019est dot\u00e9 le d\u00e9partement il y a un mois.<\/p>\n<p class=\"fs-5 \">R\u00e9sultat : 173 contraventions et 14 interpellations en dix heures de contr\u00f4le.<\/p>\n<p class=\"fs-5 \">Si les moyens engag\u00e9s \u00e9taient exceptionnels, cette op\u00e9ration n\u2019\u00e9tait en r\u00e9alit\u00e9 qu\u2019un coup de semonce. \u00ab Les contr\u00f4les vont se multiplier \u00e0 l\u2019approche des f\u00eates \u00bb, pr\u00e9vient le commissaire Laroze.<\/p>\n","protected":false},"excerpt":{"rendered":"Un contr\u00f4le routier in\u00e9dit par son ampleur s\u2019est d\u00e9roul\u00e9, jeudi 27 novembre 2025, \u00e0 l\u2019ouest du Var. \u00ab&hellip;\n","protected":false},"author":2,"featured_media":563215,"comment_status":"","ping_status":"","sticky":false,"template":"","format":"standard","meta":{"footnotes":""},"categories":[2819],"tags":[1111,11,1777,674,1011,27,12,2401,882,25],"class_list":{"0":"post-563214","1":"post","2":"type-post","3":"status-publish","4":"format-standard","5":"has-post-thumbnail","7":"category-nice","8":"tag-actu","9":"tag-actualites","10":"tag-eu","11":"tag-europe","12":"tag-fr","13":"tag-france","14":"tag-news","15":"tag-nice","16":"tag-provence-alpes-cote-dazur","17":"tag-republique-francaise"},"share_on_mastodon":{"url":"https:\/\/pubeurope.com\/@fr\/115624067964646118","error":""},"_links":{"self":[{"href":"https:\/\/www.europesays.com\/fr\/wp-json\/wp\/v2\/posts\/563214","targetHints":{"allow":["GET"]}}],"collection":[{"href":"https:\/\/www.europesays.com\/fr\/wp-json\/wp\/v2\/posts"}],"about":[{"href":"https:\/\/www.europesays.com\/fr\/wp-json\/wp\/v2\/types\/post"}],"author":[{"embeddable":true,"href":"https:\/\/www.europesays.com\/fr\/wp-json\/wp\/v2\/users\/2"}],"replies":[{"embeddable":true,"href":"https:\/\/www.europesays.com\/fr\/wp-json\/wp\/v2\/comments?post=563214"}],"version-history":[{"count":0,"href":"https:\/\/www.europesays.com\/fr\/wp-json\/wp\/v2\/posts\/563214\/revisions"}],"wp:featuredmedia":[{"embeddable":true,"href":"https:\/\/www.europesays.com\/fr\/wp-json\/wp\/v2\/media\/563215"}],"wp:attachment":[{"href":"https:\/\/www.europesays.com\/fr\/wp-json\/wp\/v2\/media?parent=563214"}],"wp:term":[{"taxonomy":"category","embeddable":true,"href":"https:\/\/www.europesays.com\/fr\/wp-json\/wp\/v2\/categories?post=563214"},{"taxonomy":"post_tag","embeddable":true,"href":"https:\/\/www.europesays.com\/fr\/wp-json\/wp\/v2\/tags?post=563214"}],"curies":[{"name":"wp","href":"https:\/\/api.w.org\/{rel}","templated":true}]}}