{"id":563216,"date":"2025-11-27T22:41:21","date_gmt":"2025-11-27T22:41:21","guid":{"rendered":"https:\/\/www.europesays.com\/fr\/563216\/"},"modified":"2025-11-27T22:41:21","modified_gmt":"2025-11-27T22:41:21","slug":"lentraineur-de-logc-nice-franck-haise-a-propose-detre-lelectrochoc-apres-la-defaite-contre-lom","status":"publish","type":"post","link":"https:\/\/www.europesays.com\/fr\/563216\/","title":{"rendered":"L\u2019entra\u00eeneur de l\u2019OGC Nice Franck Haise a propos\u00e9 \u00ab\u00a0d\u2019\u00eatre l\u2019\u00e9lectrochoc\u00a0\u00bb apr\u00e8s la d\u00e9faite contre l\u2019OM"},"content":{"rendered":"<p class=\"fs-5 \">Emp\u00eatr\u00e9 dans une crise de r\u00e9sultats, qui cr\u00e9e aussi des remous en interne, l\u2019OGC Nice a poursuivi son calvaire en Ligue Europa ce jeudi soir \u00e0 Porto, o\u00f9 il a \u00e9t\u00e9 battu 3-0.<\/p>\n<p class=\"fs-5 \">Le coach Franck Haise a r\u00e9v\u00e9l\u00e9 en conf\u00e9rence d\u2019apr\u00e8s-match qu\u2019il avait propos\u00e9 \u00e0 ses dirigeants \u00ab\u00a0d\u2019\u00eatre l\u2019\u00e9lectrochoc\u00a0\u00bb apr\u00e8s le lourd revers contre Marseille vendredi dernier (1-5).<\/p>\n<p>            <img src=\"https:\/\/www.europesays.com\/fr\/wp-content\/uploads\/2025\/11\/e6345ab_upload-1-izgxosg6iqqa-dambin.jpg\"   loading=\"lazy\" decoding=\"async\" alt=\"Dante n\u2019a pas sauv\u00e9 les Ni\u00e7ois d\u2019une cinqui\u00e8me d\u00e9faite dans cette campagne de Ligue Europa.\" class=\"img-fluid position-absolute w-100 object-fit-cover rounded-2\" width=\"600\" height=\"400\"\/><\/p>\n<p class=\"fs-5 \">La journ\u00e9e de mardi a \u00e9t\u00e9 riche en \u00e9changes au centre d\u2019entra\u00eenement de l\u2019OGC Nice.<\/p>\n<p class=\"fs-5 \">Entre Franck Haise et ses joueurs, qui ne go\u00fbtent pas toujours \u00e0 sa communication.<\/p>\n<p class=\"fs-5 \">Entre l\u2019entra\u00eeneur et ses cadres. Mais aussi avec ses dirigeants. Le coach a ainsi r\u00e9v\u00e9l\u00e9 \u00e0 la presse ce jeudi soir avoir \u00e9voqu\u00e9 un \u00e9ventuel limogeage, comme une potentielle solution aux difficult\u00e9s actuelles du Gym, apr\u00e8s la claque re\u00e7ue vendredi contre l\u2019OM (1-5).<\/p>\n<p class=\"fs-5 \">\u00ab\u00a0Je fais un m\u00e9tier passionnant, celui que j\u2019ai choisi et que j\u2019adore. Mais il y a des moments difficiles, les dirigeants peuvent vous le dire, je leur ai propos\u00e9 que je pouvais \u00eatre l\u2019\u00e9lectrochoc apr\u00e8s Marseille. Si c\u2019est la solution je suis pr\u00eat \u00e0 l\u2019accepter. Semble-t-il, \u00e0 date, que ce n\u2019\u00e9tait\u00a0pas la solution\u00a0\u00bb, a d\u00e9clar\u00e9 Haise.<\/p>\n<p class=\"fs-5 \">Et d\u2019ajouter\u00a0: \u00ab\u00a0Si je dois \u00eatre le fusible, je le serai pour le bien du club. Je me bats, avec mes armes. Je ne d\u00e9missionnerai jamais, j\u2019ai ouvert la conversation simplement.\u00a0\u00bb<\/p>\n<p class=\"fs-5 \">A date et alors que Franck Haise a prolong\u00e9 cet \u00e9t\u00e9 jusqu\u2019en 2029, l\u2019OGC Nice n\u2019a a priori ni les moyens ni l\u2019envie de se s\u00e9parer de son entra\u00eeneur, qui va devoir trouver la cl\u00e9 pour relancer son \u00e9quipe, attendue au tournant dimanche \u00e0 Lorient apr\u00e8s cinq revers de rang toutes comp\u00e9titions confondues.<\/p>\n","protected":false},"excerpt":{"rendered":"Emp\u00eatr\u00e9 dans une crise de r\u00e9sultats, qui cr\u00e9e aussi des remous en interne, l\u2019OGC Nice a poursuivi son&hellip;\n","protected":false},"author":2,"featured_media":563217,"comment_status":"","ping_status":"","sticky":false,"template":"","format":"standard","meta":{"footnotes":""},"categories":[2819],"tags":[1111,11,1777,674,1011,27,12,2401,54521,882,25],"class_list":{"0":"post-563216","1":"post","2":"type-post","3":"status-publish","4":"format-standard","5":"has-post-thumbnail","7":"category-nice","8":"tag-actu","9":"tag-actualites","10":"tag-eu","11":"tag-europe","12":"tag-fr","13":"tag-france","14":"tag-news","15":"tag-nice","16":"tag-ogcnice","17":"tag-provence-alpes-cote-dazur","18":"tag-republique-francaise"},"share_on_mastodon":{"url":"https:\/\/pubeurope.com\/@fr\/115624076833630742","error":""},"_links":{"self":[{"href":"https:\/\/www.europesays.com\/fr\/wp-json\/wp\/v2\/posts\/563216","targetHints":{"allow":["GET"]}}],"collection":[{"href":"https:\/\/www.europesays.com\/fr\/wp-json\/wp\/v2\/posts"}],"about":[{"href":"https:\/\/www.europesays.com\/fr\/wp-json\/wp\/v2\/types\/post"}],"author":[{"embeddable":true,"href":"https:\/\/www.europesays.com\/fr\/wp-json\/wp\/v2\/users\/2"}],"replies":[{"embeddable":true,"href":"https:\/\/www.europesays.com\/fr\/wp-json\/wp\/v2\/comments?post=563216"}],"version-history":[{"count":0,"href":"https:\/\/www.europesays.com\/fr\/wp-json\/wp\/v2\/posts\/563216\/revisions"}],"wp:featuredmedia":[{"embeddable":true,"href":"https:\/\/www.europesays.com\/fr\/wp-json\/wp\/v2\/media\/563217"}],"wp:attachment":[{"href":"https:\/\/www.europesays.com\/fr\/wp-json\/wp\/v2\/media?parent=563216"}],"wp:term":[{"taxonomy":"category","embeddable":true,"href":"https:\/\/www.europesays.com\/fr\/wp-json\/wp\/v2\/categories?post=563216"},{"taxonomy":"post_tag","embeddable":true,"href":"https:\/\/www.europesays.com\/fr\/wp-json\/wp\/v2\/tags?post=563216"}],"curies":[{"name":"wp","href":"https:\/\/api.w.org\/{rel}","templated":true}]}}