{"id":563219,"date":"2025-11-27T22:43:25","date_gmt":"2025-11-27T22:43:25","guid":{"rendered":"https:\/\/www.europesays.com\/fr\/563219\/"},"modified":"2025-11-27T22:43:25","modified_gmt":"2025-11-27T22:43:25","slug":"9h-de-fete-completement-dejantee-ce-week-end-a-nantes-big-city-nantes","status":"publish","type":"post","link":"https:\/\/www.europesays.com\/fr\/563219\/","title":{"rendered":"9h de f\u00eate compl\u00e8tement d\u00e9jant\u00e9e ce week-end \u00e0 Nantes\u00a0 \u2013 Big City Nantes"},"content":{"rendered":"<p>Pr\u00e9pare-toi :\u00a0<strong>samedi 29 novembre,<\/strong> <strong>l\u2019auberge des Bains Douches\u00a0<\/strong>t\u2019embarque dans une nuit compl\u00e8tement d\u00e9jant\u00e9e, cr\u00e9ative et impr\u00e9visible organis\u00e9e par le\u00a0Club Loisirs Action Jeunesse.\u00a0<strong><a href=\"https:\/\/www.bigcitynantes.fr\/que-faire-a-nantes\/la-nuit-des-bains-douches-2\/\" target=\"_blank\" rel=\"noreferrer noopener\">La Nuit des Bains Douches #2<\/a><\/strong>, c\u2019est 9h hors du temps avec des dizaines de surprises\u2026 Un conte murmur\u00e9, une soupe magique, un DJ set sauvage ou un film \u00e0 trois heures du mat\u2019. Bref : une nuit o\u00f9 tu vas vivre 1000 vies. Big City t\u2019en dit plus\u2026 \ud83d\ude09<\/p>\n<p>Rendez-vous \u00e0 La Nuits des Bains Douches #2 le samedi 29 novembre de 19h \u00e0 4h du mat\u2019 pour vivre des activit\u00e9s toute la nuit<br \/>\n<img loading=\"lazy\" decoding=\"async\" width=\"1160\" height=\"580\" src=\"https:\/\/www.europesays.com\/fr\/wp-content\/uploads\/2025\/11\/auberge-3-1160x580.jpg\" alt=\"Nuit des Bains douches\" class=\"wp-image-129147\"   data-pagespeed-url-hash=\"103859523\" onload=\"pagespeed.CriticalImages.checkImageForCriticality(this);\"\/>Cr\u00e9dit : \u00a9 Auberge des bains douches \u2014 Nuit des Bains douches<\/p>\n<p><strong>Les Bains Douches<\/strong>, c\u2019est LE spot du\u00a0quartier Bellevue\u2013Chantenay\u2013Sainte-Anne\u00a0o\u00f9 tu te sens \u00e0 la maison. Une auberge associative chaleureuse, un peu vintage, et pleine de vie. Le <strong>samedi 29 novembre<\/strong>, la nuit ne sera pas juste une suite d\u2019activit\u00e9s mais <strong>une immersion dans\u00a0un m\u00e9lange des genres\u00a0<\/strong>que tu vas kiffer <strong>de 19h \u00e0 04h du mat<\/strong> !<\/p>\n<p><strong>Entre Projections, dj, danse, costumerie, magie, contes, chansons, concours de soupe, divagations urbaines, siestes sonores\u2026<\/strong> Tu risques pas de t\u2019ennuyer, le tout accompagn\u00e9 de d\u00e9gustations, de collations et d\u2019un bar pour arroser la soir\u00e9e \ud83c\udf19<\/p>\n<p><img loading=\"lazy\" decoding=\"async\" width=\"1160\" height=\"580\" src=\"https:\/\/www.europesays.com\/fr\/wp-content\/uploads\/2025\/11\/auberge-2-1160x580.jpg\" alt=\"Nuit des Bains douches\" class=\"wp-image-129146\"   data-pagespeed-url-hash=\"4060369648\" onload=\"pagespeed.CriticalImages.checkImageForCriticality(this);\"\/>Cr\u00e9dit : \u00a9 Auberge des Bains douches \u2014 Nuit des Bains douches<\/p>\n<p>\ud83d\udce3\u00a0Ouverture des portes \u00e0 19h\u00a0<\/p>\n<p><strong>Non stop de 19h \u00e0 23h<\/strong>, participe \u00e0 un\u00a0cadavre exquis\u00a0vid\u00e9o qui sera projet\u00e9 \u00e0 la fin !<\/p>\n<p><strong>D\u00e8s 19h\u00a0<\/strong>: lancement du\u00a0<strong>concours de soupe<\/strong>\u00a0! Le jury, constitu\u00e9 de personnes expertes en tout et rien, sera aussi d\u00e9cal\u00e9 que la soir\u00e9e et pas s\u00fbr qu\u2019il y ai des r\u00e8gles du jeu\u2026 Mais tu peux t\u2019inscrire avec le nom de la pr\u00e9paration que tu veux pr\u00e9senter au concours.<br \/>Contact pour l\u2019inscription : <a href=\"https:\/\/www.bigcitynantes.fr\/actu\/dj-set-contes-et-concours-de-soupes-9h-de-fete-completement-dejantee-ce-week-end-a-nantes\/mailto:contact@aubergelesbainsdouches.fr\" target=\"_blank\" rel=\"noopener\">contact@aubergelesbainsdouches.fr<\/a><\/p>\n<p><strong>\u00c0 19h30<\/strong>, la Costumerie Vagabonde te replonge dans l\u2019\u00e9motion de la malle \u00e0 costumes avec son\u00a0<strong>grand bal costum\u00e9<\/strong>\u00a0! Tu n\u2019auras plus qu\u2019\u00e0 choisir pour \u00eatre le mieux sap\u00e9 \ud83d\udc83<\/p>\n<p><strong>De 20h \u00e0 23h<\/strong>, laisse toi embarquer par l\u2019un des\u00a0petits rendez-vous\u00a0dans l\u2019intimit\u00e9 des chambres : <strong>Chansons \u00e0 l\u2019oreille, wagon d\u2019histoires, tour de magie\u2026<\/strong> Ton ticket te donne l\u2019acc\u00e8s \u00e0 l\u2019une de ces activit\u00e9s mais les \u00e9changes sont autoris\u00e9s \ud83d\ude09\u00a0<\/p>\n<p><strong>Et de 21h et jusqu\u2019\u00e0 00h<\/strong>, le\u00a0<strong>Big Boiseau Sound System<\/strong> va venir t\u2019ambiancer ! Ces amoureux de la galette te feront bouger sur une s\u00e9lection rock, rap et chanson fran\u00e7aise \ud83c\udfa7<\/p>\n<p><strong>Deux d\u00e9parts en balade \u00e0 23h et 01h<\/strong>\u00a0: divagations urbaines depuis les Bains Douches en grenouille vers des d\u00e9ambulations chantenaysiennes.<\/p>\n<p>Continue la soir\u00e9e avec <strong>les projections de\u00a001h \u00e0 03h<\/strong>. Les films du Tonnerre t\u2019installent dans leur\u00a0cin\u00e9 club. Autorisation de piquer du nez autoris\u00e9 seulement \u00e0 ce moment ! Transats, Mochis glac\u00e9s et Pop corn \u00e0 volont\u00e9\u2026 \ud83c\udf7f<\/p>\n<p><strong>Vers 03h<\/strong>, \u00e7a sent la fin et l\u2019oignon\u2026 D\u00e9gustation de\u00a0<strong>soupe \u00e0 l\u2019oignon\u00a0<\/strong>avec le doux son des vinyles \u00e0 Lolo<\/p>\n<p>Et ne t\u2019inqui\u00e8te pas si tu ne tiens pas toute la soir\u00e9e : des espaces pour te reposer sont dispo partout. Tu pourras m\u00eame \u00eatre berc\u00e9.e au casque gr\u00e2ce \u00e0 la selection de documentaires sonores \ud83d\ude34<br \/>Mais pour tenir le maximum, plein de gourmandises nocturnes t\u2019attendent avec un bar, ap\u00e9ro, vin, boissons chaudes et tartinades !<\/p>\n<p>Avec toutes ces activit\u00e9s, tu es r\u00f4d\u00e9 pour la soir\u00e9e ! <strong>Construis ton parcours<\/strong> et profite d\u2019une immersion nocturne <strong>compl\u00e8tement unique<\/strong>. Mais n\u2019oublie pas de t\u2019\u00e9quiper : duvet et oreiller pour les pauses, bonnet et bottes pour les balades et un peu de monnaie pour le bar ! <\/p>\n<p>Alors, pr\u00eat pour tenir du petit soir au petit matin ? \ud83c\udf24\ufe0f<\/p>\n","protected":false},"excerpt":{"rendered":"Pr\u00e9pare-toi :\u00a0samedi 29 novembre, l\u2019auberge des Bains Douches\u00a0t\u2019embarque dans une nuit compl\u00e8tement d\u00e9jant\u00e9e, cr\u00e9ative et impr\u00e9visible organis\u00e9e par&hellip;\n","protected":false},"author":2,"featured_media":563220,"comment_status":"","ping_status":"","sticky":false,"template":"","format":"standard","meta":{"footnotes":""},"categories":[2818],"tags":[1111,11,1777,674,1011,27,766,12,2636,25],"class_list":{"0":"post-563219","1":"post","2":"type-post","3":"status-publish","4":"format-standard","5":"has-post-thumbnail","7":"category-nantes","8":"tag-actu","9":"tag-actualites","10":"tag-eu","11":"tag-europe","12":"tag-fr","13":"tag-france","14":"tag-nantes","15":"tag-news","16":"tag-pays-de-la-loire","17":"tag-republique-francaise"},"share_on_mastodon":{"url":"https:\/\/pubeurope.com\/@fr\/115624085236392675","error":""},"_links":{"self":[{"href":"https:\/\/www.europesays.com\/fr\/wp-json\/wp\/v2\/posts\/563219","targetHints":{"allow":["GET"]}}],"collection":[{"href":"https:\/\/www.europesays.com\/fr\/wp-json\/wp\/v2\/posts"}],"about":[{"href":"https:\/\/www.europesays.com\/fr\/wp-json\/wp\/v2\/types\/post"}],"author":[{"embeddable":true,"href":"https:\/\/www.europesays.com\/fr\/wp-json\/wp\/v2\/users\/2"}],"replies":[{"embeddable":true,"href":"https:\/\/www.europesays.com\/fr\/wp-json\/wp\/v2\/comments?post=563219"}],"version-history":[{"count":0,"href":"https:\/\/www.europesays.com\/fr\/wp-json\/wp\/v2\/posts\/563219\/revisions"}],"wp:featuredmedia":[{"embeddable":true,"href":"https:\/\/www.europesays.com\/fr\/wp-json\/wp\/v2\/media\/563220"}],"wp:attachment":[{"href":"https:\/\/www.europesays.com\/fr\/wp-json\/wp\/v2\/media?parent=563219"}],"wp:term":[{"taxonomy":"category","embeddable":true,"href":"https:\/\/www.europesays.com\/fr\/wp-json\/wp\/v2\/categories?post=563219"},{"taxonomy":"post_tag","embeddable":true,"href":"https:\/\/www.europesays.com\/fr\/wp-json\/wp\/v2\/tags?post=563219"}],"curies":[{"name":"wp","href":"https:\/\/api.w.org\/{rel}","templated":true}]}}