{"id":563223,"date":"2025-11-27T22:45:42","date_gmt":"2025-11-27T22:45:42","guid":{"rendered":"https:\/\/www.europesays.com\/fr\/563223\/"},"modified":"2025-11-27T22:45:42","modified_gmt":"2025-11-27T22:45:42","slug":"franchement-je-suis-heureuse","status":"publish","type":"post","link":"https:\/\/www.europesays.com\/fr\/563223\/","title":{"rendered":"Franchement, je suis heureuse !"},"content":{"rendered":"<p class=\"article__intro\">Pour rapprocher Lyon de Bordeaux, la SNCF a annonc\u00e9 ce jeudi 27 novembre, une liaison TGV entre les deux villes et desservira les villes de Poitiers et d&rsquo;Angoul\u00eame. Les Picto-Charentais rient, les Limousins pleurent.<\/p>\n<p>\n      L\u2019actu des r\u00e9gions\n    <\/p>\n<p>\n      Chaque jour, un tour d\u2019horizon des principales infos de toutes les r\u00e9gions.\n    <\/p>\n<p>    France T\u00e9l\u00e9visions utilise votre adresse e-mail afin de vous envoyer la newsletter \u00ab\u00a0L\u2019actu des r\u00e9gions\u00a0\u00bb. Vous pouvez vous d\u00e9sinscrire \u00e0 tout moment via le lien en bas de cette newsletter. <a target=\"_blank\" href=\"https:\/\/www.francetelevisions.fr\/groupe\/confidentialite\/politique-de-confidentialite\/politique-de-confidentialite-de-france-televisions-6503\" rel=\"noopener\">Notre politique de confidentialit\u00e9<\/a><\/p>\n<p>En ce jeudi 27 novembre 2025, les habitants de la c\u00f4te atlantique voient un vieux r\u00eave se concr\u00e9tiser : Bordeaux sera bient\u00f4t \u00e0 cinq heures de train de Lyon ! \u00ab\u00a0Nous ouvrirons une liaison Lyon-Bordeaux au plus tard mi-2027 avec des arr\u00eats pr\u00e9vus \u00e0 Massy ,en Ile-de-France, Saint-Pierre des Corps pr\u00e8s de Tours, Poitiers et Angoul\u00eame\u00a0\u00bb, a d\u00e9clar\u00e9 \u00e0 la presse J\u00e9r\u00f4me Laffon, directeur Ouigo au sein de SNCF Voyageurs, lors d&rsquo;une pr\u00e9sentation \u00e0 la presse.<\/p>\n<p>Crois\u00e9e \u00e0 la gare de Poitiers, cette voyageuse s&rsquo;en r\u00e9jouit d\u00e9j\u00e0 : \u00ab\u00a0Cela m&rsquo;int\u00e9resse particuli\u00e8rement parce que, demain, je dois justement \u00eatre \u00e0 Lyon-Part-Dieu. Je m&rsquo;arr\u00eate \u00e0 Paris cette nuit, car aucune correspondance ne convient \u00e0 mes horaires. Si vous me dites que, demain, il y a un train direct&#8230; Franchement ? Je serais heureuse !\u00a0\u00bb <\/p>\n<p>Ce ne sera pas demain, mais l&rsquo;entreprise ferroviaire s&rsquo;engage \u00e0 mettre sur les rails une rame d&rsquo;une capacit\u00e9 de 1\u00a0288\u00a0places d&rsquo;ici \u00e0 deux ans. \u00ab\u00a0Ce nouveau train est l\u00e0 pour r\u00e9pondre \u00e0 une demande forte de mobilit\u00e9 \u00e0 grande vitesse entre Bordeaux et Lyon, explique Franck Dubourdieu, le directeur de TGV Atlantique. \u00ab\u00a0Comme il marquera des arr\u00eats \u00e0 Saint-Pierre-des-Corps, Poitiers, Angoul\u00eame, c&rsquo;est bien tout le nord Aquitaine qui va en b\u00e9n\u00e9ficier.\u00a0\u00bb<\/p>\n<p><a data-article-figure=\"\" href=\"https:\/\/france3-regions.franceinfo.fr\/image\/KHy-AEEpOi5oJKSRhYcF0hYCymo\/1920x1080\/regions\/2025\/11\/27\/ftv4719-00-00-04-10-69288002f2c1e587512626.jpg\" data-pswp-width=\"1920\" data-pswp-height=\"1080\" target=\"_blank\" rel=\"noopener\"><\/p>\n<p>          <img width=\"600\" height=\"400\" class=\"article-image lazy\" data-src=\"https:\/\/www.europesays.com\/fr\/wp-content\/uploads\/2025\/11\/ftv4719-00-00-04-10-69288002f2c1e587512626.jpg\" alt=\"Bient\u00f4t, les voyageurs pourront rallier Bordeaux \u00e0 Lyon en 5 heures.\" fetchpriority=\"high\" as=\"image\"\/><\/p>\n<p>\n            Bient\u00f4t, les voyageurs pourront rallier Bordeaux \u00e0 Lyon en 5 heures.<br \/>\n                           \u2022<br \/>\n                                      \u00a9 Romain Burot &#8211; France T\u00e9l\u00e9visions\n                      <\/p>\n<p><\/a><\/p>\n<p>Le nouveau PDG de la SNCF, et ancien Premier pinistre, Jean Castex, soutient le projet : \u00ab\u00a0Il faut le faire parce que cela r\u00e9pond \u00e0 une demande\u00a0\u00bb, a-t-il expliqu\u00e9 \u00e0 l&rsquo;Agence France Presse en d\u00e9but de semaine, en marge d&rsquo;un d\u00e9placement \u00e0 S\u00e8te (H\u00e9rault).<\/p>\n<blockquote class=\"ftvi_content_quote\">\n<p class=\"ftvi_citation_quote\">Si vous me dites que ,demain, il y a un train direct&#8230; Franchement ? Je serais heureuse !<\/p>\n<\/blockquote>\n<p>Avec cette nouvelle ligne, la fa\u00e7ade atlantique se rapproche des c\u00f4tes du Rh\u00f4ne. \u00ab\u00a0Ce sera tr\u00e8s int\u00e9ressant pour l&rsquo;\u00e9cologie et avantageux pour les vacances, se r\u00e9jouit Mohamed, un voyageur attendant son train \u00e0 la gare de Poitiers. Il n&rsquo;y aura plus besoin de prendre sa voiture.\u00a0\u00bb L&rsquo;offre int\u00e9ressera autant une client\u00e8le touristique que professionnelle. La SNCF vise d&rsquo;ailleurs un million de voyageurs sur ce trajet \u00e0 terme. \u00ab\u00a0Avec un billet sur deux \u00e0 moins de 30 euros\u00a0\u00bb, J\u00e9r\u00f4me Laffon compte absorber une partie du trafic a\u00e9rien et routier.<\/p>\n<p>L&rsquo;autre nouveaut\u00e9, c&rsquo;est une ligne TGV entre Tours et Bordeaux, passant par Poitiers et Angoul\u00eame. Sa mise en service, annonc\u00e9e d\u00e8s d\u00e9cembre 2026, permettra aux voyageurs du Grand Ouest d&rsquo;arriver dans la capitale d\u00e8s huit heures du matin et d&rsquo;en repartir \u00e0 20h15 : \u00ab\u00a0C&rsquo;\u00e9tait une demande des \u00e9lus et des travailleurs qui voulaient arriver avant 9h et pouvoir passer une vraie, longue journ\u00e9e sur place\u00a0\u00bb, explique Franck Dubourdieu.<\/p>\n<p><a data-article-figure=\"\" href=\"https:\/\/france3-regions.franceinfo.fr\/image\/t6jM4tR_XVoR-eiR3gAFVyffy9E\/1920x1080\/regions\/2025\/11\/27\/ftv4706-00-00-07-08-692880669e45b720680795.jpg\" data-pswp-width=\"1920\" data-pswp-height=\"1080\" target=\"_blank\" rel=\"noopener\"><\/p>\n<p>          <img width=\"600\" height=\"400\" class=\"article-image lazy\" data-src=\"https:\/\/www.europesays.com\/fr\/wp-content\/uploads\/2025\/11\/ftv4706-00-00-07-08-692880669e45b720680795.jpg\" alt=\"D'ici 2030, il y aura 30% de rames de TGV Ouigo en plus en circulation, assure la SNCF.\" fetchpriority=\"high\" as=\"image\"\/><\/p>\n<p>\n            D&rsquo;ici 2030, il y aura 30% de rames de TGV Ouigo en plus en circulation, assure la SNCF.<br \/>\n                           \u2022<br \/>\n                                      \u00a9 Romain Burot &#8211; France T\u00e9l\u00e9visions\n                      <\/p>\n<p><\/a><\/p>\n<p>Pour tenir la cadence, Ouigo va passer de 38 \u00e0 50\u00a0rames en circulation. Le directeur des trains TGV et Intercit\u00e9s a fait ses calculs : \u00ab\u00a0D&rsquo;ici \u00e0 2030, nous allons avoir 30\u00a0% de rames en plus, 30\u00a0% de places de plus et 30\u00a0% de voyageurs en plus sur le r\u00e9seau Ouigo\u00a0\u00bb. Certains voyageurs restent sceptiques devant ces annonces. \u00ab\u00a0Il faudrait d\u00e9j\u00e0 respecter les horaires sur les lignes existantes\u00a0\u00bb, soupire Youcef. \u00ab\u00a0Dans les pays europ\u00e9ens et asiatiques, il n&rsquo;y a pas de tels retards. On sent que c&rsquo;est d\u00e9grad\u00e9.\u00a0\u00bb<\/p>\n<p>Le trac\u00e9 de ce futur Lyon-Bordeaux \u00e9vite totalement le Limousin, le Centre et l&rsquo;Auvergne, ce qui contrarie les \u00e9lus et voyageurs de cette r\u00e9gion. \u00ab\u00a0Il n&rsquo;y a m\u00eame plus de liaison r\u00e9guli\u00e8re entre Clermont-Ferrand et Saint-\u00c9tienne, et aucune desserte non plus entre Saint-Etienne et Limoges\u00a0\u00bb, critique Marc Goutteroze, pr\u00e9sident du collectif Aurail qui regroupe une vingtaine d&rsquo;associations de d\u00e9fense du ferroviaire de la r\u00e9gion Auvergne-Rh\u00f4ne-Alpes. \u00ab\u00a0Ce que nous voulons, c&rsquo;est l&rsquo;installation d&rsquo;un train Intercit\u00e9s (non TGV) qui passe par les voies existantes entre Lyon et Bordeaux, et permettrait d&rsquo;irriguer beaucoup d&rsquo;autres villes\u00a0\u00bb. Cette situation a m\u00eame \u00e9t\u00e9 d\u00e9nonc\u00e9 par Florent M\u00e9negaux, le PDG du groupe Michelin dont le si\u00e8ge est \u00e0 Clermont-Ferrand, qui consid\u00e8re que sa ville fait partie du \u00ab\u00a0tiers-monde ferroviaire\u00a0\u00bb. Jean Castex, l&rsquo;actuel PDG de la SNCF, a promis de se pencher sur le dossier.<\/p>\n<blockquote class=\"ftvi_content_quote\">\n<p class=\"ftvi_citation_quote\">La nouvelle desserte, entre Bordeaux et Lyon, est une desserte \u00e0 grande vitesse. Cette liaison n&rsquo;est pas possible, en passant par le Massif central, vu l&rsquo;\u00e9tat des infrastructures.<\/p>\n<p>Marc Dubourdieu<\/p>\n<p class=\"ftvi_citation_source\">Directeur de TGV Atlantique<\/p>\n<\/blockquote>\n<p>Dans l&rsquo;imm\u00e9diat, \u00ab\u00a0la nouvelle desserte que l&rsquo;on op\u00e8re entre Bordeaux et Lyon est une desserte \u00e0 grande vitesse, avec des trains destin\u00e9s \u00e0 circuler \u00e0 300 km\/h, explique Marc Dubourdieu. Cette liaison n&rsquo;est pas possible (en passant par le Massif central) vu l&rsquo;\u00e9tat des infrastructures.\u00a0\u00bb Depuis l&rsquo;abandon du train Intercit\u00e9s Lyon-Bordeaux qui passait par l&rsquo;Auvergne et le Limousin et qui a fini lourdement d\u00e9ficitaire, la SNCF ne veut pas relancer cette ligne.\u00a0\u00bb En 2019, une coop\u00e9rative ferroviaire avait d&rsquo;ailleurs lanc\u00e9 un projet, avant d&rsquo;y renoncer.<\/p>\n<\/p>\n<p>Reste une solution : mettre en place un \u00ab\u00a0train d&rsquo;\u00e9quilibre du territoire\u00a0\u00bb. L&rsquo;\u00c9tat pourrait d\u00e9cider, en tant qu&rsquo;autorit\u00e9 organisatrice, de cr\u00e9er des lignes ferroviaires structurantes, n\u00e9cessaires \u00e0 la population. D\u00e9ficitaires, elles b\u00e9n\u00e9ficient de financements publics.<\/p>\n","protected":false},"excerpt":{"rendered":"Pour rapprocher Lyon de Bordeaux, la SNCF a annonc\u00e9 ce jeudi 27 novembre, une liaison TGV entre les&hellip;\n","protected":false},"author":2,"featured_media":563224,"comment_status":"","ping_status":"","sticky":false,"template":"","format":"standard","meta":{"footnotes":""},"categories":[2817],"tags":[1111,11,1997,1777,674,1011,27,12,2219,25],"class_list":{"0":"post-563223","1":"post","2":"type-post","3":"status-publish","4":"format-standard","5":"has-post-thumbnail","7":"category-bordeaux","8":"tag-actu","9":"tag-actualites","10":"tag-bordeaux","11":"tag-eu","12":"tag-europe","13":"tag-fr","14":"tag-france","15":"tag-news","16":"tag-nouvelle-aquitaine","17":"tag-republique-francaise"},"share_on_mastodon":{"url":"https:\/\/pubeurope.com\/@fr\/115624091539158504","error":""},"_links":{"self":[{"href":"https:\/\/www.europesays.com\/fr\/wp-json\/wp\/v2\/posts\/563223","targetHints":{"allow":["GET"]}}],"collection":[{"href":"https:\/\/www.europesays.com\/fr\/wp-json\/wp\/v2\/posts"}],"about":[{"href":"https:\/\/www.europesays.com\/fr\/wp-json\/wp\/v2\/types\/post"}],"author":[{"embeddable":true,"href":"https:\/\/www.europesays.com\/fr\/wp-json\/wp\/v2\/users\/2"}],"replies":[{"embeddable":true,"href":"https:\/\/www.europesays.com\/fr\/wp-json\/wp\/v2\/comments?post=563223"}],"version-history":[{"count":0,"href":"https:\/\/www.europesays.com\/fr\/wp-json\/wp\/v2\/posts\/563223\/revisions"}],"wp:featuredmedia":[{"embeddable":true,"href":"https:\/\/www.europesays.com\/fr\/wp-json\/wp\/v2\/media\/563224"}],"wp:attachment":[{"href":"https:\/\/www.europesays.com\/fr\/wp-json\/wp\/v2\/media?parent=563223"}],"wp:term":[{"taxonomy":"category","embeddable":true,"href":"https:\/\/www.europesays.com\/fr\/wp-json\/wp\/v2\/categories?post=563223"},{"taxonomy":"post_tag","embeddable":true,"href":"https:\/\/www.europesays.com\/fr\/wp-json\/wp\/v2\/tags?post=563223"}],"curies":[{"name":"wp","href":"https:\/\/api.w.org\/{rel}","templated":true}]}}