{"id":563233,"date":"2025-11-27T22:56:19","date_gmt":"2025-11-27T22:56:19","guid":{"rendered":"https:\/\/www.europesays.com\/fr\/563233\/"},"modified":"2025-11-27T22:56:19","modified_gmt":"2025-11-27T22:56:19","slug":"au-dome-de-marseille-helena-a-poursuivi-sa-folle-ascension","status":"publish","type":"post","link":"https:\/\/www.europesays.com\/fr\/563233\/","title":{"rendered":"Au D\u00f4me de Marseille, Helena a poursuivi sa folle ascension"},"content":{"rendered":"<p>Il y a un an, le D\u00f4me la d\u00e9couvrait pendant la tourn\u00e9e de<a href=\"https:\/\/www.laprovence.com\/article\/culture-loisirs\/11784394457940\/une-experience-memorable-une-choriste-de-manosque-a-paris-pour-chanter-sur-le-plateau-de-la-star-academy\" target=\"_blank\" rel=\"noopener\"> la Star Ac&rsquo;<\/a>. Hier soir, Helena plongeait dans une salle dont l&rsquo;affluence tutoyant les 8\u00a0000 fans lui incombait pleinement. Si elle n&rsquo;a pas gagn\u00e9 le t\u00e9l\u00e9crochet, battue en demi-finale par Pierre Garnier, la trajectoire de la chanteuse n&rsquo;en est pas moins vertigineuse. Un premier album \u00e0 succ\u00e8s, H\u00e9l\u00e9, et une tourn\u00e9e des Z\u00e9nith qui la conduisait devant son public marseillais arriv\u00e9 tr\u00e8s en avance. Et dans la fosse, chaque centim\u00e8tre carr\u00e9 \u00e9tait convoit\u00e9.<\/p>\n<p>Une fa\u00e7on de communier un peu plus fort avec <a href=\"https:\/\/www.laprovence.com\/article\/region\/46161862783099\/la-chanteuse-helena-a-fait-sensation-samedi-5-juillet-au-chateau-de-lemperi-a-salon-de-provence\" target=\"_blank\" rel=\"noopener\">la chanteuse belge<\/a>, et surtout de rentrer dans son univers. Celui d&rsquo;une femme \u00e2g\u00e9e de 23 ans seulement, qui doit faire face au succ\u00e8s express et ses bouleversements. Alors Helena s&rsquo;\u00e9poumonait, dans sa vie, \u00ab\u00a0Tout a chang\u00e9\u00a0\u00bb (Rien n&rsquo;a chang\u00e9). Sa personnalit\u00e9 r\u00eaveuse en qu\u00eate \u00ab\u00a0d&rsquo;\u00e9toiles dans les yeux\u00a0\u00bb, chant\u00e9es sur Aim\u00e9e pour de vrai, est intacte. Tout comme son amour de la musique, racont\u00e9 sur Mon piano et moi, l&rsquo;instrument qui a chang\u00e9 sa vie.\u00a0<\/p>\n<p><img alt=\"Helena, sur la sc\u00e8ne du D\u00f4me de Marseille ce jeudi soir.\" loading=\"lazy\" decoding=\"async\" data-nimg=\"fill\" class=\" TwicCore_img__i9TC1 undefined  undefined\" style=\"position:absolute;height:100%;width:100%;left:0;top:0;right:0;bottom:0;color:transparent;background-size:cover;background-position:50% 50%;background-repeat:no-repeat;background-image:url(&quot;data:image\/svg+xml;charset=utf-8,%3Csvg xmlns='http:\/\/www.w3.org\/2000\/svg' %3E%3Cfilter id='b' color-interpolation-filters='sRGB'%3E%3CfeGaussianBlur stdDeviation='20'\/%3E%3CfeColorMatrix values='1 0 0 0 0 0 1 0 0 0 0 0 1 0 0 0 0 0 100 -1' result='s'\/%3E%3CfeFlood x='0' y='0' width='100%25' height='100%25'\/%3E%3CfeComposite operator='out' in='s'\/%3E%3CfeComposite in2='SourceGraphic'\/%3E%3CfeGaussianBlur stdDeviation='20'\/%3E%3C\/filter%3E%3Cimage width='100%25' height='100%25' x='0' y='0' preserveAspectRatio='none' style='filter: url(%23b);' href='https:\/\/pictures.laprovence.com\/cdn-cgi\/image\/blur=250\/media\/melody\/2025\/11\/27\/concert-de-la-chanteuse-helena-au-dome-de-marseille-musique-271125fpt03-1764280658_0acad558c82962ecad558c82902dadv_.jpg'\/%3E%3C\/svg%3E&quot;)\"   src=\"https:\/\/www.europesays.com\/fr\/wp-content\/uploads\/2025\/11\/concert-de-la-chanteuse-helena-au-dome-de-marseille-musique-271125fpt03-1764280658_0acad558c82962eca.jpeg\"\/>Helena, sur la sc\u00e8ne du D\u00f4me de Marseille ce jeudi soir. \/ Photo Franck PENNANT<\/p>\n<p>\u00ab\u00a0Mais aujourd&rsquo;hui, c&rsquo;est mon piano et vous\u00a0\u00bb, lan\u00e7ait-elle \u00e0 un public avec lequel elle prend un plaisir \u00e9vident \u00e0 s&rsquo;amuser. Et ce dernier le lui rendait \u00e0 souhait, comme elle pouvait le constater :\u00a0\u00ab\u00a0J&rsquo;ai vu au loin &lsquo;H\u00e9l\u00e9 ma g\u00e2t\u00e9e&rsquo;, c&rsquo;est la meilleure des pancartes.\u00a0\u00bb Avant de flatter la ville qui la recevait, o\u00f9 elle s&rsquo;est \u00ab\u00a0un peu promen\u00e9e et c&rsquo;est vrai que c&rsquo;est joli. \u00c7a m&rsquo;a fait du bien de voir la mer\u00a0\u00bb. De quoi amener en douceur le moment d&rsquo;\u00e9motion de la soir\u00e9e, quand Helena allait chanteur au c\u0153ur de la fosse En boule, partag\u00e9e avec Coline, une jeune fan.<\/p>\n<p>Le droit de se sentir mal, les crises d&rsquo;angoisse et le manque de sommeil calm\u00e9s \u00e0 la M\u00e9latonine, ou encore les relations amoureuses&#8230; Des th\u00e8mes qui font le sel d&rsquo;une pop sucr\u00e9e, \u00e0 laquelle s&rsquo;identifiait le tr\u00e8s jeune public et les nombreuses mamans. Tout comme le titre Summer Body, dont le \u00ab\u00a0J&rsquo;vais pas me g\u00e2cher la vie pour plaire \u00e0 je sais pas qui\u00a0\u00bb \u00e9tait repris en ch\u0153ur.<\/p>\n<p>Juv\u00e9niles dans le style, virant m\u00eame \u00e0 la guimauve sur Gentil gar\u00e7on, les textes co\u00e9crits par <a href=\"https:\/\/www.laprovence.com\/article\/culture-loisirs\/62979075786022\/nrj-music-awards-2025-lenie-helena-pierre-les-anciens-de-la-star-academy-triomphent-les-moments-forts-de-la-soiree\" target=\"_blank\" rel=\"noopener\">la chanteuse \u00e2g\u00e9e de 23 ans <\/a>et Vincha f\u00e9d\u00e9raient n\u00e9anmoins l&rsquo;ensemble des spectateurs. Ce qu&rsquo;illustrait le hit Mauvais gar\u00e7on, d\u00e9crivant la tourmente d&rsquo;une femme face \u00e0 la masculinit\u00e9 toxique.<\/p>\n<p>Helena avait promis de \u00ab\u00a0r\u00e9parer les c\u0153urs\u00a0\u00bb, ceux de ses fans \u00e9taient sans doute plus l\u00e9gers apr\u00e8s 1 h 45 de concert. Dont les petites touches de technologie, \u00e0 l&rsquo;image du dialogue par vocaux entre Helena et son fr\u00e8re, embellissaient l&rsquo;ensemble.<\/p>\n","protected":false},"excerpt":{"rendered":"Il y a un an, le D\u00f4me la d\u00e9couvrait pendant la tourn\u00e9e de la Star Ac&rsquo;. Hier soir,&hellip;\n","protected":false},"author":2,"featured_media":563234,"comment_status":"","ping_status":"","sticky":false,"template":"","format":"standard","meta":{"footnotes":""},"categories":[2814],"tags":[17,1111,11,25159,251,11390,1777,674,14898,1011,27,5094,884,12,12332,882,25],"class_list":{"0":"post-563233","1":"post","2":"type-post","3":"status-publish","4":"format-standard","5":"has-post-thumbnail","7":"category-marseille","8":"tag-17","9":"tag-actu","10":"tag-actualites","11":"tag-ascension","12":"tag-culture","13":"tag-dome","14":"tag-eu","15":"tag-europe","16":"tag-folle","17":"tag-fr","18":"tag-france","19":"tag-helena","20":"tag-marseille","21":"tag-news","22":"tag-poursuivi","23":"tag-provence-alpes-cote-dazur","24":"tag-republique-francaise"},"share_on_mastodon":{"url":"https:\/\/pubeurope.com\/@fr\/115624136151628697","error":""},"_links":{"self":[{"href":"https:\/\/www.europesays.com\/fr\/wp-json\/wp\/v2\/posts\/563233","targetHints":{"allow":["GET"]}}],"collection":[{"href":"https:\/\/www.europesays.com\/fr\/wp-json\/wp\/v2\/posts"}],"about":[{"href":"https:\/\/www.europesays.com\/fr\/wp-json\/wp\/v2\/types\/post"}],"author":[{"embeddable":true,"href":"https:\/\/www.europesays.com\/fr\/wp-json\/wp\/v2\/users\/2"}],"replies":[{"embeddable":true,"href":"https:\/\/www.europesays.com\/fr\/wp-json\/wp\/v2\/comments?post=563233"}],"version-history":[{"count":0,"href":"https:\/\/www.europesays.com\/fr\/wp-json\/wp\/v2\/posts\/563233\/revisions"}],"wp:featuredmedia":[{"embeddable":true,"href":"https:\/\/www.europesays.com\/fr\/wp-json\/wp\/v2\/media\/563234"}],"wp:attachment":[{"href":"https:\/\/www.europesays.com\/fr\/wp-json\/wp\/v2\/media?parent=563233"}],"wp:term":[{"taxonomy":"category","embeddable":true,"href":"https:\/\/www.europesays.com\/fr\/wp-json\/wp\/v2\/categories?post=563233"},{"taxonomy":"post_tag","embeddable":true,"href":"https:\/\/www.europesays.com\/fr\/wp-json\/wp\/v2\/tags?post=563233"}],"curies":[{"name":"wp","href":"https:\/\/api.w.org\/{rel}","templated":true}]}}