{"id":563253,"date":"2025-11-27T23:08:13","date_gmt":"2025-11-27T23:08:13","guid":{"rendered":"https:\/\/www.europesays.com\/fr\/563253\/"},"modified":"2025-11-27T23:08:13","modified_gmt":"2025-11-27T23:08:13","slug":"poutine-dit-a-trump-ce-quil-veut-entendre-mais-reste-inflexible","status":"publish","type":"post","link":"https:\/\/www.europesays.com\/fr\/563253\/","title":{"rendered":"Poutine dit \u00e0 Trump ce qu\u2019il veut entendre, mais reste inflexible"},"content":{"rendered":"<p>Vladimir Poutine a d\u00e9clar\u00e9 jeudi que les grandes lignes du plan am\u00e9ricain pour l&rsquo;Ukraine pourraient servir de base \u00e0 de \u00ab\u00a0futurs accords\u00a0\u00bb visant \u00e0 mettre fin au conflit, tout en excluant de signer un document avec les autorit\u00e9s \u00ab\u00a0ill\u00e9gitimes\u00a0\u00bb de Kiev et en affirmant que l&rsquo;avanc\u00e9e des forces russes s&rsquo;acc\u00e9l\u00e8re. Une fa\u00e7on de caresser Donald Trump dans le sens du poil, tout en restant inflexible.<\/p>\n<p>Le minist\u00e8re russe de la D\u00e9fense avait d\u00e9clar\u00e9, plus t\u00f4t dans la journ\u00e9e, que les troupes russes avaient\u00a0progress\u00e9 dans la partie nord de la ville de Pokrovsk, ce que le chef d&rsquo;\u00e9tat-major de l&rsquo;arm\u00e9e ukrainienne a contest\u00e9, affirmant que les r\u00e9centes attaques russes ont \u00e9t\u00e9 repouss\u00e9es et que Moscou doit puiser dans ses r\u00e9serves pour poursuivre l&rsquo;assaut. L&rsquo;arm\u00e9e ukrainienne a indiqu\u00e9 avoir repouss\u00e9\u00a057\u00a0assauts russes sur le front de Pokrovsk au cours des derni\u00e8res 24\u00a0heures et\u00a0a dit poursuivre\u00a0les combats dans\u00a0le p\u00e9rim\u00e8tre de\u00a0la ville\u00a0r\u00e9duite \u00e0 l&rsquo;\u00e9tat de ruines.<\/p>\n<p>\u00c0 LIRE AUSSI <strong class=\"strong\"><a href=\"https:\/\/www.lepoint.fr\/monde\/nous-avons-fait-de-gros-progres-les-coulisses-du-plan-de-paix-de-trump-racontees-par-un-negociateur-ukrainien-27-11-2025-2604135_24.php\" title=\"\u00ab\u00a0L&#039;humeur n&#039;\u00e9tait pas bonne\u00a0\u00bb\u00a0: les coulisses du\u00a0plan de paix de Trump racont\u00e9es par un n\u00e9gociateur ukrainien\" style=\"text-decoration: none; color: inherit;\" data-gtm=\"click:capsule\" data-capsule=\"\u00c0 lire aussi\" target=\"_blank\" rel=\"noopener\">\u00ab\u00a0L&rsquo;humeur n&rsquo;\u00e9tait pas bonne\u00a0\u00bb\u00a0: les coulisses du\u00a0plan de paix de Trump racont\u00e9es par un n\u00e9gociateur ukrainien<\/a><\/strong>Les forces russes ont accentu\u00e9 la pression en\u00a0plusieurs points de la ligne de front, notamment dans les r\u00e9gions de Donetsk, Dnipropetrovsk et Zaporijjia, alors que les \u00c9tats-Unis poussent en faveur d&rsquo;un plan de paix destin\u00e9 \u00e0 mettre fin au conflit le plus meurtrier en Europe depuis la Seconde Guerre mondiale.<\/p>\n<p>Moscou consid\u00e8re que la prise de Pokrovsk, qualifi\u00e9e par les m\u00e9dias russes de \u00ab\u00a0porte d&rsquo;entr\u00e9e vers Donetsk\u00a0\u00bb, lui offrirait une base solide pour progresser vers les deux principales villes encore contr\u00f4l\u00e9es par Kiev dans la r\u00e9gion\u00a0: Kramatorsk et Sloviansk. Fort des avanc\u00e9es, m\u00eame modestes, de son arm\u00e9e, Vladimir Poutine campe sur ses revendications.<\/p>\n<p>\u00ab\u00a0L&rsquo;Ukraine restera ferme sur ses positions\u00a0\u00bb<\/p>\n<p>En d\u00e9placement jeudi \u00e0 Bichkek, la capitale du Kirghizistan, il a une nouvelle fois exig\u00e9 pour mettre fin \u00e0 la guerre que Kiev retire ses troupes de l&rsquo;ensemble des territoires ukrainiens revendiqu\u00e9s par Moscou. \u00ab\u00a0Les troupes ukrainiennes doivent se retirer des territoires qu&rsquo;elles occupent, et alors les combats cesseront. Si elles ne partent pas, nous y parviendrons par la force des armes. C&rsquo;est tout\u00a0\u00bb, a d\u00e9clar\u00e9 le pr\u00e9sident russe.<\/p>\n<p>Vladimir Poutine a n\u00e9anmoins pris soin de ne pas froisser Donald Trump en d\u00e9clarant que le plan r\u00e9cemment mis sur la table par les Am\u00e9ricains pouvait \u00ab\u00a0servir de base \u00e0 de futurs accords\u00a0\u00bb et que les discussions avec Washington allaient continuer, Steve Witkoff, l&rsquo;\u00e9missaire du pr\u00e9sident am\u00e9ricain, \u00e9tant attendu prochainement \u00e0 Moscou.<\/p>\n<p>Le Kremlin a dit \u00e0 plusieurs reprises que le plan Trump pouvait servir de base aux discussions dans sa forme originale, tr\u00e8s proche des attentes russes, tout en jugeant contre-productives et inacceptables les contre-propositions de Kiev\u00a0et de ses alli\u00e9s europ\u00e9ens. Vladimir Poutine s&rsquo;est f\u00e9licit\u00e9 jeudi que Washington ait pris en compte la position de la <a class=\"Link\" href=\"https:\/\/www.lepoint.fr\/tags\/russie\" data-gtm=\"click:capsule\" data-capsule=\"Lien\" target=\"_blank\" rel=\"noopener\">Russie<\/a>, ajoutant toutefois que les autorit\u00e9s ukrainiennes sont \u00ab\u00a0ill\u00e9gitimes\u00a0\u00bb et qu&rsquo;il ne pourrait donc pas signer d&rsquo;accord de paix avec elles. Il est essentiel qu&rsquo;un \u00e9ventuel accord soit endoss\u00e9 par la communaut\u00e9 internationale et que cette derni\u00e8re reconnaisse formellement les conqu\u00eates territoriales de la Russie, a-t-il insist\u00e9.<\/p>\n<p>\n\u00c0 D\u00e9couvrir<br \/>\n<strong class=\"discover-kangourou__line\"><br \/>\n<img decoding=\"async\" class=\"discover-kangourou__img\" src=\"https:\/\/static.lpnt.fr\/static\/img\/kangourou\/kangourou_filled.svg\"\/><br \/>\n<strong class=\"discover-kangourou__txt\"><br \/>\n<strong>Le Kangourou du jour<\/strong><br \/>\n<a href=\"https:\/\/kangourou.lepoint.fr\" title=\"kangourou\" data-gtm-cta=\"kangourou_article\" class=\"discover-kangourou__lnk\" target=\"_blank\" rel=\"noopener\"><br \/>\nR\u00e9pondre<br \/>\n<\/a><br \/>\n<\/strong><br \/>\n<\/strong><br \/>\nDans son allocution quotidienne par message vid\u00e9o, le pr\u00e9sident ukrainien <a class=\"Link\" href=\"https:\/\/www.lepoint.fr\/tags\/volodymyr-zelensky\" data-gtm=\"click:capsule\" data-capsule=\"Lien\" target=\"_blank\" rel=\"noopener\">Volodymyr Zelensky<\/a> a d\u00e9clar\u00e9 pour sa part que les n\u00e9gociateurs ukrainiens et am\u00e9ricains allaient de nouveau se r\u00e9unir en fin de semaine \u00ab\u00a0pour continuer \u00e0 rapprocher les points que nous avons retenus \u00e0 la suite des pourparlers de Gen\u00e8ve, sous une forme qui nous m\u00e8nera sur la voie de la paix et des garanties de s\u00e9curit\u00e9\u00a0\u00bb.<\/p>\n<p>Le chef de l&rsquo;\u00c9tat ukrainien a ajout\u00e9, sans fournir de d\u00e9tails, que de nouvelles discussions auraient lieu la semaine prochaine qui l&rsquo;impliqueront en personne. \u00ab\u00a0D&rsquo;importantes discussions auront lieu la semaine prochaine, non seulement avec notre d\u00e9l\u00e9gation, mais aussi avec moi\u00a0\u00bb, a-t-il dit. \u00ab\u00a0Nous pr\u00e9parons ces discussions. L&rsquo;Ukraine restera ferme sur ses positions. Elle restera toujours debout.\u00a0\u00bb<\/p>\n<p>Toute l\u2019actualit\u00e9 \u00e0 1\u20ac le premier mois<\/p>\n<p><a href=\"https:\/\/abo.lepoint.fr\/?provenance=21EDI020098\" class=\"btn\" title=\"S&#039;abonner\" data-gtm=\"click:abo|display:abo\" data-campaign=\"paywall_maison\" target=\"_blank\" rel=\"noopener\">S&rsquo;abonner<\/a><\/p>\n<p>ou<\/p>\n","protected":false},"excerpt":{"rendered":"Vladimir Poutine a d\u00e9clar\u00e9 jeudi que les grandes lignes du plan am\u00e9ricain pour l&rsquo;Ukraine pourraient servir de base&hellip;\n","protected":false},"author":2,"featured_media":563254,"comment_status":"","ping_status":"","sticky":false,"template":"","format":"standard","meta":{"footnotes":""},"categories":[1590],"tags":[11,1777,674,12,132,220,135,134],"class_list":{"0":"post-563253","1":"post","2":"type-post","3":"status-publish","4":"format-standard","5":"has-post-thumbnail","7":"category-ukraine","8":"tag-actualites","9":"tag-eu","10":"tag-europe","11":"tag-news","12":"tag-russie","13":"tag-ukraine","14":"tag-vladimir-poutine","15":"tag-volodymyr-zelensky"},"share_on_mastodon":{"url":"https:\/\/pubeurope.com\/@fr\/115624182950259868","error":""},"_links":{"self":[{"href":"https:\/\/www.europesays.com\/fr\/wp-json\/wp\/v2\/posts\/563253","targetHints":{"allow":["GET"]}}],"collection":[{"href":"https:\/\/www.europesays.com\/fr\/wp-json\/wp\/v2\/posts"}],"about":[{"href":"https:\/\/www.europesays.com\/fr\/wp-json\/wp\/v2\/types\/post"}],"author":[{"embeddable":true,"href":"https:\/\/www.europesays.com\/fr\/wp-json\/wp\/v2\/users\/2"}],"replies":[{"embeddable":true,"href":"https:\/\/www.europesays.com\/fr\/wp-json\/wp\/v2\/comments?post=563253"}],"version-history":[{"count":0,"href":"https:\/\/www.europesays.com\/fr\/wp-json\/wp\/v2\/posts\/563253\/revisions"}],"wp:featuredmedia":[{"embeddable":true,"href":"https:\/\/www.europesays.com\/fr\/wp-json\/wp\/v2\/media\/563254"}],"wp:attachment":[{"href":"https:\/\/www.europesays.com\/fr\/wp-json\/wp\/v2\/media?parent=563253"}],"wp:term":[{"taxonomy":"category","embeddable":true,"href":"https:\/\/www.europesays.com\/fr\/wp-json\/wp\/v2\/categories?post=563253"},{"taxonomy":"post_tag","embeddable":true,"href":"https:\/\/www.europesays.com\/fr\/wp-json\/wp\/v2\/tags?post=563253"}],"curies":[{"name":"wp","href":"https:\/\/api.w.org\/{rel}","templated":true}]}}