{"id":563257,"date":"2025-11-27T23:10:18","date_gmt":"2025-11-27T23:10:18","guid":{"rendered":"https:\/\/www.europesays.com\/fr\/563257\/"},"modified":"2025-11-27T23:10:18","modified_gmt":"2025-11-27T23:10:18","slug":"immigration-au-royaume-uni-baisse-record-de-pres-de-69-sur-un-an","status":"publish","type":"post","link":"https:\/\/www.europesays.com\/fr\/563257\/","title":{"rendered":"Immigration au Royaume-Uni : baisse record de pr\u00e8s de 69 % sur un an"},"content":{"rendered":"<p>                                            Monde\n                                                                            <\/p>\n<p>\n                                            L\u2019immigration nette au Royaume-Uni a chut\u00e9 \u00e0 un niveau in\u00e9dit depuis 2021, reculant de pr\u00e8s de 69 % en un an sous l\u2019effet du durcissement des r\u00e8gles d\u2019entr\u00e9e. Entre restrictions renforc\u00e9es sur les visas et hausse des arriv\u00e9es irr\u00e9guli\u00e8res, le pays poursuit son virage vers une politique migratoire de plus en plus restrictive.                                        <\/p>\n<p>                                                Publi\u00e9 le 27 novembre 2025 \u00e0 20h30                                                                                            <\/p>\n<p>                                            <img loading=\"lazy\" width=\"1024\" height=\"683\" src=\"https:\/\/www.europesays.com\/fr\/wp-content\/uploads\/2025\/11\/SIPA_01236723_000001-1.jpg\" class=\"attachment-post-thumbnail size-post-thumbnail wp-post-image\" alt=\"Au Royaume-Uni l'immigration baisse de pr\u00e8s de 69 % sur un an \u00a9 Krisztian Elek \/ SOPA\/SIPA\" decoding=\"async\"  \/><\/p>\n<p>                                            Au Royaume-Uni l&rsquo;immigration baisse de pr\u00e8s de 69 % sur un an \u00a9 Krisztian Elek \/ SOPA\/SIPA<\/p>\n<p data-start=\"263\" data-end=\"997\"><a href=\"https:\/\/www.ons.gov.uk\/releases\/longterminternationalmigrationprovisionalyearendingjune2025#data\" target=\"_blank\" rel=\"noopener\">L\u2019Office national des statistiques <\/a>a annonc\u00e9 ce jeudi que l\u2019immigration nette au Royaume-Uni a enregistr\u00e9 une baisse d\u2019environ 69 % sur un an, jusqu\u2019\u00e0 fin juin 2025. Cette diminution refl\u00e8te les restrictions impos\u00e9es sur les visas de travail et d\u2019\u00e9tudes, mises en place avant l\u2019arriv\u00e9e au pouvoir des travaillistes en 2024. Entre juillet 2024 et juin 2025, pr\u00e8s de 898 000 personnes sont entr\u00e9es sur le territoire britannique, tandis que 693 000 l\u2019ont quitt\u00e9, portant ainsi l\u2019immigration nette \u00e0 204 000. Ces chiffres confirment un recul constant depuis le pic observ\u00e9 en 2023, principalement sous l\u2019effet des mesures adopt\u00e9es par le pr\u00e9c\u00e9dent gouvernement conservateur dirig\u00e9 par Rishi Sunak, rest\u00e9 en fonction jusqu\u2019en juillet 2024.<\/p>\n<p><a href=\"https:\/\/www.valeursactuelles.com\/monde\/immigration-le-pape-leon-xiv-rappelle-que-chaque-pays-a-le-droit-de-choisir-qui-entre-sur-son-territoire\" class=\"h-flex h-align-items-center h-border-tb h-ptb-15\" target=\"_blank\" rel=\"noopener\">A\u00a0LIRE\u00a0Immigration : le pape L\u00e9on XIV rappelle que \u00ab chaque pays a le droit de choisir qui entre sur son territoire \u00bb<\/a><\/p>\n<p data-start=\"999\" data-end=\"1581\">Durant son passage \u00e0 Downing Street, les r\u00e8gles d\u2019installation au <a href=\"https:\/\/www.valeursactuelles.com\/monde\/royaume-uni-le-gouvernement-annonce-un-durcissement-de-la-protection-des-refugies\" target=\"_blank\" rel=\"noopener\">Royaume-Uni<\/a> avaient \u00e9t\u00e9 consid\u00e9rablement durcies : le regroupement familial \u00e9tait interdit pour les \u00e9tudiants et les travailleurs \u00e9trangers du secteur de la sant\u00e9, et le salaire minimum requis pour obtenir un visa de travail avait \u00e9t\u00e9 relev\u00e9. Le gouvernement travailliste dirig\u00e9 par Keir Starmer a, depuis, poursuivi dans la m\u00eame voie, en augmentant les ressources financi\u00e8res exig\u00e9es pour les visas \u00e9tudiants et en relevant le niveau de qualification n\u00e9cessaire pour certains emplois \u00e9ligibles aux visas de travail.<\/p>\n<p>Un record depuis 2021<\/p>\n<p data-start=\"1606\" data-end=\"2317\">Mary Gregory, qui supervise les statistiques d\u00e9mographiques au sein de l\u2019ONS, a indiqu\u00e9 que \u00ab L\u2019immigration nette est \u00e0 son plus bas niveau depuis 2021 \u00bb. Les donn\u00e9es compl\u00e8tes concernant l\u2019ann\u00e9e 2025 ne seront toutefois connues qu\u2019en mai 2026. L\u2019institut a par ailleurs ajust\u00e9 son \u00e9valuation pour 2024 : l\u2019immigration nette pour cette ann\u00e9e-l\u00e0 s\u2019\u00e9l\u00e8verait finalement \u00e0 345 000 personnes, soit une diminution de plus de moiti\u00e9 par rapport au niveau enregistr\u00e9 en 2023. De son c\u00f4t\u00e9, la ministre de l\u2019Int\u00e9rieur, Shabana Mahmood, a salu\u00e9 cette \u00e9volution et affirm\u00e9 sa volont\u00e9 de poursuivre l\u2019effort, estimant que \u00ab le rythme et le niveau d\u2019immigration cr\u00e9ent une pression immense sur nos communaut\u00e9s locales \u00bb.<\/p>\n<p><a href=\"https:\/\/www.valeursactuelles.com\/monde\/portugal-le-gouvernement-sallie-a-la-droite-anti-immigration-pour-durcir-les-regles-de-naturalisation\" class=\"h-flex h-align-items-center h-border-tb h-ptb-15\" target=\"_blank\" rel=\"noopener\">A\u00a0LIRE\u00a0Portugal : le gouvernement s\u2019allie \u00e0 la droite anti-immigration pour durcir les r\u00e8gles de naturalisation<\/a><\/p>\n<p data-start=\"2319\" data-end=\"2948\">Selon les donn\u00e9es publi\u00e9es jeudi par le minist\u00e8re de l\u2019Int\u00e9rieur, 51 000 personnes sont entr\u00e9es irr\u00e9guli\u00e8rement au <a href=\"https:\/\/www.valeursactuelles.com\/monde\/le-royaume-uni-va-taxer-chaque-kilometre-parcouru-par-les-vehicules-electriques\" target=\"_blank\" rel=\"noopener\">Royaume-Uni<\/a> entre octobre 2024 et septembre 2025, dont 46 000 arriv\u00e9es \u00e0 bord de petites embarcations depuis la France. Les demandes d\u2019asile ont progress\u00e9 de 13 % pour atteindre 111 000 dossiers, et environ un tiers des demandeurs, soit 36 273 personnes, \u00e9taient log\u00e9s dans des h\u00f4tels, un dispositif largement critiqu\u00e9. Le gouvernement travailliste pr\u00e9voit d\u2019y mettre fin d\u2019ici 2029 en transf\u00e9rant ces personnes vers des installations militaires et a annonc\u00e9 un resserrement suppl\u00e9mentaire de sa politique d\u2019asile.<\/p>\n","protected":false},"excerpt":{"rendered":"Monde L\u2019immigration nette au Royaume-Uni a chut\u00e9 \u00e0 un niveau in\u00e9dit depuis 2021, reculant de pr\u00e8s de 69&hellip;\n","protected":false},"author":2,"featured_media":563258,"comment_status":"","ping_status":"","sticky":false,"template":"","format":"standard","meta":{"footnotes":""},"categories":[1588],"tags":[11,1777,674,1061,2581,12,29664,473,1853,1851,1850,1852,2447],"class_list":{"0":"post-563257","1":"post","2":"type-post","3":"status-publish","4":"format-standard","5":"has-post-thumbnail","7":"category-royaume-uni","8":"tag-actualites","9":"tag-eu","10":"tag-europe","11":"tag-immigration","12":"tag-keir-starmer","13":"tag-news","14":"tag-rishi-sunak","15":"tag-royaume-uni","16":"tag-royaume-uni-de-grande-bretagne-et-dirlande-du-nord","17":"tag-uk","18":"tag-united-kingdom","19":"tag-united-kingdom-of-great-britain-and-northern-ireland","20":"tag-visas"},"share_on_mastodon":{"url":"https:\/\/pubeurope.com\/@fr\/115624190104513758","error":""},"_links":{"self":[{"href":"https:\/\/www.europesays.com\/fr\/wp-json\/wp\/v2\/posts\/563257","targetHints":{"allow":["GET"]}}],"collection":[{"href":"https:\/\/www.europesays.com\/fr\/wp-json\/wp\/v2\/posts"}],"about":[{"href":"https:\/\/www.europesays.com\/fr\/wp-json\/wp\/v2\/types\/post"}],"author":[{"embeddable":true,"href":"https:\/\/www.europesays.com\/fr\/wp-json\/wp\/v2\/users\/2"}],"replies":[{"embeddable":true,"href":"https:\/\/www.europesays.com\/fr\/wp-json\/wp\/v2\/comments?post=563257"}],"version-history":[{"count":0,"href":"https:\/\/www.europesays.com\/fr\/wp-json\/wp\/v2\/posts\/563257\/revisions"}],"wp:featuredmedia":[{"embeddable":true,"href":"https:\/\/www.europesays.com\/fr\/wp-json\/wp\/v2\/media\/563258"}],"wp:attachment":[{"href":"https:\/\/www.europesays.com\/fr\/wp-json\/wp\/v2\/media?parent=563257"}],"wp:term":[{"taxonomy":"category","embeddable":true,"href":"https:\/\/www.europesays.com\/fr\/wp-json\/wp\/v2\/categories?post=563257"},{"taxonomy":"post_tag","embeddable":true,"href":"https:\/\/www.europesays.com\/fr\/wp-json\/wp\/v2\/tags?post=563257"}],"curies":[{"name":"wp","href":"https:\/\/api.w.org\/{rel}","templated":true}]}}