{"id":563259,"date":"2025-11-27T23:11:12","date_gmt":"2025-11-27T23:11:12","guid":{"rendered":"https:\/\/www.europesays.com\/fr\/563259\/"},"modified":"2025-11-27T23:11:12","modified_gmt":"2025-11-27T23:11:12","slug":"pronos-paris-rmc-le-buteur-du-jour-du-28-novembre-bundesliga","status":"publish","type":"post","link":"https:\/\/www.europesays.com\/fr\/563259\/","title":{"rendered":"PRONOS PARIS RMC Le buteur du jour du 28 novembre &#8211; Bundesliga"},"content":{"rendered":"<p><strong>Notre pronostic : Haris Tabakovic (Borussia M&rsquo;Gladbach) marque face \u00e0 Leipzig (2.50)<\/strong><\/p>\n<p>Si le Borussia M&rsquo;Gladbach va beaucoup mieux, c&rsquo;est notamment gr\u00e2ce aux performances de son attaquant Haris Tabakovic. L&rsquo;international Bosnien est en tr\u00e8s grande forme depuis plus de deux mois, ayant inscrit pas moins de 11 buts lors de ses 12 derni\u00e8res apparitions, club et s\u00e9lection confondus. Il a notamment trouv\u00e9 le chemin de filets lors de chacune des 4 victoires cons\u00e9cutives obtenus par son \u00e9quipe, 12e de Bundesliga. Sur un nuage, Tabakovic pourrait bien continuer de faire parler la poudre en alourdissant encore un peu plus son compteur face \u00e0 une \u00e9quipe de Leipzig qui part favorite en d\u00e9placement ce soir. S&rsquo;il est difficile de pronostiquer cette rencontre, le but du joueur de 31 ans est cot\u00e9 \u00e0 2.50 !<\/p>\n<p><a href=\"https:\/\/www.winamax.fr\/paris-sportifs\/match\/61513816?lp=1&amp;banid=41200\" target=\"_blank\" class=\"external_link\" rel=\"noopener\">Pariez sur Borussia M&rsquo;Gladbach &#8211; Leipzig ici !<\/a><\/p>\n<p><strong>Les autres options :<\/strong><\/p>\n<p>Breel Embolo (Rennes) marque \u00e0 Metz (2.50)<\/p>\n<p>Nico Paz (C\u00f4me) marque face \u00e0 Sassuolo (2.80)<\/p>\n<p>Cote totale des trois buteurs du jour : 17.50<\/p>\n","protected":false},"excerpt":{"rendered":"Notre pronostic : Haris Tabakovic (Borussia M&rsquo;Gladbach) marque face \u00e0 Leipzig (2.50) Si le Borussia M&rsquo;Gladbach va beaucoup&hellip;\n","protected":false},"author":2,"featured_media":563260,"comment_status":"","ping_status":"","sticky":false,"template":"","format":"standard","meta":{"footnotes":""},"categories":[1587],"tags":[11,672,1804,1805,1803,1777,674,1801,12,1802],"class_list":{"0":"post-563259","1":"post","2":"type-post","3":"status-publish","4":"format-standard","5":"has-post-thumbnail","7":"category-allemagne","8":"tag-actualites","9":"tag-allemagne","10":"tag-bundesrepublik-deutschland","11":"tag-de","12":"tag-deutschland","13":"tag-eu","14":"tag-europe","15":"tag-germany","16":"tag-news","17":"tag-republique-federale-dallemagne"},"share_on_mastodon":{"url":"https:\/\/pubeurope.com\/@fr\/115624193827464506","error":""},"_links":{"self":[{"href":"https:\/\/www.europesays.com\/fr\/wp-json\/wp\/v2\/posts\/563259","targetHints":{"allow":["GET"]}}],"collection":[{"href":"https:\/\/www.europesays.com\/fr\/wp-json\/wp\/v2\/posts"}],"about":[{"href":"https:\/\/www.europesays.com\/fr\/wp-json\/wp\/v2\/types\/post"}],"author":[{"embeddable":true,"href":"https:\/\/www.europesays.com\/fr\/wp-json\/wp\/v2\/users\/2"}],"replies":[{"embeddable":true,"href":"https:\/\/www.europesays.com\/fr\/wp-json\/wp\/v2\/comments?post=563259"}],"version-history":[{"count":0,"href":"https:\/\/www.europesays.com\/fr\/wp-json\/wp\/v2\/posts\/563259\/revisions"}],"wp:featuredmedia":[{"embeddable":true,"href":"https:\/\/www.europesays.com\/fr\/wp-json\/wp\/v2\/media\/563260"}],"wp:attachment":[{"href":"https:\/\/www.europesays.com\/fr\/wp-json\/wp\/v2\/media?parent=563259"}],"wp:term":[{"taxonomy":"category","embeddable":true,"href":"https:\/\/www.europesays.com\/fr\/wp-json\/wp\/v2\/categories?post=563259"},{"taxonomy":"post_tag","embeddable":true,"href":"https:\/\/www.europesays.com\/fr\/wp-json\/wp\/v2\/tags?post=563259"}],"curies":[{"name":"wp","href":"https:\/\/api.w.org\/{rel}","templated":true}]}}