{"id":563278,"date":"2025-11-27T23:28:15","date_gmt":"2025-11-27T23:28:15","guid":{"rendered":"https:\/\/www.europesays.com\/fr\/563278\/"},"modified":"2025-11-27T23:28:15","modified_gmt":"2025-11-27T23:28:15","slug":"pecheux-a-chambery-les-vents-deole-et-les-ravages-du-temps","status":"publish","type":"post","link":"https:\/\/www.europesays.com\/fr\/563278\/","title":{"rendered":"P\u00e9cheux \u00e0 Chamb\u00e9ry : les vents d&rsquo;\u00c9ole et les ravages du Temps"},"content":{"rendered":"<p>21\/11\/25 &#8211; <strong> Acquisition et restauration &#8211; Chamb\u00e9ry, Mus\u00e9e des Beaux-Arts <\/strong> &#8211; Un de plus\u00a0! Le mus\u00e9e de Chamb\u00e9ry a pr\u00e9empt\u00e9 un  tableau de Laurent P\u00e9cheux, adjug\u00e9 8 500 euros marteau dans la vente M\u00e9tayer-Mermoz  du 23 novembre \u00e0 Nevers (ill. 1). D\u00e9j\u00e0 pass\u00e9 sur le march\u00e9, il n\u2019avait pas trouv\u00e9 preneur chez Piasa en 2015, ni chez Aguttes en 2016\u00a0; il faut dire que son estimation \u00e9tait alors beaucoup plus haute. Il rejoint, dans les collections, trois \u0153uvres de l\u2019artiste acquises par le mus\u00e9e depuis 2018 (voir les <a href=\"https:\/\/www.latribunedelart.com\/chambery-musee-des-beaux-arts\" class=\"spip_in\" target=\"_blank\" rel=\"noopener\">articles<\/a>), en plus de celles qui furent donn\u00e9es par le roi Victor-Emmanuel II de Savoie en 1850, lorsque Chamb\u00e9ry appartenait au royaume de Sardaigne.<\/p>\n<dl class=\"spip_document_77073 spip_documents spip_documents_center\" itemprop=\"image\" itemscope=\"\" itemtype=\"http:\/\/schema.org\/ImageObject\">\n<dt>\n\t\t<a href=\"https:\/\/www.latribunedelart.com\/IMG\/jpg\/pecheux-_eole.jpg?77073\/b8c20957f9c2c36e54a8058377cab87c584cb961456aeb749bd6c38e7bd0402a\" title=\"\" type=\"image\/jpeg\" target=\"_blank\" rel=\"noopener\"><br \/>\n\t\t\t<img loading=\"lazy\" decoding=\"async\" src=\"https:\/\/www.europesays.com\/fr\/wp-content\/uploads\/2025\/11\/pecheux-_eole-dd095.jpg\" width=\"500\" height=\"339\" alt=\"\" itemprop=\"contentUrl\"\/><br \/>\n\t\t<\/a>\n\t<\/dt>\n<dd class=\"crayon document-descriptif-77073 spip_doc_descriptif\" style=\"width:350px;\" itemprop=\"description\">1. Laurent P\u00e9cheux (1729-1821)<br class=\"autobr\"\/><br \/>\nL\u2019Air ou Junon sollicite \u00c9ole d\u2019agiter les vents contre la flotte d\u2019\u00c9n\u00e9e et exciter la temp\u00eate, 1804<br class=\"autobr\"\/><br \/>\nHuile sur toile &#8211; 126 x 184,5 cm<br class=\"autobr\"\/><br \/>\nChamb\u00e9ry, Mus\u00e9e des Beaux-Arts<br class=\"autobr\"\/><br \/>\nPhoto\u00a0: M\u00e9tayer-Mermoz\n<\/dd>\n<dd class=\"spip_doc_lien-galerie\">\n\t\t<a href=\"https:\/\/www.latribunedelart.com\/spip.php?page=docbig&amp;id_document=77073&amp;id_article=13111\" target=\"_blank\" rel=\"noopener\">Voir l\u00b4image dans sa page<\/a>\n\t<\/dd>\n<\/dl>\n<p>Peinte en 1804, cette toile de grand format permet d\u2019\u00e9voquer les derni\u00e8res ann\u00e9es de P\u00e9cheux. Elle repr\u00e9sente l\u2019Air, incarn\u00e9 par \u00c9ole, que vient trouver Junon pleine de ranc\u0153ur et de col\u00e8re contre \u00c9n\u00e9e. Ainsi commence le r\u00e9cit de l\u2019\u00c9n\u00e9ide\u00a0: la flotte du h\u00e9ros troyen approchait de l\u2019Italie, au grand dam de la d\u00e9esse qui, accompagn\u00e9e de la belle  D\u00e9iop\u00e9e, sut convaincre le dieu des vents de provoquer une effroyable temp\u00eate. <br class=\"autobr\"\/><br \/>\n\u00ab\u00a0Aussit\u00f4t dit, de la pointe de sa lance retourn\u00e9e, \u00c9ole frappe le flanc creux de la montagne\u00a0: les vents, rang\u00e9s en bataille, s\u2019engouffrent par la porte qui s\u2019offre et soufflent en tourbillons sur la terre. Ils se sont abattus sur la mer, tout enti\u00e8re soulev\u00e9e de ses ab\u00eemes par [les vents] l\u2019Eurus et le Notus, unis \u00e0 l\u2019Africus f\u00e9cond en bourrasques, tandis que d\u2019\u00e9normes vagues d\u00e9ferlent vers les rivages. Aussit\u00f4t s\u2019\u00e9l\u00e8vent les cris des hommes et le grincement des cordages. Les nuages d\u00e9robent soudain le ciel et la lumi\u00e8re du jour aux yeux des Troyens.\u00a0\u00bb.<\/p>\n<dl class=\"spip_document_77040 spip_documents spip_documents_center\" itemprop=\"image\" itemscope=\"\" itemtype=\"http:\/\/schema.org\/ImageObject\">\n<dt>\n\t\t<a href=\"https:\/\/www.latribunedelart.com\/IMG\/jpg\/pecheux_-_le_feu.jpg?77040\/aa9778c8b147dfe1fe713a4dbf220da0e5666ebce6bae78976f45852869bb2f9\" title=\"\" type=\"image\/jpeg\" target=\"_blank\" rel=\"noopener\"><br \/>\n\t\t\t<img loading=\"lazy\" decoding=\"async\" src=\"https:\/\/www.europesays.com\/fr\/wp-content\/uploads\/2025\/11\/pecheux_-_le_feu-da8e4.jpg\" width=\"500\" height=\"339\" alt=\"\" itemprop=\"contentUrl\"\/><br \/>\n\t\t<\/a>\n\t<\/dt>\n<dd class=\"crayon document-descriptif-77040 spip_doc_descriptif\" style=\"width:350px;\" itemprop=\"description\">2. Laurent P\u00e9cheux (1729-1821)<br class=\"autobr\"\/><br \/>\nLe Feu ou V\u00e9nus demandant \u00e0\u2026<\/dd>\n<\/dl>\n","protected":false},"excerpt":{"rendered":"21\/11\/25 &#8211; Acquisition et restauration &#8211; Chamb\u00e9ry, Mus\u00e9e des Beaux-Arts &#8211; Un de plus\u00a0! Le mus\u00e9e de Chamb\u00e9ry&hellip;\n","protected":false},"author":2,"featured_media":563279,"comment_status":"","ping_status":"","sticky":false,"template":"","format":"standard","meta":{"footnotes":""},"categories":[1358],"tags":[1348,1384,1385,1386,58,59,1011,27],"class_list":{"0":"post-563278","1":"post","2":"type-post","3":"status-publish","4":"format-standard","5":"has-post-thumbnail","7":"category-arts-et-design","8":"tag-arts","9":"tag-arts-and-design","10":"tag-arts-et-design","11":"tag-design","12":"tag-divertissement","13":"tag-entertainment","14":"tag-fr","15":"tag-france"},"share_on_mastodon":{"url":"https:\/\/pubeurope.com\/@fr\/115624262616389262","error":""},"_links":{"self":[{"href":"https:\/\/www.europesays.com\/fr\/wp-json\/wp\/v2\/posts\/563278","targetHints":{"allow":["GET"]}}],"collection":[{"href":"https:\/\/www.europesays.com\/fr\/wp-json\/wp\/v2\/posts"}],"about":[{"href":"https:\/\/www.europesays.com\/fr\/wp-json\/wp\/v2\/types\/post"}],"author":[{"embeddable":true,"href":"https:\/\/www.europesays.com\/fr\/wp-json\/wp\/v2\/users\/2"}],"replies":[{"embeddable":true,"href":"https:\/\/www.europesays.com\/fr\/wp-json\/wp\/v2\/comments?post=563278"}],"version-history":[{"count":0,"href":"https:\/\/www.europesays.com\/fr\/wp-json\/wp\/v2\/posts\/563278\/revisions"}],"wp:featuredmedia":[{"embeddable":true,"href":"https:\/\/www.europesays.com\/fr\/wp-json\/wp\/v2\/media\/563279"}],"wp:attachment":[{"href":"https:\/\/www.europesays.com\/fr\/wp-json\/wp\/v2\/media?parent=563278"}],"wp:term":[{"taxonomy":"category","embeddable":true,"href":"https:\/\/www.europesays.com\/fr\/wp-json\/wp\/v2\/categories?post=563278"},{"taxonomy":"post_tag","embeddable":true,"href":"https:\/\/www.europesays.com\/fr\/wp-json\/wp\/v2\/tags?post=563278"}],"curies":[{"name":"wp","href":"https:\/\/api.w.org\/{rel}","templated":true}]}}