{"id":56328,"date":"2025-04-27T07:51:22","date_gmt":"2025-04-27T07:51:22","guid":{"rendered":"https:\/\/www.europesays.com\/fr\/56328\/"},"modified":"2025-04-27T07:51:22","modified_gmt":"2025-04-27T07:51:22","slug":"marseille-est-votre-ville-desormais","status":"publish","type":"post","link":"https:\/\/www.europesays.com\/fr\/56328\/","title":{"rendered":"Marseille est v\u00f4tre ville d\u00e9sormais"},"content":{"rendered":"<p>C\u2019est la toute premi\u00e8re fois que la c\u00e9r\u00e9monie annuelle d\u2019accueil aux <a href=\"https:\/\/www.laprovence.com\/article\/societe\/49024744920895\/la-double-vie-des-parseillais-qui-vivent-entre-marseille-et-paris\" target=\"_blank\" rel=\"noopener\">nouveaux arrivants<\/a> se d\u00e9roule dans le berceau m\u00eame de Marseille, au c\u0153ur de la cour du mus\u00e9e d\u2019histoire (1er) de la ville. Un lieu charg\u00e9 de mythes, de m\u00e9moire et de symboles pour les quelque 1\u00a0000 <a href=\"https:\/\/www.laprovence.com\/article\/societe\/83826445706942\/s-offrir-le-meilleur-des-deux-mondes-lanalyse-de-jean-laurent-cassely-sur-les-parseillais\" target=\"_blank\" rel=\"noopener\">n\u00e9o marseillais<\/a> qui ont \u00e9t\u00e9 re\u00e7us, apr\u00e8s inscription volontaire, ce week-end entre les ruines antiques. \u00ab\u00a0C\u2019est cette impression-l\u00e0, d\u2019\u00eatre hors du temps, \u00e0 la fois dans le pass\u00e9 et le pr\u00e9sent, qu\u2019on est venus chercher en s\u2019installant \u00e0 Marseille, ce mus\u00e9e, c\u2019est une porte d\u2019entr\u00e9e parfaite pour un accueil\u00a0\u00bb, se r\u00e9jouit S\u00e9bastien, 39\u00a0ans, install\u00e9 il y a trois mois dans sa \u00ab\u00a0nouvelle ville de c\u0153ur\u00a0\u00bb et qui d\u00e9couvre pour la premi\u00e8re fois le jardin des vestiges, vieux de 2\u00a0600\u00a0ans.<\/p>\n<p>\u00ab\u00a0Les Marseillais ont tous un h\u00e9ritage venu d\u2019ailleurs, c\u2019est notre devoir d\u2019ouvrir les bras \u00e0 ceux qui viennent construire leur vie dans cette ville aux mille visages\u00a0\u00bb, a salu\u00e9 Marie-Jos\u00e9 Cermolacce, conseill\u00e8re municipale d\u00e9l\u00e9gu\u00e9e \u00e0 l\u2019accueil des nouveaux Marseillais. L\u2019ann\u00e9e derni\u00e8re <a href=\"https:\/\/www.laprovence.com\/article\/region\/26168868857724\/amoureux-de-marseille-ils-ont-choisi-d-y-vivre\" target=\"_blank\" rel=\"noopener\">500 personnes<\/a> avaient \u00e9t\u00e9 invit\u00e9es \u00e0 l\u2019espace Bargemon par la majorit\u00e9 municipale.<\/p>\n<p>Apprivoiser Marseille, \u00ab\u00a0la plus belle ville du monde\u00a0\u00bb<\/p>\n<p>Un an, presque jour pour jour, apr\u00e8s l\u2019arriv\u00e9e de la <a href=\"https:\/\/www.laprovence.com\/article\/region\/6387958902122314\/flamme-olympique-defile-chanel-mort-de-gaudin-l-annee-marseillaise-2024-dans-le-retro\" target=\"_blank\" rel=\"noopener\">flamme olympique<\/a> par la M\u00e9diterran\u00e9e \u00e0 bord du Belem et l\u2019accueil des Jeux qui avaient s\u00e9duit des milliers de touristes, les \u00e9lus du Printemps Marseillais pr\u00e9sents le vante haut et fort\u00a0: \u00ab\u00a0Marseille est la plus belle ville du monde\u00a0\u00bb. En septembre\u00a02023, lors de la visite pastorale du pape Fran\u00e7ois, le souverain pontife d\u00e9c\u00e9d\u00e9 ce lundi 21\u00a0avril avait d\u2019ailleurs d\u00e9clar\u00e9 que Marseille \u00e9tait \u00ab\u00a0le sourire de la M\u00e9diterran\u00e9e\u00a0\u00bb. En d\u00e9placement \u00e0 Rome pour les obs\u00e8ques du Saint-P\u00e8re, le maire (DVG) Beno\u00eet Payan \u00e9tait repr\u00e9sent\u00e9 par son adjointe, Sophie Roques, en charge de l\u2019\u00e9tat civil, d\u02bcAll\u00f4 Mairie et de l\u2019accueil des nouveaux Marseillais.<\/p>\n<p>\u00ab\u00a0Notre ville est singuli\u00e8re, unique, rebelle et c\u2019est d\u00e9sormais la v\u00f4tre. Nous nous battons pour rendre Marseille plus accueillante et plus juste pour faciliter votre quotidien\u00a0\u00bb, pr\u00e9sente l\u2019\u00e9lue.<\/p>\n<p>En plus des stands de p\u00e9tanque et de fabrication de savon de Marseille, qui ont rencontr\u00e9 un franc succ\u00e8s, les <a href=\"https:\/\/www.laprovence.com\/article\/region\/2875809946912215\/allo-mairie-le-service-aux-3000-appels-quotidiens-qui-facilite-la-vie-des-marseillais\" target=\"_blank\" rel=\"noopener\">services d\u2019All\u00f4 mairie<\/a>, de la <a href=\"https:\/\/www.laprovence.com\/article\/politique\/114587107103214\/marseille-lantenne-de-la-police-municipale-a-la-belle-de-mai-ouvrira-en-septembre\" target=\"_blank\" rel=\"noopener\">police municipale<\/a>, des \u00e9coles de la ville \u00e9taient aussi pr\u00e9sents pour orienter les nouveaux venants. \u00ab\u00a0Comme \u00e7a, on ne se sent pas perdus, \u00e7a nous permet d\u2019apprivoiser Marseille plus facilement\u00a0\u00bb, sourit Saran, 41\u00a0ans, originaire des Hautes-Alpes.<\/p>\n<p>Dans le sac de goodies qu\u2019elle vient de recevoir, une affiche color\u00e9e avec \u00e9crit \u00ab\u00a0Bienvenue chez vous\u00a0\u00bb de la main du maire. Elle compte d\u00e9j\u00e0 l\u2019accrocher dans son nouvel appartement de <a href=\"https:\/\/www.laprovence.com\/article\/societe\/1098812579139515\/marseille-noailles-le-quartier-pauvre-devenu-un-incontournable-touristique\" target=\"_blank\" rel=\"noopener\">Noailles<\/a> (1er).<\/p>\n","protected":false},"excerpt":{"rendered":"C\u2019est la toute premi\u00e8re fois que la c\u00e9r\u00e9monie annuelle d\u2019accueil aux nouveaux arrivants se d\u00e9roule dans le berceau&hellip;\n","protected":false},"author":2,"featured_media":56329,"comment_status":"","ping_status":"","sticky":false,"template":"","format":"standard","meta":{"footnotes":""},"categories":[2814],"tags":[17,14073,1111,11,15160,1007,932,1777,674,1011,27,884,12,2845,882,16,25,15161],"class_list":{"0":"post-56328","1":"post","2":"type-post","3":"status-publish","4":"format-standard","5":"has-post-thumbnail","7":"category-marseille","8":"tag-17","9":"tag-accueil","10":"tag-actu","11":"tag-actualites","12":"tag-arrivants","13":"tag-aux","14":"tag-est","15":"tag-eu","16":"tag-europe","17":"tag-fr","18":"tag-france","19":"tag-marseille","20":"tag-news","21":"tag-nouveaux","22":"tag-provence-alpes-cote-dazur","23":"tag-region","24":"tag-republique-francaise","25":"tag-votre"},"share_on_mastodon":{"url":"https:\/\/pubeurope.com\/@fr\/114408841793293050","error":""},"_links":{"self":[{"href":"https:\/\/www.europesays.com\/fr\/wp-json\/wp\/v2\/posts\/56328","targetHints":{"allow":["GET"]}}],"collection":[{"href":"https:\/\/www.europesays.com\/fr\/wp-json\/wp\/v2\/posts"}],"about":[{"href":"https:\/\/www.europesays.com\/fr\/wp-json\/wp\/v2\/types\/post"}],"author":[{"embeddable":true,"href":"https:\/\/www.europesays.com\/fr\/wp-json\/wp\/v2\/users\/2"}],"replies":[{"embeddable":true,"href":"https:\/\/www.europesays.com\/fr\/wp-json\/wp\/v2\/comments?post=56328"}],"version-history":[{"count":0,"href":"https:\/\/www.europesays.com\/fr\/wp-json\/wp\/v2\/posts\/56328\/revisions"}],"wp:featuredmedia":[{"embeddable":true,"href":"https:\/\/www.europesays.com\/fr\/wp-json\/wp\/v2\/media\/56329"}],"wp:attachment":[{"href":"https:\/\/www.europesays.com\/fr\/wp-json\/wp\/v2\/media?parent=56328"}],"wp:term":[{"taxonomy":"category","embeddable":true,"href":"https:\/\/www.europesays.com\/fr\/wp-json\/wp\/v2\/categories?post=56328"},{"taxonomy":"post_tag","embeddable":true,"href":"https:\/\/www.europesays.com\/fr\/wp-json\/wp\/v2\/tags?post=56328"}],"curies":[{"name":"wp","href":"https:\/\/api.w.org\/{rel}","templated":true}]}}