{"id":563288,"date":"2025-11-27T23:35:18","date_gmt":"2025-11-27T23:35:18","guid":{"rendered":"https:\/\/www.europesays.com\/fr\/563288\/"},"modified":"2025-11-27T23:35:18","modified_gmt":"2025-11-27T23:35:18","slug":"strasbourg-soffre-une-vraie-soiree-europeenne-contre-crystal-palace-c4-j4-strasbourg-crystal-palace-2-1","status":"publish","type":"post","link":"https:\/\/www.europesays.com\/fr\/563288\/","title":{"rendered":"Strasbourg s\u2019offre une vraie soir\u00e9e europ\u00e9enne contre Crystal Palace &#8211; C4 &#8211; J4 &#8211; Strasbourg-Crystal Palace (2-1)"},"content":{"rendered":"<p>\t\t\t<img decoding=\"async\" loading=\"lazy\" class=\"blason blason-grand\" src=\"https:\/\/www.europesays.com\/fr\/wp-content\/uploads\/2025\/04\/1744595860_962_grande.jpg\"\/> Strasbourg 2-1 Crystal Palace <img decoding=\"async\" loading=\"lazy\" class=\"blason blason-grand\" src=\"https:\/\/www.europesays.com\/fr\/wp-content\/uploads\/2025\/05\/1748195353_229_grande.jpg\"\/><\/p>\n<p>Buts : Emegha (53e) et El-Mourabet (77e) pour les Alsaciens \/\/ Mitchell (35e) pour les Londoniens\u00a0<\/p>\n<p>Strasbourg a beau avoir d\u00e9pens\u00e9 111 millions d\u2019euros cet \u00e9t\u00e9, avoir un nouveau stade, entrer dans une nouvelle dimension, il peut dire merci \u00e0 un petit gars de sa ville. Samir El-Mourabet est n\u00e9 en 2005. Il a grandi \u00e0 Strasbourg, a \u00e9t\u00e9 form\u00e9 \u00e0 la Meinau, a disput\u00e9 des derbys contre Metz. Gr\u00e2ce \u00e0 son but, son Racing s\u2019offre un succ\u00e8s de prestige contre Crystal Palace <strong>(2-1)<\/strong>. Les Alsaciens sont encore invaincus en Ligue Conf\u00e9rence. Ils passent provisoirement 2es et savourent leur premi\u00e8re soir\u00e9e europ\u00e9enne depuis une vingtaine d\u2019ann\u00e9es. Les h\u00e9ritiers de Cassard, Pagis, Faty et les huiti\u00e8mes de finalistes de la Coupe de l\u2019UEFA 2006 sont l\u00e0.<\/p>\n<p>C\u2019est le h\u00e9ros du soir qui a eu la meilleure occasion du d\u00e9but de match, sur un service de Diego Moreira (9e). Mais les Eagles ouvrent pourtant le score gr\u00e2ce \u00e0 Tyrick Mitchell, sur un gros travail de Jean-Philippe Mateta<strong> (0-1, 35e).<\/strong> Le Fran\u00e7ais se sert de son corps pour contourner Lucas H\u00f8gsberg et servir Mitchell, qui croise sa frappe. Le Danois n\u2019y est pas, tellement pas qu\u2019Isma\u00efla Sarr n\u2019est pas loin de doubler la mise (37e). Liam Rosenior a le luxe du banc, et donc de le faire sortir. Ben Chilwell, ancien \u00e9ph\u00e9m\u00e8re joueur de Palace, entre (42e).<\/p>\n<p>Sans son Anglais, Strasbourg n\u2019a que 22 ans de moyenne d\u2019\u00e2ge, et montre une fois sa fougue, l\u2019autre fois son inattention. La fougue est incarn\u00e9e par Emmanuel Emegha, apr\u00e8s une action ultra rapide<strong> (1-1, 53e)<\/strong>. Pour l\u2019inattention, demandez \u00e0 Isma\u00ebl Doukour\u00e9, qui laisse Adam Wharton toucher la barre (60e). Le 5e de Premier League ne reviendra pas. Apr\u00e8s un autre arr\u00eat de Mike Penders, Palace laissera El-Mourabet tra\u00eener dans la surface, splendide <strong>(2-1, 77e)<\/strong>. Strasbourg sourit, et fait un grand pas vers les huiti\u00e8mes de finale de C4. Et confirme que oui, la Ligue 1 mange la Premier League.<\/p>\n<p>\t\t\t\t\t\t\t\t\t\t<a class=\"lien-connexe\" href=\"https:\/\/www.sofoot.com\/articles\/lens-congele-strasbourg-et-revient-a-hauteur-de-lom\" target=\"_blank\" rel=\"noopener\">Lens cong\u00e8le Strasbourg et revient \u00e0 hauteur de l\u2019OM<\/a>\t\t\t\t\t<\/p>\n","protected":false},"excerpt":{"rendered":"Strasbourg 2-1 Crystal Palace Buts : Emegha (53e) et El-Mourabet (77e) pour les Alsaciens \/\/ Mitchell (35e) pour&hellip;\n","protected":false},"author":2,"featured_media":563289,"comment_status":"","ping_status":"","sticky":false,"template":"","format":"standard","meta":{"footnotes":""},"categories":[9],"tags":[47,61,69,65,64,63,1011,27,68,66,62,70,67,60],"class_list":{"0":"post-563288","1":"post","2":"type-post","3":"status-publish","4":"format-standard","5":"has-post-thumbnail","7":"category-sports","8":"tag-actualite","9":"tag-actus-football","10":"tag-bundesliga","11":"tag-championnats-europeens","12":"tag-equipe-de-france","13":"tag-football","14":"tag-fr","15":"tag-france","16":"tag-ligua","17":"tag-ligue-1","18":"tag-news-foot","19":"tag-premier-league","20":"tag-serie-a","21":"tag-sports"},"share_on_mastodon":{"url":"https:\/\/pubeurope.com\/@fr\/115624289166555488","error":""},"_links":{"self":[{"href":"https:\/\/www.europesays.com\/fr\/wp-json\/wp\/v2\/posts\/563288","targetHints":{"allow":["GET"]}}],"collection":[{"href":"https:\/\/www.europesays.com\/fr\/wp-json\/wp\/v2\/posts"}],"about":[{"href":"https:\/\/www.europesays.com\/fr\/wp-json\/wp\/v2\/types\/post"}],"author":[{"embeddable":true,"href":"https:\/\/www.europesays.com\/fr\/wp-json\/wp\/v2\/users\/2"}],"replies":[{"embeddable":true,"href":"https:\/\/www.europesays.com\/fr\/wp-json\/wp\/v2\/comments?post=563288"}],"version-history":[{"count":0,"href":"https:\/\/www.europesays.com\/fr\/wp-json\/wp\/v2\/posts\/563288\/revisions"}],"wp:featuredmedia":[{"embeddable":true,"href":"https:\/\/www.europesays.com\/fr\/wp-json\/wp\/v2\/media\/563289"}],"wp:attachment":[{"href":"https:\/\/www.europesays.com\/fr\/wp-json\/wp\/v2\/media?parent=563288"}],"wp:term":[{"taxonomy":"category","embeddable":true,"href":"https:\/\/www.europesays.com\/fr\/wp-json\/wp\/v2\/categories?post=563288"},{"taxonomy":"post_tag","embeddable":true,"href":"https:\/\/www.europesays.com\/fr\/wp-json\/wp\/v2\/tags?post=563288"}],"curies":[{"name":"wp","href":"https:\/\/api.w.org\/{rel}","templated":true}]}}