{"id":563292,"date":"2025-11-27T23:37:12","date_gmt":"2025-11-27T23:37:12","guid":{"rendered":"https:\/\/www.europesays.com\/fr\/563292\/"},"modified":"2025-11-27T23:37:12","modified_gmt":"2025-11-27T23:37:12","slug":"la-promo-sur-le-benq-gv50","status":"publish","type":"post","link":"https:\/\/www.europesays.com\/fr\/563292\/","title":{"rendered":"la promo sur le BenQ GV50"},"content":{"rendered":"<p>\n    Il y a parfois des promotions qui tombent pile au moment o\u00f9 on commence \u00e0 se dire\u00a0: \u00ab Un vid\u00e9oprojecteur 4K \u00e0 la maison, pourquoi pas\u00a0?\u00a0\u00bb Le BenQ GP520 fait clairement partie de celles-l\u00e0. Pens\u00e9 comme un projecteur \u00ab pr\u00eat \u00e0 tout\u00a0\u00bb, simple \u00e0 installer et taill\u00e9 pour les films, les s\u00e9ries, les jeux vid\u00e9o ou une soir\u00e9e en famille, il passe aujourd\u2019hui de 1199 euros \u00e0 999 euros, soit 200 euros de moins. Et vu ce qu\u2019il propose, la baisse n\u2019est pas juste sympa\u00a0: elle le rend enfin vraiment accessible pour ceux qui veulent transformer un mur blanc en \u00e9cran de cin\u00e9ma.<\/p>\n<p class=\"fig-body-cta-link\" data-module=\"fig-cta-link\" data-context=\"was @visible\">\n    <a class=\"fig-body-cta-link__link\" href=\"https:\/\/c3po.link\/Qyd83FrVqW\" target=\"_blank\" rel=\"sponsored noopener\" data-js-gtm=\"{&quot;event&quot;:&quot;customEventGA4&quot;,&quot;eventName&quot;:&quot;click_exit&quot;,&quot;button_action&quot;:&quot;crossclick&quot;,&quot;feature&quot;:&quot;Contextuel_bouton&quot;,&quot;feature_details&quot;:&quot;D\\u00c9COUVREZ L\\u2019OFFRE BENQ GP520&quot;,&quot;link_url&quot;:&quot;https:\\\/\\\/c3po.link\\\/Qyd83FrVqW&quot;}\"><br \/>\n                D\u00c9COUVREZ L\u2019OFFRE BENQ GP520<br \/>\n    <\/a>\n<\/p>\n<p>                                            <strong>Pourquoi le BenQ GP520 m\u00e9rite votre attention\u00a0?<\/strong><\/p>\n<p class=\"fig-paragraph\">Le GP520 a \u00e9t\u00e9 con\u00e7u pour quelque chose de tr\u00e8s simple\u00a0: fournir une image 4K lumineuse, nette et fluide dans n\u2019importe quel salon, sans avoir \u00e0 devenir expert en vid\u00e9oprojection. On le pose, il se d\u00e9brouille. Litt\u00e9ralement.<\/p>\n<p class=\"fig-paragraph\">Les grandes forces du mod\u00e8le\u00a0:<\/p>\n<ul class=\"fig-list\">\n<li><strong>Vraie 4K UHD + HDR<\/strong><\/li>\n<li><strong>2600 lumens ANSI<\/strong>, assez lumineux pour une pi\u00e8ce de vie<\/li>\n<li><strong>Adaptation automatique \u00e0 la lumi\u00e8re ambiante<\/strong><\/li>\n<li><strong>Netflix + Google TV int\u00e9gr\u00e9s<\/strong><\/li>\n<li><strong>Latence faible pour le gaming<\/strong> (17,9 ms)<\/li>\n<li><strong>Son Dolby Atmos via HDMI eARC<\/strong><\/li>\n<li><strong>Connectique moderne<\/strong>\u00a0: HDMI 2.1, USB-C, Wi-Fi 6, Bluetooth 5.2<\/li>\n<\/ul>\n<p class=\"fig-paragraph\">Ce qui impressionne surtout, c\u2019est la facilit\u00e9\u00a0: le GP520 corrige la perspective, s\u2019aligne, ajuste la luminosit\u00e9, se met au point tout seul. On allume, l\u2019image appara\u00eet parfaitement droite et propre en quelques secondes. Pour un appareil 4K qui monte jusqu\u2019\u00e0 <strong>180 pouces<\/strong>, c\u2019est exactement ce que la plupart des utilisateurs veulent\u00a0: z\u00e9ro prise de t\u00eate.<\/p>\n<p>                                            <strong>Une image vraiment lumineuse (m\u00eame en journ\u00e9e)<\/strong><\/p>\n<p class=\"fig-paragraph\">Les 2600 lumens ANSI permettent de regarder un film ou un match m\u00eame si la pi\u00e8ce n\u2019est pas enti\u00e8rement dans le noir. Pas besoin de fermer tous les volets \u00e0 15h en plein week-end\u00a0: le rendu reste clair, contrast\u00e9, agr\u00e9able. La technologie <strong>DLP 4LED<\/strong> assure une colorim\u00e9trie tr\u00e8s stable, et BenQ fait partie des rares fabricants dont la calibration d\u2019usine est vraiment bonne. Les couleurs tombent juste d\u00e8s la sortie du carton.<\/p>\n<p>    Le BenQ GP520 peut projeter une image 4K lumineuse jusqu\u2019\u00e0 180 pouces, m\u00eame dans un salon l\u00e9g\u00e8rement \u00e9clair\u00e9.<br \/>\n                GulArt &#8211; stock.adobe.com<\/p>\n<p>                                            <strong>Google TV et Netflix int\u00e9gr\u00e9s\u00a0: on branche, on regarde<\/strong><\/p>\n<p class=\"fig-paragraph\">Pas besoin de Fire Stick, pas besoin de box TV, rien \u00e0 ajouter. Tout est directement dedans\u00a0: Netflix, Prime Video, Disney+, YouTube\u2026 L\u2019interface Google TV est fluide, les recommandations fonctionnent tr\u00e8s bien, et la projection sans fil via Google Cast ou AirPlay facilite encore plus les choses.<\/p>\n<p>                                            <strong>Parfait aussi pour jouer<\/strong><\/p>\n<p class=\"fig-paragraph\">Avec <strong>17,9 ms de latence en 4K<\/strong>, le GP520 est beaucoup plus r\u00e9actif que la majorit\u00e9 des projecteurs du march\u00e9. Pour les utilisateurs de PS5, Xbox Series X ou Nintendo Switch, c\u2019est un vrai plus\u00a0: les mouvements sont nets, pr\u00e9cis, sans tra\u00een\u00e9es. On peut jouer sur 3 m\u00e8tres de diagonale sans sentir de flou ou de retard.<\/p>\n<p>                                            <strong>Un bon son int\u00e9gr\u00e9, et mieux si on veut<\/strong><\/p>\n<p class=\"fig-paragraph\">Le projecteur poss\u00e8de <strong>deux haut-parleurs 12 W<\/strong>, largement suffisants pour regarder une s\u00e9rie. Mais il peut aussi envoyer le son vers une barre de son ou un ampli via <strong>HDMI eARC<\/strong>, pour profiter du <strong>Dolby Atmos<\/strong>. On peut donc commencer simple, puis am\u00e9liorer le setup plus tard, sans devoir changer de mat\u00e9riel.<\/p>\n<p>                                            <strong>L\u2019info \u00e0 ne pas manquer\u00a0: la promo sur le BenQ GV50<\/strong><\/p>\n<p class=\"fig-paragraph\">Si le budget du GP520 reste un peu trop haut, il y a une autre offre tr\u00e8s int\u00e9ressante en parall\u00e8le\u00a0: le <strong>BenQ GV50<\/strong>, un mod\u00e8le portable Full HD pens\u00e9 pour les projections nomades ou au plafond, passe de <strong>699 euros \u00e0 599 euros<\/strong>. Il s\u2019adresse surtout \u00e0 ceux qui veulent quelque chose de l\u00e9ger, flexible, facile \u00e0 d\u00e9placer. Un mini-cin\u00e9ma qui tient dans un sac, avec Google TV, un bon syst\u00e8me audio 2.1 et une rotation \u00e0 360\u00b0.<\/p>\n<p class=\"fig-body-cta-link\" data-module=\"fig-cta-link\" data-context=\"was @visible\">\n    <a class=\"fig-body-cta-link__link\" href=\"https:\/\/c3po.link\/Qy2Pf8Whjj\" target=\"_blank\" rel=\"sponsored noopener\" data-js-gtm=\"{&quot;event&quot;:&quot;customEventGA4&quot;,&quot;eventName&quot;:&quot;click_exit&quot;,&quot;button_action&quot;:&quot;crossclick&quot;,&quot;feature&quot;:&quot;Contextuel_bouton&quot;,&quot;feature_details&quot;:&quot;VOIR LA PROMO SUR LE GV50 (-100 EUROS)&quot;,&quot;link_url&quot;:&quot;https:\\\/\\\/c3po.link\\\/Qy2Pf8Whjj&quot;}\"><br \/>\n                VOIR LA PROMO SUR LE GV50 (-100 EUROS)<br \/>\n    <\/a>\n<\/p>\n<p>    Le BenQ GV50 est pens\u00e9 pour projeter au mur comme au plafond\u00a0: parfait pour une s\u00e9ance depuis son lit.<br \/>\n                BenQ<\/p>\n<p>                                            <strong>Le BenQ GP520\u00a0: pourquoi c\u2019est le moment de craquer\u00a0?<\/strong><\/p>\n<p class=\"fig-paragraph\">Parce que c\u2019est un projecteur 4K complet, propre, lumineux, simple \u00e0 vivre. Parfait pour ceux qui veulent faire du cin\u00e9ma \u00e0 la maison sans bricoler, sans se ruiner et sans devoir r\u00e9gler quinze param\u00e8tres. Avec 200 euros de remise, c\u2019est aujourd\u2019hui l\u2019un des meilleurs rapports qualit\u00e9\/prix dans la cat\u00e9gorie des mod\u00e8les lifestyle 4K.<\/p>\n<p class=\"fig-body-cta-link\" data-module=\"fig-cta-link\" data-context=\"was @visible\">\n    <a class=\"fig-body-cta-link__link\" href=\"https:\/\/c3po.link\/Qyd83FrVqW\" target=\"_blank\" rel=\"sponsored noopener\" data-js-gtm=\"{&quot;event&quot;:&quot;customEventGA4&quot;,&quot;eventName&quot;:&quot;click_exit&quot;,&quot;button_action&quot;:&quot;crossclick&quot;,&quot;feature&quot;:&quot;Contextuel_bouton&quot;,&quot;feature_details&quot;:&quot;PROFITER DE L\\u2019OFFRE BENQ GP520&quot;,&quot;link_url&quot;:&quot;https:\\\/\\\/c3po.link\\\/Qyd83FrVqW&quot;}\"><br \/>\n                PROFITER DE L\u2019OFFRE BENQ GP520<br \/>\n    <\/a>\n<\/p>\n<p class=\"fig-paragraph\">Contenu con\u00e7u et propos\u00e9 par Experts Shopping High-Tech. L\u2019\u00e9quipe Shopping du Figaro est ind\u00e9pendante de la r\u00e9daction.\u00a0<\/p>\n<p>Les prix mentionn\u00e9s dans cet article le sont \u00e0 titre indicatif. Lorsque vous achetez via nos liens de vente, nous pouvons percevoir une commission d\u2019affiliation.<\/p>\n","protected":false},"excerpt":{"rendered":"Il y a parfois des promotions qui tombent pile au moment o\u00f9 on commence \u00e0 se dire\u00a0: \u00ab&hellip;\n","protected":false},"author":2,"featured_media":563293,"comment_status":"","ping_status":"","sticky":false,"template":"","format":"standard","meta":{"footnotes":""},"categories":[7],"tags":[1011,27,142,43,40,41,39,42,44],"class_list":{"0":"post-563292","1":"post","2":"type-post","3":"status-publish","4":"format-standard","5":"has-post-thumbnail","7":"category-sciences-et-technologies","8":"tag-fr","9":"tag-france","10":"tag-high-tech","11":"tag-science","12":"tag-science-and-technology","13":"tag-sciences","14":"tag-sciences-et-technologies","15":"tag-technologies","16":"tag-technology"},"share_on_mastodon":{"url":"https:\/\/pubeurope.com\/@fr\/115624296108168431","error":""},"_links":{"self":[{"href":"https:\/\/www.europesays.com\/fr\/wp-json\/wp\/v2\/posts\/563292","targetHints":{"allow":["GET"]}}],"collection":[{"href":"https:\/\/www.europesays.com\/fr\/wp-json\/wp\/v2\/posts"}],"about":[{"href":"https:\/\/www.europesays.com\/fr\/wp-json\/wp\/v2\/types\/post"}],"author":[{"embeddable":true,"href":"https:\/\/www.europesays.com\/fr\/wp-json\/wp\/v2\/users\/2"}],"replies":[{"embeddable":true,"href":"https:\/\/www.europesays.com\/fr\/wp-json\/wp\/v2\/comments?post=563292"}],"version-history":[{"count":0,"href":"https:\/\/www.europesays.com\/fr\/wp-json\/wp\/v2\/posts\/563292\/revisions"}],"wp:featuredmedia":[{"embeddable":true,"href":"https:\/\/www.europesays.com\/fr\/wp-json\/wp\/v2\/media\/563293"}],"wp:attachment":[{"href":"https:\/\/www.europesays.com\/fr\/wp-json\/wp\/v2\/media?parent=563292"}],"wp:term":[{"taxonomy":"category","embeddable":true,"href":"https:\/\/www.europesays.com\/fr\/wp-json\/wp\/v2\/categories?post=563292"},{"taxonomy":"post_tag","embeddable":true,"href":"https:\/\/www.europesays.com\/fr\/wp-json\/wp\/v2\/tags?post=563292"}],"curies":[{"name":"wp","href":"https:\/\/api.w.org\/{rel}","templated":true}]}}