{"id":563294,"date":"2025-11-27T23:38:13","date_gmt":"2025-11-27T23:38:13","guid":{"rendered":"https:\/\/www.europesays.com\/fr\/563294\/"},"modified":"2025-11-27T23:38:13","modified_gmt":"2025-11-27T23:38:13","slug":"le-groupe-dexperts-sur-le-smic-preconise-a-nouveau-de-ne-pas-laugmenter-et-sattire-les-foudres-de-la-patronne-de-la-cgt-actualites","status":"publish","type":"post","link":"https:\/\/www.europesays.com\/fr\/563294\/","title":{"rendered":"Le groupe d\u2019experts sur le Smic pr\u00e9conise \u00e0 nouveau de ne pas l\u2019augmenter et s&rsquo;attire les foudres de la patronne de la CGT : Actualit\u00e9s"},"content":{"rendered":"<p class=\"lead \"><strong>Le groupe d\u2019experts sur le Smic recommande au Premier ministre, dans son rapport publi\u00e9 jeudi 27 novembre, de limiter la hausse du salaire minimum \u00e0 sa revalorisation automatique annuelle, soit 1,4 % sans coup de pouce suppl\u00e9mentaire. Une d\u00e9cision qui a suscit\u00e9 l&rsquo;ire de la patronne de la CGT, Sophie Binet.<\/strong><\/p>\n<p class=\"lead \">Le groupe d\u2019experts sur le Smic a recommand\u00e9, dans son rapport annuel publi\u00e9 jeudi 27 novembre, au gouvernement de ne pas rehausser le salaire minimum en 2026. \u00ab\u00a0La revalorisation automatique du 1er janvier 2026 pourrait [d\u00e9j\u00e0] se situer autour de 1,4 % alors que l\u2019inflation devrait \u00eatre proche de 1 %\u00a0\u00bb, justifient les auteurs dans leur rapport, consult\u00e9 par <a href=\"https:\/\/www.lefigaro.fr\/conjoncture\/pourquoi-les-experts-recommandent-de-ne-pas-donner-de-coup-de-pouce-au-smic-20251127\" target=\"_blank\" rel=\"noopener\">Le Figaro<\/a>.<\/p>\n<p class=\"lead \">Le groupe d\u2019experts explique aussi leur pr\u00e9conisation par \u00ab\u00a0le ralentissement du march\u00e9 du travail\u00a0\u00bb et \u00ab\u00a0le co\u00fbt tr\u00e8s important des exon\u00e9rations\u00a0\u00bb de charges patronales sur les bas salaires. Leur conclusion est donc de \u00ab\u00a0ne pas aller au-del\u00e0 de la revalorisation automatique pr\u00e9vue par le Code du travail\u00a0\u00bb.<\/p>\n<p class=\"lead \">Le Smic est augment\u00e9 chaque ann\u00e9e d\u2019apr\u00e8s le Code du travail en fonction de \u00ab\u00a0l\u2019inflation subie par les 20 % des m\u00e9nages les plus modestes et de la moiti\u00e9 du gain de pouvoir d\u2019achat des ouvriers et employ\u00e9s r\u00e9mun\u00e9r\u00e9s au salaire horaire de base\u00a0\u00bb, rappelle Le Figaro. Le Premier ministre peut ensuite d\u00e9cider, apr\u00e8s avoir re\u00e7u l\u2019avis du groupe d\u2019experts, d\u2019aller au-del\u00e0 de cette hausse m\u00e9canique ou de s\u2019en contenter.<\/p>\n<p>                                                                                                Sophie Binet d\u00e9nonce la recommandation du groupe d\u2019experts<\/p>\n<p class=\"lead \">\u00ab\u00a0Cela fait dix-sept ans que ce groupe d\u2019experts existe et cela fait dix-sept ans que chaque ann\u00e9e il recommande de ne pas donner ce coup de pouce\u00a0\u00bb, a fustig\u00e9 Sophie Binet, invit\u00e9e sur le plateau de <a href=\"https:\/\/www.bfmtv.com\/economie\/economie-social\/social\/la-france-est-un-pays-de-bas-salaires-sophie-binet-fustige-l-absence-de-coup-de-pouce-pour-le-smic-recommandee-par-un-groupe-d-experts-et-accuse-le-patronat-de-refuser-toute-augmentation_AV-202511270911.html\" target=\"_blank\" rel=\"noopener\">BFMTV<\/a> jeudi 27 novembre. \u00ab\u00a0Le probl\u00e8me que nous allons avoir l\u2019ann\u00e9e prochaine, c\u2019est que non seulement le Smic ne va pas augmenter mais les autres salaires non plus. Parce que ce que nous voyons dans les n\u00e9gociations salariales c\u2019est que partout c\u2019est z\u00e9ro (augmentation)\u00a0\u00bb, a affirm\u00e9 la secr\u00e9taire g\u00e9n\u00e9rale de la CGT.<\/p>\n<p class=\"lead \">Si S\u00e9bastien Lecornu suit seulement les recommandations du groupe d\u2019experts, le Smic, qui est de 1 426,30 euros net par mois (1 801,80 euros brut) aujourd\u2019hui, augmentera d\u2019un peu moins de 20 euros net par mois en 2026.<\/p>\n<p class=\"lead \">Pour rappel, le groupe d\u2019experts sur le Smic est compos\u00e9 d\u2019\u00e9conomistes nomm\u00e9s tous les quatre ans par le Premier ministre et rend son avis \u00e0 chaque mois de novembre, indique Le Figaro. Depuis sa cr\u00e9ation en 2008, celui-ci n\u2019a jamais pr\u00e9conis\u00e9 de revaloriser le salaire minimum.<\/p>\n<p class=\"small font-weight-bold text-gray3 \"> publi\u00e9 le 27 novembre \u00e0 21h57, Lola Uguen, 6Medias<\/p>\n<p>                             Partager<\/p>\n","protected":false},"excerpt":{"rendered":"Le groupe d\u2019experts sur le Smic recommande au Premier ministre, dans son rapport publi\u00e9 jeudi 27 novembre, de&hellip;\n","protected":false},"author":2,"featured_media":563295,"comment_status":"","ping_status":"","sticky":false,"template":"","format":"standard","meta":{"footnotes":""},"categories":[6],"tags":[35,33,34,1011,27],"class_list":{"0":"post-563294","1":"post","2":"type-post","3":"status-publish","4":"format-standard","5":"has-post-thumbnail","7":"category-economie","8":"tag-business","9":"tag-economie","10":"tag-economy","11":"tag-fr","12":"tag-france"},"share_on_mastodon":{"url":"https:\/\/pubeurope.com\/@fr\/115624300051252734","error":""},"_links":{"self":[{"href":"https:\/\/www.europesays.com\/fr\/wp-json\/wp\/v2\/posts\/563294","targetHints":{"allow":["GET"]}}],"collection":[{"href":"https:\/\/www.europesays.com\/fr\/wp-json\/wp\/v2\/posts"}],"about":[{"href":"https:\/\/www.europesays.com\/fr\/wp-json\/wp\/v2\/types\/post"}],"author":[{"embeddable":true,"href":"https:\/\/www.europesays.com\/fr\/wp-json\/wp\/v2\/users\/2"}],"replies":[{"embeddable":true,"href":"https:\/\/www.europesays.com\/fr\/wp-json\/wp\/v2\/comments?post=563294"}],"version-history":[{"count":0,"href":"https:\/\/www.europesays.com\/fr\/wp-json\/wp\/v2\/posts\/563294\/revisions"}],"wp:featuredmedia":[{"embeddable":true,"href":"https:\/\/www.europesays.com\/fr\/wp-json\/wp\/v2\/media\/563295"}],"wp:attachment":[{"href":"https:\/\/www.europesays.com\/fr\/wp-json\/wp\/v2\/media?parent=563294"}],"wp:term":[{"taxonomy":"category","embeddable":true,"href":"https:\/\/www.europesays.com\/fr\/wp-json\/wp\/v2\/categories?post=563294"},{"taxonomy":"post_tag","embeddable":true,"href":"https:\/\/www.europesays.com\/fr\/wp-json\/wp\/v2\/tags?post=563294"}],"curies":[{"name":"wp","href":"https:\/\/api.w.org\/{rel}","templated":true}]}}