{"id":563305,"date":"2025-11-27T23:44:42","date_gmt":"2025-11-27T23:44:42","guid":{"rendered":"https:\/\/www.europesays.com\/fr\/563305\/"},"modified":"2025-11-27T23:44:42","modified_gmt":"2025-11-27T23:44:42","slug":"malzeville-le-vigneron-de-la-cote-rotie-pour-la-1re-fois-sur-le-marche","status":"publish","type":"post","link":"https:\/\/www.europesays.com\/fr\/563305\/","title":{"rendered":"Malz\u00e9ville. Le vigneron de la C\u00f4te R\u00f4tie pour la 1re fois sur le march\u00e9"},"content":{"rendered":"<p>Pour la 1re \u00a0fois sur le march\u00e9 mercredi apr\u00e8s midi, le vigneron de la C\u00f4te R\u00f4tie \u00e0 Malz\u00e9ville, Edouard Rodrigues des \u00ab\u00a0Terrasses d\u2019Amance\u00a0\u00bb proposait \u00e0 la d\u00e9gustation les produits de son exploitation agricole biologique\u00a0: vin blanc sec, vin blanc effervescent (\u00e0 consommer avec mod\u00e9ration), moutardes au thym, \u00e0 l\u2019estragon\u2026 et jus de fruits de pommes, poires et pommes-framboises.\ud83e\udd42<\/p>\n<p>Et d\u2019ici peu, peut-\u00eatre lors du march\u00e9 exceptionnel du mardi 23\u00a0d\u00e9cembre, la d\u00e9gustation de sa Cuv\u00e9e de Stanislas, produite et \u00e9lev\u00e9e \u00e0 la C\u00f4te R\u00f4tie sur les coteaux de Pix\u00e9r\u00e9court\u00a0!<\/p>\n","protected":false},"excerpt":{"rendered":"Pour la 1re \u00a0fois sur le march\u00e9 mercredi apr\u00e8s midi, le vigneron de la C\u00f4te R\u00f4tie \u00e0 Malz\u00e9ville,&hellip;\n","protected":false},"author":2,"featured_media":563306,"comment_status":"","ping_status":"","sticky":false,"template":"","format":"standard","meta":{"footnotes":""},"categories":[9635],"tags":[1111,11,4406,33,1704,1777,674,1011,27,775,11259,11260,1702,12,25],"class_list":{"0":"post-563305","1":"post","2":"type-post","3":"status-publish","4":"format-standard","5":"has-post-thumbnail","7":"category-nancy","8":"tag-actu","9":"tag-actualites","10":"tag-commerce-et-services","11":"tag-economie","12":"tag-edition-nancy-et-agglomeration","13":"tag-eu","14":"tag-europe","15":"tag-fr","16":"tag-france","17":"tag-grand-est","18":"tag-malzeville","19":"tag-metropole-du-grand-nancy-54b4","20":"tag-nancy","21":"tag-news","22":"tag-republique-francaise"},"share_on_mastodon":{"url":"https:\/\/pubeurope.com\/@fr\/115624323623943262","error":""},"_links":{"self":[{"href":"https:\/\/www.europesays.com\/fr\/wp-json\/wp\/v2\/posts\/563305","targetHints":{"allow":["GET"]}}],"collection":[{"href":"https:\/\/www.europesays.com\/fr\/wp-json\/wp\/v2\/posts"}],"about":[{"href":"https:\/\/www.europesays.com\/fr\/wp-json\/wp\/v2\/types\/post"}],"author":[{"embeddable":true,"href":"https:\/\/www.europesays.com\/fr\/wp-json\/wp\/v2\/users\/2"}],"replies":[{"embeddable":true,"href":"https:\/\/www.europesays.com\/fr\/wp-json\/wp\/v2\/comments?post=563305"}],"version-history":[{"count":0,"href":"https:\/\/www.europesays.com\/fr\/wp-json\/wp\/v2\/posts\/563305\/revisions"}],"wp:featuredmedia":[{"embeddable":true,"href":"https:\/\/www.europesays.com\/fr\/wp-json\/wp\/v2\/media\/563306"}],"wp:attachment":[{"href":"https:\/\/www.europesays.com\/fr\/wp-json\/wp\/v2\/media?parent=563305"}],"wp:term":[{"taxonomy":"category","embeddable":true,"href":"https:\/\/www.europesays.com\/fr\/wp-json\/wp\/v2\/categories?post=563305"},{"taxonomy":"post_tag","embeddable":true,"href":"https:\/\/www.europesays.com\/fr\/wp-json\/wp\/v2\/tags?post=563305"}],"curies":[{"name":"wp","href":"https:\/\/api.w.org\/{rel}","templated":true}]}}