{"id":563313,"date":"2025-11-27T23:51:49","date_gmt":"2025-11-27T23:51:49","guid":{"rendered":"https:\/\/www.europesays.com\/fr\/563313\/"},"modified":"2025-11-27T23:51:49","modified_gmt":"2025-11-27T23:51:49","slug":"un-3%e1%b5%89-ouigo-quotidien-entre-montpellier-et-paris","status":"publish","type":"post","link":"https:\/\/www.europesays.com\/fr\/563313\/","title":{"rendered":"un 3\u1d49 OUIGO quotidien entre Montpellier et Paris"},"content":{"rendered":"<p> <strong>Un d\u00e9veloppement ambitieux mais concret<\/strong><\/p>\n<p style=\"text-align: justify;\">\u00a0<\/p>\n<p style=\"text-align: justify;\">Ce nouveau train viendra s\u2019ajouter aux deux allers-retours d\u00e9j\u00e0 en service et passera par N\u00eemes et Lyon Saint-Exup\u00e9ry, ce qui rend les correspondances plus pratiques pour tout le monde.<\/p>\n<p style=\"text-align: justify;\">Cette liaison fait partie du plan \u201c3&#215;30\u201d de OUIGO : 30 % de trafic en plus, 30 % de clients suppl\u00e9mentaires et 30 % de rames suppl\u00e9mentaires d\u2019ici 2030. En clair, \u00e7a veut dire plus de trains, plus de destinations et un service mieux adapt\u00e9 \u00e0 nos besoins.<\/p>\n<p style=\"text-align: justify;\">D\u2019autres nouveaut\u00e9s sont pr\u00e9vues pour les mois et ann\u00e9es \u00e0 venir : d\u00e8s ce mois de d\u00e9cembre, des OUIGO relieront Paris \u00e0 la Bretagne et au sud-ouest. Et d\u2019ici mi-2027, une ligne Lyon\u2013Bordeaux sera ouverte, avec un trajet d\u2019environ 5 heures via Massy TGV, Poitiers, Saint-Pierre-des-Corps et Angoul\u00eame.<\/p>\n<p style=\"text-align: justify;\">\u00a0<\/p>\n<p><strong>Des services pratiques pour les voyageurs<\/strong><\/p>\n<p style=\"text-align: justify;\">\u00a0<\/p>\n<p style=\"text-align: justify;\">Si vous avez d\u00e9j\u00e0 utilis\u00e9 OUIGO, vous connaissez peut-\u00eatre OUIGOSWAP : ce syst\u00e8me permet de revendre un billet non utilis\u00e9 et de r\u00e9cup\u00e9rer 80 % de sa valeur. Pour l\u2019acheteur, c\u2019est une belle opportunit\u00e9 de voyager jusqu\u2019\u00e0 50 % moins cher.<\/p>\n<p style=\"text-align: justify;\">Autre petite nouveaut\u00e9 : les agents OUIGO auront bient\u00f4t de nouvelles tenues, plus modernes et confortables, pour un service encore plus agr\u00e9able en gare et \u00e0 bord.<\/p>\n<p style=\"text-align: justify;\">\u00a0<\/p>\n<p><strong>Montpellier, mieux connect\u00e9e<\/strong><\/p>\n<p style=\"text-align: justify;\">\u00a0<\/p>\n<p style=\"text-align: justify;\">Avec ce troisi\u00e8me aller-retour, Montpellier et l\u2019Occitanie gagnent en connexion directe avec Paris, et \u00e7a simplifie vraiment la vie de ceux qui voyagent r\u00e9guli\u00e8rement. Un pas concret vers une mobilit\u00e9 plus pratique, rapide et accessible pour les gardois et les h\u00e9raultais.<\/p>\n","protected":false},"excerpt":{"rendered":"Un d\u00e9veloppement ambitieux mais concret \u00a0 Ce nouveau train viendra s\u2019ajouter aux deux allers-retours d\u00e9j\u00e0 en service et&hellip;\n","protected":false},"author":2,"featured_media":563314,"comment_status":"","ping_status":"","sticky":false,"template":"","format":"standard","meta":{"footnotes":""},"categories":[9599],"tags":[1111,11,67944,67939,67942,1777,674,67938,1011,27,67946,57574,1137,2208,12,2682,2680,67947,23443,67943,626,67940,67941,25,52371,926,67937,67945],"class_list":{"0":"post-563313","1":"post","2":"type-post","3":"status-publish","4":"format-standard","5":"has-post-thumbnail","7":"category-montpellier","8":"tag-actu","9":"tag-actualites","10":"tag-billet-reduit","11":"tag-connexion-directe","12":"tag-destinations-nouvelles","13":"tag-eu","14":"tag-europe","15":"tag-flexibilite","16":"tag-fr","17":"tag-france","18":"tag-ligne-lyon-bordeaux","19":"tag-lyon-saint-exupery","20":"tag-mobilite","21":"tag-montpellier","22":"tag-news","23":"tag-nimes","24":"tag-occitanie","25":"tag-occitanie-connectee","26":"tag-ouigo","27":"tag-ouigoswap","28":"tag-paris","29":"tag-plan-3x30","30":"tag-rames-supplementaires","31":"tag-republique-francaise","32":"tag-trafic-ferroviaire","33":"tag-train","34":"tag-trajet","35":"tag-voyage-economique"},"share_on_mastodon":{"url":"https:\/\/pubeurope.com\/@fr\/115624354964004936","error":""},"_links":{"self":[{"href":"https:\/\/www.europesays.com\/fr\/wp-json\/wp\/v2\/posts\/563313","targetHints":{"allow":["GET"]}}],"collection":[{"href":"https:\/\/www.europesays.com\/fr\/wp-json\/wp\/v2\/posts"}],"about":[{"href":"https:\/\/www.europesays.com\/fr\/wp-json\/wp\/v2\/types\/post"}],"author":[{"embeddable":true,"href":"https:\/\/www.europesays.com\/fr\/wp-json\/wp\/v2\/users\/2"}],"replies":[{"embeddable":true,"href":"https:\/\/www.europesays.com\/fr\/wp-json\/wp\/v2\/comments?post=563313"}],"version-history":[{"count":0,"href":"https:\/\/www.europesays.com\/fr\/wp-json\/wp\/v2\/posts\/563313\/revisions"}],"wp:featuredmedia":[{"embeddable":true,"href":"https:\/\/www.europesays.com\/fr\/wp-json\/wp\/v2\/media\/563314"}],"wp:attachment":[{"href":"https:\/\/www.europesays.com\/fr\/wp-json\/wp\/v2\/media?parent=563313"}],"wp:term":[{"taxonomy":"category","embeddable":true,"href":"https:\/\/www.europesays.com\/fr\/wp-json\/wp\/v2\/categories?post=563313"},{"taxonomy":"post_tag","embeddable":true,"href":"https:\/\/www.europesays.com\/fr\/wp-json\/wp\/v2\/tags?post=563313"}],"curies":[{"name":"wp","href":"https:\/\/api.w.org\/{rel}","templated":true}]}}