{"id":563315,"date":"2025-11-27T23:54:31","date_gmt":"2025-11-27T23:54:31","guid":{"rendered":"https:\/\/www.europesays.com\/fr\/563315\/"},"modified":"2025-11-27T23:54:31","modified_gmt":"2025-11-27T23:54:31","slug":"rouen-appel-a-temoins-pour-retrouver-louanne-14-ans-disparue-depuis-vingt-jours","status":"publish","type":"post","link":"https:\/\/www.europesays.com\/fr\/563315\/","title":{"rendered":"Rouen : Appel \u00e0 t\u00e9moins pour retrouver Louanne, 14 ans, disparue depuis vingt jours"},"content":{"rendered":"<p class=\"mb-4 text-lg md:leading-8 break-words\"><strong>Disparition inqui\u00e9tante &#8211; La police de Seine-Maritime lance un appel \u00e0 t\u00e9moin pour retrouver Louanne, une adolescente de 14 ans disparue \u00ab\u00a0depuis son coll\u00e8ge\u00a0\u00bb de Canteleu le 7\u00a0novembre, d\u00e9crite comme \u00ab\u00a0tr\u00e8s mince\u00a0\u00bb avec des cheveux ch\u00e2tains et des yeux marron<\/strong><\/p>\n<p class=\"mb-4 text-lg md:leading-8 break-words\">La police de <a href=\"https:\/\/www.20minutes.fr\/dossier\/seine_maritime-1?at_medium=RSS%20feed&amp;at_campaign=ynews&amp;utm_source=yahoo&amp;utm_medium=rss&amp;utm_campaign=news_feed&amp;utm_content=in_article_link\" rel=\"nofollow noopener\" target=\"_blank\" data-ylk=\"slk:Seine-Maritime;elm:context_link;itc:0;sec:content-canvas\" class=\"link \">Seine-Maritime<\/a> a lanc\u00e9 un appel \u00e0 t\u00e9moins pour retrouver Louanne. \u00c2g\u00e9e de 14 ans, l\u2019adolescente a disparu depuis le 7\u00a0novembre \u00ab\u00a0depuis son <a href=\"https:\/\/www.20minutes.fr\/dossier\/college?at_medium=RSS%20feed&amp;at_campaign=ynews&amp;utm_source=yahoo&amp;utm_medium=rss&amp;utm_campaign=news_feed&amp;utm_content=in_article_link\" rel=\"nofollow noopener\" target=\"_blank\" data-ylk=\"slk:coll\u00e8ge;elm:context_link;itc:0;sec:content-canvas\" class=\"link \">coll\u00e8ge<\/a>\u00a0\u00bb situ\u00e9 sur la commune de Canteleu, dans l\u2019agglom\u00e9ration de <a href=\"https:\/\/www.20minutes.fr\/dossier\/rouen?at_medium=RSS%20feed&amp;at_campaign=ynews&amp;utm_source=yahoo&amp;utm_medium=rss&amp;utm_campaign=news_feed&amp;utm_content=in_article_link\" rel=\"nofollow noopener\" target=\"_blank\" data-ylk=\"slk:Rouen;elm:context_link;itc:0;sec:content-canvas\" class=\"link \">Rouen<\/a>. Elle aurait \u00e9t\u00e9 vue dans le quartier Saint-Sever dans le courant de la semaine.<\/p>\n<p class=\"mb-4 text-lg md:leading-8 break-words\">\u00ab\u00a0Tr\u00e8s mince\u00a0\u00bb, les cheveux ch\u00e2tains, longs et lisses, de type europ\u00e9en, elle a les yeux marron et mesure 1,60\u00a0m. Elle portait un surv\u00eatement noir de la marque Under Amour lors de sa disparition. Toute personne l\u2019ayant vue ou ayant des infirmations est pri\u00e9e de contacter le commissariat de Rouen au 02\u00a032\u00a081\u00a025\u00a000.<\/p>\n<p>Dans le m\u00eame \u00e9tablissement que le jeune Alexandr<\/p>\n<p class=\"mb-4 text-lg md:leading-8 break-words\">Selon <a href=\"https:\/\/france3-regions.franceinfo.fr\/normandie\/seine-maritime\/rouen\/disparition-inquietante-d-une-mineure-pres-de-rouen-3256624.html?at_medium=RSS%20feed&amp;at_campaign=ynews&amp;utm_source=yahoo&amp;utm_medium=rss&amp;utm_campaign=news_feed&amp;utm_content=in_article_link\" rel=\"nofollow noopener\" target=\"_blank\" data-ylk=\"slk:France 3 Normandie;elm:context_link;itc:0;sec:content-canvas\" class=\"link \">France 3 Normandie<\/a>, les parents auraient re\u00e7u des messages r\u00e9guli\u00e8rement ces derniers jours. Malgr\u00e9 tout, la police souhaite relayer cette disparition jug\u00e9e inqui\u00e9tante, comme toute disparition de mineur. Elle \u00e9tait plac\u00e9e dans le foyer IDEFHI \u00e0 Canteleu.<\/p>\n<p class=\"mb-4 text-lg md:leading-8 break-words\">C\u2019est dans ce m\u00eame \u00e9tablissement que se trouvait Alexandr. Le jeune homme d\u2019origine ukrainienne avait lui aussi disparu, au cours de l\u2019\u00e9t\u00e9. Il avait \u00e9t\u00e9 emmen\u00e9 de force \u00e0 <a href=\"https:\/\/www.20minutes.fr\/dossier\/kiev?at_medium=RSS%20feed&amp;at_campaign=ynews&amp;utm_source=yahoo&amp;utm_medium=rss&amp;utm_campaign=news_feed&amp;utm_content=in_article_link\" rel=\"nofollow noopener\" target=\"_blank\" data-ylk=\"slk:Kiev;elm:context_link;itc:0;sec:content-canvas\" class=\"link \">Kiev<\/a> par sa m\u00e8re et son beau-p\u00e8re, avant d\u2019\u00eatre rapatri\u00e9 sain et sauf en France. Sa m\u00e8re et son beau-p\u00e8re ont \u00e9t\u00e9 condamn\u00e9s et la premi\u00e8re a \u00e9t\u00e9 d\u00e9chue de son autorit\u00e9 parentale.<\/p>\n<p class=\"mb-4 text-lg md:leading-8 break-words\"><a href=\"https:\/\/www.20minutes.fr\/faits_divers\/4188377-20251127-rouen-appel-temoins-retrouver-louanne-14-ans-disparue-depuis-vingt-jours?at_medium=RSS%20feed&amp;at_campaign=ynews&amp;utm_source=yahoo&amp;utm_medium=rss&amp;utm_campaign=news_feed&amp;utm_content=read_more_link&quot;\" rel=\"nofollow noopener\" target=\"_blank\" data-ylk=\"slk:Lire la suite sur 20minutes;elm:context_link;itc:0;sec:content-canvas\" class=\"link \">Lire la suite sur 20minutes<\/a><\/p>\n<p>\u00c0 lire aussi :<br \/><a href=\"https:\/\/www.20minutes.fr\/justice\/4187032-20251121-rouen-disparu-depuis-cinq-mois-alexandr-emmene-force-kiev-mere?at_medium=RSS%20feed&amp;at_campaign=ynews&amp;utm_source=yahoo&amp;utm_medium=rss&amp;utm_campaign=news_feed&amp;utm_content=related_content_link\" rel=\"nofollow noopener\" target=\"_blank\" data-ylk=\"slk:Rouen\u00a0: Disparu depuis cinq mois, Alexandr avait \u00e9t\u00e9 emmen\u00e9 de force \u00e0 Kiev par sa m\u00e8re;elm:context_link;itc:0;sec:content-canvas\" class=\"link \">Rouen\u00a0: Disparu depuis cinq mois, Alexandr avait \u00e9t\u00e9 emmen\u00e9 de force \u00e0 Kiev par sa m\u00e8re<\/a><br \/><a href=\"https:\/\/www.20minutes.fr\/faits_divers\/4157197-20250605-rouen-disparition-inquietante-ado-appel-temoins-lance?at_medium=RSS%20feed&amp;at_campaign=ynews&amp;utm_source=yahoo&amp;utm_medium=rss&amp;utm_campaign=news_feed&amp;utm_content=related_content_link\" rel=\"nofollow noopener\" target=\"_blank\" data-ylk=\"slk:Rouen\u00a0: Disparition inqui\u00e9tante d\u2019un ado, un appel \u00e0 t\u00e9moins lanc\u00e9;elm:context_link;itc:0;sec:content-canvas\" class=\"link \">Rouen\u00a0: Disparition inqui\u00e9tante d\u2019un ado, un appel \u00e0 t\u00e9moins lanc\u00e9<\/a><\/p>\n","protected":false},"excerpt":{"rendered":"Disparition inqui\u00e9tante &#8211; La police de Seine-Maritime lance un appel \u00e0 t\u00e9moin pour retrouver Louanne, une adolescente de&hellip;\n","protected":false},"author":2,"featured_media":563316,"comment_status":"","ping_status":"","sticky":false,"template":"","format":"standard","meta":{"footnotes":""},"categories":[9587],"tags":[1111,11,67948,67951,67949,1777,674,1011,27,3371,67950,12,5161,25,9590,5163],"class_list":{"0":"post-563315","1":"post","2":"type-post","3":"status-publish","4":"format-standard","5":"has-post-thumbnail","7":"category-rouen","8":"tag-actu","9":"tag-actualites","10":"tag-appel-a-temoin","11":"tag-canteleu","12":"tag-cheveux-chatains","13":"tag-eu","14":"tag-europe","15":"tag-fr","16":"tag-france","17":"tag-la-police","18":"tag-louanne","19":"tag-news","20":"tag-normandie","21":"tag-republique-francaise","22":"tag-rouen","23":"tag-seine-maritime"},"share_on_mastodon":{"url":"https:\/\/pubeurope.com\/@fr\/115624363029251898","error":""},"_links":{"self":[{"href":"https:\/\/www.europesays.com\/fr\/wp-json\/wp\/v2\/posts\/563315","targetHints":{"allow":["GET"]}}],"collection":[{"href":"https:\/\/www.europesays.com\/fr\/wp-json\/wp\/v2\/posts"}],"about":[{"href":"https:\/\/www.europesays.com\/fr\/wp-json\/wp\/v2\/types\/post"}],"author":[{"embeddable":true,"href":"https:\/\/www.europesays.com\/fr\/wp-json\/wp\/v2\/users\/2"}],"replies":[{"embeddable":true,"href":"https:\/\/www.europesays.com\/fr\/wp-json\/wp\/v2\/comments?post=563315"}],"version-history":[{"count":0,"href":"https:\/\/www.europesays.com\/fr\/wp-json\/wp\/v2\/posts\/563315\/revisions"}],"wp:featuredmedia":[{"embeddable":true,"href":"https:\/\/www.europesays.com\/fr\/wp-json\/wp\/v2\/media\/563316"}],"wp:attachment":[{"href":"https:\/\/www.europesays.com\/fr\/wp-json\/wp\/v2\/media?parent=563315"}],"wp:term":[{"taxonomy":"category","embeddable":true,"href":"https:\/\/www.europesays.com\/fr\/wp-json\/wp\/v2\/categories?post=563315"},{"taxonomy":"post_tag","embeddable":true,"href":"https:\/\/www.europesays.com\/fr\/wp-json\/wp\/v2\/tags?post=563315"}],"curies":[{"name":"wp","href":"https:\/\/api.w.org\/{rel}","templated":true}]}}