{"id":563317,"date":"2025-11-27T23:55:19","date_gmt":"2025-11-27T23:55:19","guid":{"rendered":"https:\/\/www.europesays.com\/fr\/563317\/"},"modified":"2025-11-27T23:55:19","modified_gmt":"2025-11-27T23:55:19","slug":"social-la-grande-collecte-de-la-banque-alimentaire-de-lisere-est-lancee","status":"publish","type":"post","link":"https:\/\/www.europesays.com\/fr\/563317\/","title":{"rendered":"Social. La grande collecte de la Banque alimentaire de l&rsquo;Is\u00e8re est lanc\u00e9e"},"content":{"rendered":"<p>En 2024, ce sont 200 tonnes qui ont \u00e9t\u00e9 r\u00e9cup\u00e9r\u00e9es lors de la grande collecte de la Banque alimentaire de l\u2019Is\u00e8re, soit l\u2019\u00e9quivalent d\u2019environ 400\u00a0000 repas. Et elle esp\u00e8re faire encore mieux cette ann\u00e9e avec la collecte annuelle lanc\u00e9e ce jeudi 27\u00a0novembre et qui se poursuit jusqu\u2019\u00e0 ce dimanche 30\u00a0novembre.\u00a0<\/p>\n<p>Dans 143 points de collecte partenaires en Is\u00e8re (hypers et supermarch\u00e9s, commerces de proximit\u00e9\u2026) des b\u00e9n\u00e9voles r\u00e9cup\u00e9reront les dons des particuliers.<\/p>\n<p>Et les besoins sont nombreux\u00a0: les produits d\u2019hygi\u00e8ne corporelle et d\u2019\u00e9picerie s\u00e8che (p\u00e2tes, riz, caf\u00e9, sucre) sont importants mais aussi et surtout les conserves de l\u00e9gumes ou de poisson, de f\u00e9culents, de plats cuisin\u00e9s et d\u2019ingr\u00e9dients pour le petit-d\u00e9jeuner des enfants notamment (c\u00e9r\u00e9ales, biscuits,\u00a0etc.).<\/p>\n<p>Ces dons permettent d\u2019assurer l\u2019approvisionnement des mois d\u2019hiver que la Banque alimentaire compl\u00e8te par des produits frais obtenus par ailleurs et distribu\u00e9s tout au long de l\u2019ann\u00e9e.<\/p>\n<p>Pour cette grande collecte, 3\u00a0500 volontaires et b\u00e9n\u00e9voles des associations partenaires ou des entreprises m\u00e9c\u00e8nes sont mobilis\u00e9s. Jusqu\u2019\u00e0 dimanche, ils seront sur tous les fronts\u00a0: \u00e0 l\u2019entr\u00e9e des magasins, pour informer et collecter les dons de marchandises et dans <a href=\"https:\/\/www.ledauphine.com\/social\/2025\/09\/21\/a-la-banque-alimentaire-c-est-comme-faire-partie-d-une-ruche\" target=\"_blank\" rel=\"noopener\"> l\u2019entrep\u00f4t de Fontaine<\/a> pour trier et organiser les stocks.<\/p>\n<p>Il est par ailleurs possible de faire un don financier sur la plateforme en ligne <a href=\"https:\/\/monpaniersolidaire.banquealimentaire.org\/\" target=\"_blank\" rel=\"noopener\">monpaniersolidaire.org<\/a> \u00a0ou encore d\u2019apporter son aide en devenant b\u00e9n\u00e9vole sur le site <a href=\"https:\/\/www.jeveuxaider.gouv.fr\/\" target=\"_blank\" rel=\"noopener\">jeveuxaider.gouv.fr<\/a><\/p>\n","protected":false},"excerpt":{"rendered":"En 2024, ce sont 200 tonnes qui ont \u00e9t\u00e9 r\u00e9cup\u00e9r\u00e9es lors de la grande collecte de la Banque&hellip;\n","protected":false},"author":2,"featured_media":563318,"comment_status":"","ping_status":"","sticky":false,"template":"","format":"standard","meta":{"footnotes":""},"categories":[9566],"tags":[1111,11,2430,115,112,113,116,111,114,1777,674,9592,1011,27,2731,108,12,25,801,104,1631],"class_list":{"0":"post-563317","1":"post","2":"type-post","3":"status-publish","4":"format-standard","5":"has-post-thumbnail","7":"category-grenoble","8":"tag-actu","9":"tag-actualites","10":"tag-auvergne-rhone-alpes","11":"tag-edition-bourgoin-jallieu-nord-dauphine","12":"tag-edition-grenoble-agglomeration","13":"tag-edition-gresivaudan-oisans","14":"tag-edition-la-tour-du-pin-nord-dauphine","15":"tag-edition-vienne-roussillon","16":"tag-edition-voiron-saint-marcellin","17":"tag-eu","18":"tag-europe","19":"tag-fontaine","20":"tag-fr","21":"tag-france","22":"tag-grenoble","23":"tag-isere","24":"tag-news","25":"tag-republique-francaise","26":"tag-social","27":"tag-societe","28":"tag-vie-associative"},"share_on_mastodon":{"url":"https:\/\/pubeurope.com\/@fr\/115624369324146906","error":""},"_links":{"self":[{"href":"https:\/\/www.europesays.com\/fr\/wp-json\/wp\/v2\/posts\/563317","targetHints":{"allow":["GET"]}}],"collection":[{"href":"https:\/\/www.europesays.com\/fr\/wp-json\/wp\/v2\/posts"}],"about":[{"href":"https:\/\/www.europesays.com\/fr\/wp-json\/wp\/v2\/types\/post"}],"author":[{"embeddable":true,"href":"https:\/\/www.europesays.com\/fr\/wp-json\/wp\/v2\/users\/2"}],"replies":[{"embeddable":true,"href":"https:\/\/www.europesays.com\/fr\/wp-json\/wp\/v2\/comments?post=563317"}],"version-history":[{"count":0,"href":"https:\/\/www.europesays.com\/fr\/wp-json\/wp\/v2\/posts\/563317\/revisions"}],"wp:featuredmedia":[{"embeddable":true,"href":"https:\/\/www.europesays.com\/fr\/wp-json\/wp\/v2\/media\/563318"}],"wp:attachment":[{"href":"https:\/\/www.europesays.com\/fr\/wp-json\/wp\/v2\/media?parent=563317"}],"wp:term":[{"taxonomy":"category","embeddable":true,"href":"https:\/\/www.europesays.com\/fr\/wp-json\/wp\/v2\/categories?post=563317"},{"taxonomy":"post_tag","embeddable":true,"href":"https:\/\/www.europesays.com\/fr\/wp-json\/wp\/v2\/tags?post=563317"}],"curies":[{"name":"wp","href":"https:\/\/api.w.org\/{rel}","templated":true}]}}