{"id":563319,"date":"2025-11-27T23:58:13","date_gmt":"2025-11-27T23:58:13","guid":{"rendered":"https:\/\/www.europesays.com\/fr\/563319\/"},"modified":"2025-11-27T23:58:13","modified_gmt":"2025-11-27T23:58:13","slug":"du-changement-dans-les-transports-autour-de-grenoble","status":"publish","type":"post","link":"https:\/\/www.europesays.com\/fr\/563319\/","title":{"rendered":"du changement dans les transports autour de Grenoble"},"content":{"rendered":"<p itemprop=\"description\"><strong>Le massif du Vercors s\u2019appr\u00eate \u00e0 renforcer sa coop\u00e9ration avec l\u2019agglom\u00e9ration grenobloise en int\u00e9grant le Syndicat mixte des mobilit\u00e9s.<\/strong><\/p>\n<p>La Communaut\u00e9 de communes du massif du Vercors a confirm\u00e9 son entr\u00e9e au sein du Syndicat mixte des mobilit\u00e9s de l\u2019aire grenobloise. La d\u00e9cision, valid\u00e9e d\u2019abord par les \u00e9lus du plateau puis ent\u00e9rin\u00e9e par le conseil syndical du Smmag, ouvre la voie \u00e0 un transfert partiel de comp\u00e9tences.<\/p>\n<p>Dans un premier temps, seules les attributions obligatoires basculeront vers la structure m\u00e9tropolitaine, tandis que l\u2019organisation des transports collectifs restera g\u00e9r\u00e9e par la R\u00e9gion. \u00a0\u00a0<\/p>\n<p>Ce rapprochement vise avant tout \u00e0 mieux articuler les d\u00e9placements entre les villages du Vercors et l\u2019agglom\u00e9ration grenobloise. Cet axe est fr\u00e9quent\u00e9 par plusieurs milliers d\u2019habitants chaque jour.<\/p>\n","protected":false},"excerpt":{"rendered":"Le massif du Vercors s\u2019appr\u00eate \u00e0 renforcer sa coop\u00e9ration avec l\u2019agglom\u00e9ration grenobloise en int\u00e9grant le Syndicat mixte des&hellip;\n","protected":false},"author":2,"featured_media":563320,"comment_status":"","ping_status":"","sticky":false,"template":"","format":"standard","meta":{"footnotes":""},"categories":[9566],"tags":[1111,11,2813,2430,1109,251,1112,2811,1777,674,118,1011,27,21780,2731,14004,1922,1110,1114,108,12,316,25,2812,517,800],"class_list":{"0":"post-563319","1":"post","2":"type-post","3":"status-publish","4":"format-standard","5":"has-post-thumbnail","7":"category-grenoble","8":"tag-actu","9":"tag-actualites","10":"tag-article","11":"tag-auvergne-rhone-alpes","12":"tag-breves","13":"tag-culture","14":"tag-depeches","15":"tag-economique","16":"tag-eu","17":"tag-europe","18":"tag-faits-divers","19":"tag-fr","20":"tag-france","21":"tag-gf38","22":"tag-grenoble","23":"tag-grenoblemag","24":"tag-info","25":"tag-informations","26":"tag-infos","27":"tag-isere","28":"tag-news","29":"tag-politique","30":"tag-republique-francaise","31":"tag-sociale","32":"tag-sport","33":"tag-transports"},"share_on_mastodon":{"url":"https:\/\/pubeurope.com\/@fr\/115624379629939330","error":""},"_links":{"self":[{"href":"https:\/\/www.europesays.com\/fr\/wp-json\/wp\/v2\/posts\/563319","targetHints":{"allow":["GET"]}}],"collection":[{"href":"https:\/\/www.europesays.com\/fr\/wp-json\/wp\/v2\/posts"}],"about":[{"href":"https:\/\/www.europesays.com\/fr\/wp-json\/wp\/v2\/types\/post"}],"author":[{"embeddable":true,"href":"https:\/\/www.europesays.com\/fr\/wp-json\/wp\/v2\/users\/2"}],"replies":[{"embeddable":true,"href":"https:\/\/www.europesays.com\/fr\/wp-json\/wp\/v2\/comments?post=563319"}],"version-history":[{"count":0,"href":"https:\/\/www.europesays.com\/fr\/wp-json\/wp\/v2\/posts\/563319\/revisions"}],"wp:featuredmedia":[{"embeddable":true,"href":"https:\/\/www.europesays.com\/fr\/wp-json\/wp\/v2\/media\/563320"}],"wp:attachment":[{"href":"https:\/\/www.europesays.com\/fr\/wp-json\/wp\/v2\/media?parent=563319"}],"wp:term":[{"taxonomy":"category","embeddable":true,"href":"https:\/\/www.europesays.com\/fr\/wp-json\/wp\/v2\/categories?post=563319"},{"taxonomy":"post_tag","embeddable":true,"href":"https:\/\/www.europesays.com\/fr\/wp-json\/wp\/v2\/tags?post=563319"}],"curies":[{"name":"wp","href":"https:\/\/api.w.org\/{rel}","templated":true}]}}