{"id":563321,"date":"2025-11-27T23:59:15","date_gmt":"2025-11-27T23:59:15","guid":{"rendered":"https:\/\/www.europesays.com\/fr\/563321\/"},"modified":"2025-11-27T23:59:15","modified_gmt":"2025-11-27T23:59:15","slug":"cest-tres-peu-au-regard-de-tout-ce-que-jai-subi-accuse-de-conseiller-illegalement-les-demandeurs-demploi-en-bretagne-ce-rennais-gagne-devant","status":"publish","type":"post","link":"https:\/\/www.europesays.com\/fr\/563321\/","title":{"rendered":"\u00ab\u00a0C\u2019est tr\u00e8s peu au regard de tout ce que j\u2019ai subi\u00a0\u00bb\u00a0: accus\u00e9 de conseiller ill\u00e9galement les demandeurs d\u2019emploi en Bretagne, ce Rennais gagne devant la justice"},"content":{"rendered":"<p>Le tribunal de commerce de Rennes a rendu sa d\u00e9cision ce jeudi 27 novembre et a donn\u00e9 raison \u00e0 Yann Gaudin. \u00ab L\u2019exercice ill\u00e9gal de la profession d\u2019avocat et le trouble manifestement illicite ne sont pas d\u00e9montr\u00e9s \u00bb, conclut le tribunal de commerce. <\/p>\n<p>Le conseil de l\u2019Ordre des avocats du barreau de Rennes est donc d\u00e9bout\u00e9 de l\u2019ensemble de ses demandes \u00e0 l\u2019encontre de Yann Gaudin, dont celle de cesser son activit\u00e9. \u00ab Voil\u00e0 qui confirme ce qui aurait d\u00fb \u00eatre \u00e9vident pour tout le monde et m\u2019\u00e9viter toute cette proc\u00e9dure : les conseillers France Travail &#8211; salari\u00e9s de l\u2019institution ou ind\u00e9pendants &#8211; ne pratiquent pas la consultation juridique donc il ne s\u2019agit pas d\u2019un m\u00e9tier r\u00e9glement\u00e9 et pas du tout d\u2019un exercice ill\u00e9gal du m\u00e9tier d\u2019avocat \u00bb, a r\u00e9agi ensuite Yann Gaudin.<\/p>\n<p>Le Conseil de l\u2019Ordre condamn\u00e9 \u00e0 lui verser 2 000 \u20ac<\/p>\n<p>\u00ab Le tribunal de commerce a d\u00e9bout\u00e9 la partie adverse de ses attaques contre mon activit\u00e9 professionnelle, avec condamnation \u00e0 me payer 2 000 \u20ac au titre de mes frais de d\u00e9fense, se r\u00e9jouit Yann Gaudin sur ses r\u00e9seaux sociaux. C\u2019est tr\u00e8s peu au regard de tout ce que j\u2019ai subi mais je m\u2019en contenterai. \u00bb<\/p>\n<p>L\u2019ancien conseiller de P\u00f4le emploi va donc poursuivre son activit\u00e9 sereinement mais garde tout de m\u00eame un go\u00fbt amer de cette histoire : \u00ab Je ne conna\u00eetrai jamais tous les m\u00e9canismes derri\u00e8re cette man\u0153uvre d\u2019attaque judiciaire, je ne saurai m\u00eame pas \u00e0 quoi ressemblent les gens qui m\u2019ont attaqu\u00e9 \u00bb.<\/p>\n","protected":false},"excerpt":{"rendered":"Le tribunal de commerce de Rennes a rendu sa d\u00e9cision ce jeudi 27 novembre et a donn\u00e9 raison&hellip;\n","protected":false},"author":2,"featured_media":563322,"comment_status":"","ping_status":"","sticky":false,"template":"","format":"standard","meta":{"footnotes":""},"categories":[2821],"tags":[1111,11,829,765,1777,674,1011,27,530,848,303,12,584,25],"class_list":{"0":"post-563321","1":"post","2":"type-post","3":"status-publish","4":"format-standard","5":"has-post-thumbnail","7":"category-rennes","8":"tag-actu","9":"tag-actualites","10":"tag-bretagne","11":"tag-en-continu","12":"tag-eu","13":"tag-europe","14":"tag-fr","15":"tag-france","16":"tag-france-travail","17":"tag-ille-et-vilaine","18":"tag-justice","19":"tag-news","20":"tag-rennes","21":"tag-republique-francaise"},"share_on_mastodon":{"url":"https:\/\/pubeurope.com\/@fr\/115624383542832461","error":""},"_links":{"self":[{"href":"https:\/\/www.europesays.com\/fr\/wp-json\/wp\/v2\/posts\/563321","targetHints":{"allow":["GET"]}}],"collection":[{"href":"https:\/\/www.europesays.com\/fr\/wp-json\/wp\/v2\/posts"}],"about":[{"href":"https:\/\/www.europesays.com\/fr\/wp-json\/wp\/v2\/types\/post"}],"author":[{"embeddable":true,"href":"https:\/\/www.europesays.com\/fr\/wp-json\/wp\/v2\/users\/2"}],"replies":[{"embeddable":true,"href":"https:\/\/www.europesays.com\/fr\/wp-json\/wp\/v2\/comments?post=563321"}],"version-history":[{"count":0,"href":"https:\/\/www.europesays.com\/fr\/wp-json\/wp\/v2\/posts\/563321\/revisions"}],"wp:featuredmedia":[{"embeddable":true,"href":"https:\/\/www.europesays.com\/fr\/wp-json\/wp\/v2\/media\/563322"}],"wp:attachment":[{"href":"https:\/\/www.europesays.com\/fr\/wp-json\/wp\/v2\/media?parent=563321"}],"wp:term":[{"taxonomy":"category","embeddable":true,"href":"https:\/\/www.europesays.com\/fr\/wp-json\/wp\/v2\/categories?post=563321"},{"taxonomy":"post_tag","embeddable":true,"href":"https:\/\/www.europesays.com\/fr\/wp-json\/wp\/v2\/tags?post=563321"}],"curies":[{"name":"wp","href":"https:\/\/api.w.org\/{rel}","templated":true}]}}