{"id":563323,"date":"2025-11-28T00:00:48","date_gmt":"2025-11-28T00:00:48","guid":{"rendered":"https:\/\/www.europesays.com\/fr\/563323\/"},"modified":"2025-11-28T00:00:48","modified_gmt":"2025-11-28T00:00:48","slug":"les-10-artistes-a-ne-pas-louper-aux-trans-musicales-de-rennes","status":"publish","type":"post","link":"https:\/\/www.europesays.com\/fr\/563323\/","title":{"rendered":"Les 10 artistes \u00e0 ne pas louper aux Trans Musicales de Rennes"},"content":{"rendered":"<p>Les Rencontres Trans Musicales de Rennes reviennent pour une 47\u1d49 \u00e9dition \u00e0 la programmation toujours autant \u00e9clectique et port\u00e9e sur la d\u00e9couverte. Du 3 au 7 d\u00e9cembre, la capitale bretonne redevient le centre du monde.<\/p>\n<p> Les Trans Musicales sont un v\u00e9ritable p\u00e8lerinage pour les passionn\u00e9\u00b7e\u00b7s de musique et d\u2019exp\u00e9rimentations sonores en tout genre. Cette rencontre annuelle est devenue un rendez-vous unique en son genre depuis maintenant pr\u00e8s de 50 ans. Le globe entier a d\u00fb passer dans les d\u00e9dales du Parc Expo de Rennes, ce labyrinthe de taule o\u00f9 la musique devient religion, o\u00f9 musique et autres exp\u00e9rimentations sonores prennent vie pour une semaine renversante et captivante.<\/p>\n<p>Mano Negra, Lenny Kravitz, \u00c9tienne Daho (\u00e9videmment), Daft Punk, Nirvana, Portishead, Justice et tant d\u2019autres sont pass\u00e9s par l\u00e0. Ce festival est d\u00e9nicheur de talents, il d\u00e9niche ce qui sera plus tard les grands de demain. Comme chaque ann\u00e9e, de nombreux groupes du monde entier sont programm\u00e9s. Maze vous donne donc quelques raccourcis afin d\u2019y voir plus clair sur cette programmation gigantesque et passionnante.<\/p>\n<p><img data-recalc-dims=\"1\" decoding=\"async\" width=\"1080\" height=\"810\" data-attachment-id=\"469012\" data-permalink=\"http:\/\/maze.fr\/2025\/11\/nos-10-artistes-a-ne-pas-louper-aux-trans-musicales-de-rennes\/affiche-les-trans-320x240-2\/\" data-orig-file=\"https:\/\/i0.wp.com\/maze.fr\/wp-content\/uploads\/2025\/11\/Affiche-Les-Trans-320x240-2.jpg?fit=2268%2C1701&amp;ssl=1\" data-orig-size=\"2268,1701\" data-comments-opened=\"0\" data-image-meta=\"{&quot;aperture&quot;:&quot;0&quot;,&quot;credit&quot;:&quot;&quot;,&quot;camera&quot;:&quot;&quot;,&quot;caption&quot;:&quot;&quot;,&quot;created_timestamp&quot;:&quot;0&quot;,&quot;copyright&quot;:&quot;&quot;,&quot;focal_length&quot;:&quot;0&quot;,&quot;iso&quot;:&quot;0&quot;,&quot;shutter_speed&quot;:&quot;0&quot;,&quot;title&quot;:&quot;&quot;,&quot;orientation&quot;:&quot;0&quot;}\" data-image-title=\"Affiche-Les-Trans-320\u00d7240\" data-image-description=\"\" data-image-caption=\"\" data-medium-file=\"https:\/\/i0.wp.com\/maze.fr\/wp-content\/uploads\/2025\/11\/Affiche-Les-Trans-320x240-2.jpg?fit=500%2C375&amp;ssl=1\" data-large-file=\"https:\/\/i0.wp.com\/maze.fr\/wp-content\/uploads\/2025\/11\/Affiche-Les-Trans-320x240-2.jpg?fit=1080%2C810&amp;ssl=1\" data-id=\"469012\" src=\"https:\/\/www.europesays.com\/fr\/wp-content\/uploads\/2025\/11\/Affiche-Les-Trans-320x240-2.jpg\" alt=\"\" class=\"wp-image-469012\"   loading=\"lazy\"\/><\/p>\n<p><strong>Little Barrie &amp; Malcom Catto<\/strong><\/p>\n<p><strong>Mercredi 3 d\u00e9cembre, Salle de la Cit\u00e9<\/strong><\/p>\n<p>Groove psych\u00e9d\u00e9lique, riff distordus et ondul\u00e9s, quand le fuzz, le jazz et la soul se m\u00e9langent pour cr\u00e9er des ovnis sonores comme les Little Barrie, nos oreilles ne peuvent que nous remercier. Groupe m\u00e9connu des ann\u00e9es 2000, puis c\u00e9l\u00e8bre gr\u00e2ce au g\u00e9n\u00e9rique de la s\u00e9rie Better Call Saul, le groupe est mis en pause apr\u00e8s le d\u00e9c\u00e8s de leur batteur en 2017. Le trio devenu duo d\u00e9cide de s\u2019allier plus tard en 2020 avec Malcom Catto, batteur aux rythmes hypnotiques. Tout \u00e7a sous les yeux de Dan Auerbach des Black Keys pour son label Easy Eye Sound, la nouvelle formation vous invite \u00e0 l\u2019introspection face aux morceaux kal\u00e9idoscopiques des 3 voodoos.\u00a0<\/p>\n<\/p>\n<p><strong>AFAR<\/strong><\/p>\n<p><strong>Jeudi 4 d\u00e9cembre, Le Libert\u00e9<\/strong><\/p>\n<p>Form\u00e9 par deux musicien\u00b7ne\u00b7s curieux\u00b7ses, AFAR fait du fragile \u00e9quilibre entre organique et \u00e9lectronique une musique des plus singuli\u00e8res. Entre kalimba, windspiel, voix presque oniriques, guitares \u00e9lectriques et synth\u00e9s analogiques, le duo invente des paysages sonores o\u00f9 ambient, rythmes dansants et m\u00e9lodies hypnotiques se c\u00f4toient. \u00c0 d\u00e9couvrir de toute urgence.<\/p>\n<\/p>\n<p><strong>LinLin<\/strong><\/p>\n<p><strong>Jeudi 4 d\u00e9cembre, Hall 4<\/strong><\/p>\n<p>Voil\u00e0 une artiste fran\u00e7aise \u00e0 surveiller et de pr\u00e8s. LinLin, reine naissante du rap, m\u00e9lange les genres pour faire du bruit. Hip-hop lourd, basse \u00e9lectro gr\u00e9sillante, ou encore flow a\u00e9rien et groovy, la performeuse installera son tr\u00f4ne sur la sc\u00e8ne des Transmusicales. Cet ovni du style nous promet un concert \u00e9tincelant et grin\u00e7ant qui fera des ravages.<\/p>\n<\/p>\n<p><strong>Blind Yeo<\/strong><\/p>\n<p><strong>Jeudi 4 d\u00e9cembre, Hall 8<\/strong><\/p>\n<p>Qui dit \u00ab\u00a0psych\u00e9 folk cosmique\u00a0\u00bb, dit grooves psych\u00e9d\u00e9liques contemplatifs, teint\u00e9s de krautrock, de rock progressif (\u00e9cole de Canterbury, hello there) et de post\u2011rock de Tortoise. Blind Yeo se pr\u00e9sente comme une entit\u00e9 prot\u00e9iforme, rassemblant une multitude de musicien\u00b7nes de passage issu\u00b7es de la sc\u00e8ne exp\u00e9rimentale foisonnante de Falmouth, n\u00e9e autour du lieu artistique Cornish Bank. Le r\u00e9sultat est un univers sonore mouvant, hypnotique et inattendu, qui promet de piquer s\u00e9rieusement la curiosit\u00e9 aux Trans Musicales.<\/p>\n<\/p>\n<p>Obongjayar <\/p>\n<p><strong>Jeudi 4 d\u00e9cembre, Hall 8<\/strong><\/p>\n<p>Mis sur le devant de la sc\u00e8ne par Little Simz, puis par Fred Again.., Obongjayar a d\u00e9voil\u00e9 un 3\u1d49 album sulfureux et onirique. Puisant dans ses racines nig\u00e9rianes et la musique de ses ami\u00b7e\u00b7s artistes londonien\u00b7ne\u00b7s, Steven Umoh, de son vrai nom, r\u00e9invente les genres avec gr\u00e2ce, port\u00e9 par une vision nouvelle, pop et dynamique. Un concert o\u00f9 grooves afrobeat, soul funk et \u00e9lectro se m\u00e9langeront pour cr\u00e9er un show inoubliable.<\/p>\n<\/p>\n<p><strong>My First Time<\/strong><\/p>\n<p><strong>Vendredi 5 d\u00e9cembre, Hall 4<\/strong><\/p>\n<p>Quatuor \u00e9nergique et incandescent, les My First Time viendront faire leur premi\u00e8re date fran\u00e7aise dans les m\u00e9andres du parc des expositions de Rennes. C\u2019est avec leur tube \u00ab\u00a0Bodybag\u00a0\u00bb que nous avons craqu\u00e9 et \u00e9t\u00e9 charm\u00e9s par l\u2019efficacit\u00e9 de leur musique rock qui inspire le l\u00e2cher-prise et le franc-parler. Les riffs de guitare et l\u2019\u00e9nergie dans les morceaux du groupe nous ont rendu impatients de les voir sur sc\u00e8ne pour gouter \u00e0 cette sp\u00e9cialit\u00e9 made in Britain.<\/p>\n<\/p>\n<p><strong>deBasement<\/strong><\/p>\n<p><strong>Vendredi 5 d\u00e9cembre, Hall 5<\/strong><\/p>\n<p>Le Hall 5 est souvent celui donn\u00e9 aux musiques remplies de sons distordus, puissants et chaotiques. deBasement n\u2019\u00e9chappe donc pas \u00e0 la r\u00e8gle de ce Hall de l\u2019enfer o\u00f9 le chaos s\u2019installera face au dance punk revigorant du duo sorti tout droit de la sc\u00e8ne rave queer de LA. Une bombe d\u2019\u00e9nergie punk et de rythmes ghettotech viendront faire vibrer l\u2019enceinte de cette \u00e9glise rock en t\u00f4le. Un d\u00e9fouloir g\u00e9ant pour ceux qui ont besoin de d\u00e9compresser, un concert donc vivement recommand\u00e9.<\/p>\n<\/p>\n<p><strong>eat-girls<\/strong><\/p>\n<p><strong>Samedi 6 d\u00e9cembre, Hall 4<\/strong><\/p>\n<p>\u00c0 l\u2019occasion des Trans Musicales, le trio lyonnais de pop synth\u00e9tique eat-girls se transforme en sextet. Fl\u00fbte, violon et percussions rejoignent le groupe pour \u00e9tendre cet univers minimaliste et hypnotique, o\u00f9 rythmiques \u00e9lectroniques tribales, touches de new wave et harmonies \u00e9th\u00e9r\u00e9es se croisent pour donner un son vertigineux. On se donne rendez-vous pour ce live audacieux aux variations qui promettent d\u2019\u00eatre passionnantes.<\/p>\n<\/p>\n<p><strong>Holiday Ghosts<\/strong><\/p>\n<p><strong>Samedi 6 d\u00e9cembre, Hall 4<\/strong><\/p>\n<p>Ils viennent des Cornouailles anglaises et d\u00e9bordent d\u2019une \u00e9nergie contagieuse. Holiday Ghosts cultive une approche fait-maison, et a le don d\u2019agr\u00e9ger avec talent des influences garage, rock\u2019n\u2019roll ou jangle pop. On y retrouve p\u00eale-m\u00eale des touches allant du Velvet Underground \u00e0 Television Personalities, en passant par la sc\u00e8ne n\u00e9o-z\u00e9landaise Dunedin sound des ann\u00e9es 1980 (The Clean, The Chills\u2026). La sc\u00e8ne pop anglaise se renouvelle, et on adore \u00e7a.<\/p>\n<\/p>\n<p><strong>Retro Cassetta<\/strong><\/p>\n<p><strong>Samedi 6 d\u00e9cembre, Hall 8<\/strong><\/p>\n<p>Qui de plus complet et \u00e9nergique que le Marocain Radio Cassetta et ses plus de 20 000 cassettes pour cl\u00f4turer les Trans Musicales 2025. Le Hall 8, espace de cl\u00f4ture du festival o\u00f9 les derniers survivants du marathon de d\u00e9couvertes et autres p\u00e9pites sonores se retrouvent pour une derni\u00e8re danse, enivr\u00e9s d\u2019\u00e9nergies salvatrices et amoureuses. C\u2019est donc des \u00e9toiles plein les yeux que vous d\u00e9couvrirez ce music lover de Casablanca poss\u00e9d\u00e9 par les titres qu\u2019il transmet. Une 47\u1d49 rencontre qui finira comme \u00e0 son habitude en beaut\u00e9.<\/p><\/p>\n","protected":false},"excerpt":{"rendered":"Les Rencontres Trans Musicales de Rennes reviennent pour une 47\u1d49 \u00e9dition \u00e0 la programmation toujours autant \u00e9clectique et&hellip;\n","protected":false},"author":2,"featured_media":563324,"comment_status":"","ping_status":"","sticky":false,"template":"","format":"standard","meta":{"footnotes":""},"categories":[2821],"tags":[1111,11,829,4156,1777,674,849,1011,27,12,67952,584,25,67953],"class_list":{"0":"post-563323","1":"post","2":"type-post","3":"status-publish","4":"format-standard","5":"has-post-thumbnail","7":"category-rennes","8":"tag-actu","9":"tag-actualites","10":"tag-bretagne","11":"tag-concerts","12":"tag-eu","13":"tag-europe","14":"tag-festival","15":"tag-fr","16":"tag-france","17":"tag-news","18":"tag-rencontre-trans-musicales","19":"tag-rennes","20":"tag-republique-francaise","21":"tag-trans-musicales"},"share_on_mastodon":{"url":"https:\/\/pubeurope.com\/@fr\/115624391011587011","error":""},"_links":{"self":[{"href":"https:\/\/www.europesays.com\/fr\/wp-json\/wp\/v2\/posts\/563323","targetHints":{"allow":["GET"]}}],"collection":[{"href":"https:\/\/www.europesays.com\/fr\/wp-json\/wp\/v2\/posts"}],"about":[{"href":"https:\/\/www.europesays.com\/fr\/wp-json\/wp\/v2\/types\/post"}],"author":[{"embeddable":true,"href":"https:\/\/www.europesays.com\/fr\/wp-json\/wp\/v2\/users\/2"}],"replies":[{"embeddable":true,"href":"https:\/\/www.europesays.com\/fr\/wp-json\/wp\/v2\/comments?post=563323"}],"version-history":[{"count":0,"href":"https:\/\/www.europesays.com\/fr\/wp-json\/wp\/v2\/posts\/563323\/revisions"}],"wp:featuredmedia":[{"embeddable":true,"href":"https:\/\/www.europesays.com\/fr\/wp-json\/wp\/v2\/media\/563324"}],"wp:attachment":[{"href":"https:\/\/www.europesays.com\/fr\/wp-json\/wp\/v2\/media?parent=563323"}],"wp:term":[{"taxonomy":"category","embeddable":true,"href":"https:\/\/www.europesays.com\/fr\/wp-json\/wp\/v2\/categories?post=563323"},{"taxonomy":"post_tag","embeddable":true,"href":"https:\/\/www.europesays.com\/fr\/wp-json\/wp\/v2\/tags?post=563323"}],"curies":[{"name":"wp","href":"https:\/\/api.w.org\/{rel}","templated":true}]}}