{"id":563327,"date":"2025-11-28T00:03:18","date_gmt":"2025-11-28T00:03:18","guid":{"rendered":"https:\/\/www.europesays.com\/fr\/563327\/"},"modified":"2025-11-28T00:03:18","modified_gmt":"2025-11-28T00:03:18","slug":"lyon-en-tete-et-nice-en-queue-de-peloton-lille-se-replace-strasbourg-tout-en-haut-le-classement-de-ligue-europa-et-de-la-ligue-europa-conference","status":"publish","type":"post","link":"https:\/\/www.europesays.com\/fr\/563327\/","title":{"rendered":"Lyon en t\u00eate et Nice en queue de peloton, Lille se replace, Strasbourg tout en haut&#8230; Le classement de Ligue Europa et de la Ligue Europa Conf\u00e9rence"},"content":{"rendered":"<p>\n    D\u00e9couvrez les classements apr\u00e8s la 5e journ\u00e9e de Ligue Europa et la 4e lev\u00e9e de Ligue Europa Conf\u00e9r\u00e9rence.<\/p>\n<p>                                    Les Gones sur le toit de l\u2019Europe.<\/p>\n<p class=\"fig-paragraph\"><a href=\"http:\/\/www.lefigaro.fr\/sports\/football\/ligue-europa\/ligue-europa-le-calvaire-nicois-se-poursuit-a-porto-un-carton-pour-lille-20251127\" target=\"_blank\" data-fig-type=\"NewsFlash\" rel=\"sponsored noopener\" data-gtm-custom-categorie=\"navigation\" data-gtm-custom-action=\"crossclick\" data-gtm-custom-label=\"Contextuel\" data-gtm-event=\"customEventSPE\" data-fig-domain=\"LEFIGARO\">Gr\u00e2ce \u00e0 leur balade face au Maccabi Tel Aviv en Serbie<\/a>\u00a0(0-6) avec notamment un tripl\u00e9 de\u00a0<a href=\"http:\/\/www.lefigaro.fr\/sports\/football\/ligue-1\/ligue-1-corentin-tolisso-incertain-pour-affronter-paris-saint-germain-20251108\" target=\"_blank\" data-fig-type=\"NewsFlash\" rel=\"sponsored noopener\" data-gtm-custom-categorie=\"navigation\" data-gtm-custom-action=\"crossclick\" data-gtm-custom-label=\"Contextuel\" data-gtm-event=\"customEventSPE\" data-fig-domain=\"LEFIGARO\">Corentin Tolisso,<\/a>\u00a0l\u2019Olympique lyonnais tr\u00f4ne \u00e0 la premi\u00e8re place de la Ligue Europa avec 12 points, \u00e0 \u00e9galit\u00e9 avec Midtjylland et Aston Villa. Le reste du Top 8 est compl\u00e9t\u00e9 par Fribourg, le Betis, Ferencvaros, Braga et Porto.<\/p>\n<p>                                            Lille prend une bonne option<\/p>\n<p class=\"fig-paragraph\">Dans les places de barragiste, les Lillois (11es, 9 unit\u00e9s) ont pris une bonne option pour la qualification, a minima en 16es,\u00a0<a href=\"http:\/\/www.lefigaro.fr\/sports\/football\/ligue-europa\/ligue-europa-le-calvaire-nicois-se-poursuit-a-porto-un-carton-pour-lille-20251127\" target=\"_blank\" data-fig-type=\"NewsFlash\" rel=\"sponsored noopener\" data-gtm-custom-categorie=\"navigation\" data-gtm-custom-action=\"crossclick\" data-gtm-custom-label=\"Contextuel\" data-gtm-event=\"customEventSPE\" data-fig-domain=\"LEFIGARO\">suite \u00e0 leur succ\u00e8s sans appel contre le Dinamo Zagreb<\/a>\u00a0(4-0). Rome respire de son c\u00f4t\u00e9 au milieu de tableau (15e, 9 points).<\/p>\n<p>                                            <a class=\"fig-a11y-skip\" href=\"#fig-a11y-skip-main-inarticle\" data-module=\"a11y-skip\" data-context=\"was @visible\"><br \/>\n    Passer la publicit\u00e9<br \/>\n<\/a>            <\/p>\n<p>                                            Le bonnet d\u2019\u00e2ne ni\u00e7ois<\/p>\n<p class=\"fig-paragraph\">Le cancre est rest\u00e9 fid\u00e8le \u00e0 sa r\u00e9putation. Et de 17 matches sans victoire en Coupe d\u2019Europe pour les Aiglons.\u00a0<a href=\"http:\/\/www.lefigaro.fr\/sports\/football\/ligue-europa\/j-ai-propose-d-etre-l-electrochoc-apres-marseille-la-confidence-de-haise-suite-a-la-nouvelle-desillusion-de-nice-a-porto-20251127\" target=\"_blank\" data-fig-type=\"NewsFlash\" rel=\"sponsored noopener\" data-gtm-custom-categorie=\"navigation\" data-gtm-custom-action=\"crossclick\" data-gtm-custom-label=\"Contextuel\" data-gtm-event=\"customEventSPE\" data-fig-domain=\"LEFIGARO\">Les Ni\u00e7ois sont repartis de Porto avec une nouvelle d\u00e9faite<\/a>\u00a0(<a href=\"https:\/\/www.lefigaro.fr\/sports\/football\/live\/ligue-europa\/2025\/2602024\/fc-porto-nice\" target=\"_blank\" rel=\"noopener\" data-gtm-custom-categorie=\"navigation\" data-gtm-custom-action=\"crossclick\" data-gtm-custom-label=\"Contextuel\" data-gtm-event=\"customEventSPE\">3-0<\/a>). La cinqui\u00e8me en cinq matchs. Le calvaire continue pour les hommes de Franck Haise, derniers\u00a0<a href=\"https:\/\/www.lefigaro.fr\/sports\/football\/ligue-europa\/classement\" target=\"_blank\" rel=\"noopener\" data-gtm-custom-categorie=\"navigation\" data-gtm-custom-action=\"crossclick\" data-gtm-custom-label=\"Contextuel\" data-gtm-event=\"customEventSPE\">au classement de C3<\/a>\u00a0avec z\u00e9ro point.<\/p>\n<p>                                            Strasbourg s\u2019invite au sommet<\/p>\n<p class=\"fig-paragraph\">En Ligue Europa Conf\u00e9rence, le\u00a0<a href=\"http:\/\/www.lefigaro.fr\/sports\/football\/ligue-europa\/ligue-europa-conference-dans-une-ambiance-de-feu-strasbourg-renverse-les-anglais-de-crystal-palace-20251127\" target=\"_blank\" data-fig-type=\"NewsFlash\" rel=\"sponsored noopener\" data-gtm-custom-categorie=\"navigation\" data-gtm-custom-action=\"crossclick\" data-gtm-custom-label=\"Contextuel\" data-gtm-event=\"customEventSPE\" data-fig-domain=\"LEFIGARO\">RC Strasbourg a sign\u00e9 la belle op\u00e9ration de la journ\u00e9e en s\u2019imposant sur sa pelouse contre Crystal Palace<\/a>\u00a0(2-1). Ce r\u00e9sultat permet aux hommes de Liam Rosenior, toujours invaincus en Europe cette saison (10 points, 3 victoires &#8211; 1 nul), de d\u00e9passer cinq \u00e9quipes\u00a0<a href=\"https:\/\/www.lefigaro.fr\/sports\/football\/ligue-europa-conference\/classement\" target=\"_blank\" rel=\"nofollow noopener\" data-gtm-custom-categorie=\"navigation\" data-gtm-custom-action=\"crossclick\" data-gtm-custom-label=\"Contextuel\" data-gtm-event=\"customEventSPE\">au classement<\/a>\u00a0et d\u2019obtenir la premi\u00e8re place \u00e0 \u00e9galit\u00e9 avec Samsunspor de la C4. Bonne nouvelle\u00a0: ils sont d\u00e9j\u00e0 assur\u00e9s de disputer au moins les barrages. \u00c0 l\u2019inverse, la Rayo Vallecano (12e, 7 unit\u00e9s) et Lausanne (13e, 7 points) et la Fiorentina (17e, 6 points) chutent du Top 8 apr\u00e8s leur d\u00e9faite. Le Rapid de Vienne (36e) se trouve au fond de la classe en compagnie de l\u2019OGC Nice avec un z\u00e9ro point\u00e9.<\/p>\n","protected":false},"excerpt":{"rendered":"D\u00e9couvrez les classements apr\u00e8s la 5e journ\u00e9e de Ligue Europa et la 4e lev\u00e9e de Ligue Europa Conf\u00e9r\u00e9rence.&hellip;\n","protected":false},"author":2,"featured_media":563328,"comment_status":"","ping_status":"","sticky":false,"template":"","format":"standard","meta":{"footnotes":""},"categories":[2820],"tags":[1111,11,1777,674,1011,27,775,20708,12,2268,978,4448,25,640],"class_list":{"0":"post-563327","1":"post","2":"type-post","3":"status-publish","4":"format-standard","5":"has-post-thumbnail","7":"category-strasbourg","8":"tag-actu","9":"tag-actualites","10":"tag-eu","11":"tag-europe","12":"tag-fr","13":"tag-france","14":"tag-grand-est","15":"tag-ligue-europa-conference","16":"tag-news","17":"tag-ogc-nice","18":"tag-olympique-lyonnais","19":"tag-rc-strasbourg","20":"tag-republique-francaise","21":"tag-strasbourg"},"share_on_mastodon":{"url":"https:\/\/pubeurope.com\/@fr\/115624398368304334","error":""},"_links":{"self":[{"href":"https:\/\/www.europesays.com\/fr\/wp-json\/wp\/v2\/posts\/563327","targetHints":{"allow":["GET"]}}],"collection":[{"href":"https:\/\/www.europesays.com\/fr\/wp-json\/wp\/v2\/posts"}],"about":[{"href":"https:\/\/www.europesays.com\/fr\/wp-json\/wp\/v2\/types\/post"}],"author":[{"embeddable":true,"href":"https:\/\/www.europesays.com\/fr\/wp-json\/wp\/v2\/users\/2"}],"replies":[{"embeddable":true,"href":"https:\/\/www.europesays.com\/fr\/wp-json\/wp\/v2\/comments?post=563327"}],"version-history":[{"count":0,"href":"https:\/\/www.europesays.com\/fr\/wp-json\/wp\/v2\/posts\/563327\/revisions"}],"wp:featuredmedia":[{"embeddable":true,"href":"https:\/\/www.europesays.com\/fr\/wp-json\/wp\/v2\/media\/563328"}],"wp:attachment":[{"href":"https:\/\/www.europesays.com\/fr\/wp-json\/wp\/v2\/media?parent=563327"}],"wp:term":[{"taxonomy":"category","embeddable":true,"href":"https:\/\/www.europesays.com\/fr\/wp-json\/wp\/v2\/categories?post=563327"},{"taxonomy":"post_tag","embeddable":true,"href":"https:\/\/www.europesays.com\/fr\/wp-json\/wp\/v2\/tags?post=563327"}],"curies":[{"name":"wp","href":"https:\/\/api.w.org\/{rel}","templated":true}]}}