{"id":563330,"date":"2025-11-28T00:05:28","date_gmt":"2025-11-28T00:05:28","guid":{"rendered":"https:\/\/www.europesays.com\/fr\/563330\/"},"modified":"2025-11-28T00:05:28","modified_gmt":"2025-11-28T00:05:28","slug":"lenorme-craquage-du-commentateur-de-logc-nice-apres-le-but-du-fc-porto-apres-18-secondes","status":"publish","type":"post","link":"https:\/\/www.europesays.com\/fr\/563330\/","title":{"rendered":"l&rsquo;\u00e9norme craquage du commentateur de l&rsquo;OGC Nice apr\u00e8s le but du FC Porto apr\u00e8s 18 secondes"},"content":{"rendered":"<p>L&rsquo;OGC Nice a conc\u00e9d\u00e9 l&rsquo;ouverture du score apr\u00e8s seulement 18 secondes de jeu face au FC Porto, jeudi soir en Ligue Europa (3-0). De quoi faire sortir de ses gonds le commentateur de la cha\u00eene officielle des Aiglons.<\/p>\n<p>Une nouvelle soir\u00e9e cauchemardesque pour le Gym. Oppos\u00e9 au FC Porto, jeudi soir en Ligue Europa, le club azur\u00e9en a conc\u00e9d\u00e9 sa cinqui\u00e8me d\u00e9faite (3-0) en autant de matchs dans cette \u00e9dition 2025-2026. La terrible s\u00e9rie grimpe m\u00eame \u00e0 17 matchs sans victoire en Coupe d&rsquo;Europe \u00e0 cheval sur plusieurs saisons.<\/p>\n<p>&gt;&gt; <a href=\"https:\/\/rmcsport.bfmtv.com\/football\/europa-league\/direct-porto-nice-suivez-le-match-de-la-5e-journee-de-ligue-europe-en-live_LS-202511270582.html\" title=\"Porto-Nice: surclass\u00e9s, les Aiglons conc\u00e8dent leur 5e d\u00e9faite de suite en Ligue Europa, retrouvez le r\u00e9sum\u00e9 du match\" class=\"internal_link\" target=\"_blank\" rel=\"noopener\">Revivez Porto-Nice (3-0)<\/a><\/p>\n<p>Sur la pelouse de Porto, alors qu&rsquo;ils nageaient d\u00e9j\u00e0 en plein doute, les Ni\u00e7ois se sont noy\u00e9s apr\u00e8s seulement\u2026 <a href=\"https:\/\/rmcsport.bfmtv.com\/football\/europa-league\/porto-nice-les-aiglons-menes-apres-18-secondes-de-jeu-le-calvaire-continue_AV-202511270932.html\" title=\"Porto-Nice: les Aiglons men\u00e9s apr\u00e8s 18 secondes de jeu, le calvaire continue\" class=\"internal_link\" target=\"_blank\" rel=\"noopener\">18 secondes de jeu<\/a>. Cette toute premi\u00e8re action a d&rsquo;ailleurs fait craquer le commentateur du club.<\/p>\n<p>Plusieurs cris de rage<\/p>\n<p>\u00ab\u00a0Mais non mais c&rsquo;est pas vrai\u2026 19 secondes (18 en r\u00e9alit\u00e9, NDLR) et but de Porto\u2026. mais c&rsquo;est pas vrai\u2026. mais c&rsquo;est pas vrai\u2026\u00a0\u00bb, l\u00e2che le commentateur sur le compte officiel de l&rsquo;OGNC. Avant de monter en pression et de l\u00e2cher plusieurs cris de rage. La s\u00e9quence est \u00e0 d\u00e9couvrir en int\u00e9gralit\u00e9 de 17&rsquo;55\u00a0\u00bb \u00e0 18&rsquo;40\u00a0\u00bb dans la vid\u00e9o ci-dessous.<\/p>\n<p>Les Ni\u00e7ois ont ensuite encaiss\u00e9 deux nouveaux buts (33e, 61e), au grand d\u00e9sarroi du commentateur, totalement d\u00e9sabus\u00e9. Avec ce z\u00e9ro point\u00e9, le Gym peut occuper la derni\u00e8re place du <a href=\"https:\/\/rmcsport.bfmtv.com\/football\/europa-league\/ligue-europa-ol-lille-nice-le-classement-general-complet-apres-la-5e-journee_AV-202511271033.html\" title=\"Ligue Europa: l&#039;OL au sommet, Lille relanc\u00e9, Nice bon dernier\u2026 le classement g\u00e9n\u00e9ral complet apr\u00e8s la 5e journ\u00e9e\" class=\"internal_link\" target=\"_blank\" rel=\"noopener\">classement<\/a> si les Glasgow Rangers ne perdent pas face \u00e0 Braga.<\/p>\n","protected":false},"excerpt":{"rendered":"L&rsquo;OGC Nice a conc\u00e9d\u00e9 l&rsquo;ouverture du score apr\u00e8s seulement 18 secondes de jeu face au FC Porto, jeudi&hellip;\n","protected":false},"author":2,"featured_media":563331,"comment_status":"","ping_status":"","sticky":false,"template":"","format":"standard","meta":{"footnotes":""},"categories":[2819],"tags":[1111,11,1777,674,1011,27,12,2401,882,25],"class_list":{"0":"post-563330","1":"post","2":"type-post","3":"status-publish","4":"format-standard","5":"has-post-thumbnail","7":"category-nice","8":"tag-actu","9":"tag-actualites","10":"tag-eu","11":"tag-europe","12":"tag-fr","13":"tag-france","14":"tag-news","15":"tag-nice","16":"tag-provence-alpes-cote-dazur","17":"tag-republique-francaise"},"share_on_mastodon":{"url":"https:\/\/pubeurope.com\/@fr\/115624406203668546","error":""},"_links":{"self":[{"href":"https:\/\/www.europesays.com\/fr\/wp-json\/wp\/v2\/posts\/563330","targetHints":{"allow":["GET"]}}],"collection":[{"href":"https:\/\/www.europesays.com\/fr\/wp-json\/wp\/v2\/posts"}],"about":[{"href":"https:\/\/www.europesays.com\/fr\/wp-json\/wp\/v2\/types\/post"}],"author":[{"embeddable":true,"href":"https:\/\/www.europesays.com\/fr\/wp-json\/wp\/v2\/users\/2"}],"replies":[{"embeddable":true,"href":"https:\/\/www.europesays.com\/fr\/wp-json\/wp\/v2\/comments?post=563330"}],"version-history":[{"count":0,"href":"https:\/\/www.europesays.com\/fr\/wp-json\/wp\/v2\/posts\/563330\/revisions"}],"wp:featuredmedia":[{"embeddable":true,"href":"https:\/\/www.europesays.com\/fr\/wp-json\/wp\/v2\/media\/563331"}],"wp:attachment":[{"href":"https:\/\/www.europesays.com\/fr\/wp-json\/wp\/v2\/media?parent=563330"}],"wp:term":[{"taxonomy":"category","embeddable":true,"href":"https:\/\/www.europesays.com\/fr\/wp-json\/wp\/v2\/categories?post=563330"},{"taxonomy":"post_tag","embeddable":true,"href":"https:\/\/www.europesays.com\/fr\/wp-json\/wp\/v2\/tags?post=563330"}],"curies":[{"name":"wp","href":"https:\/\/api.w.org\/{rel}","templated":true}]}}