{"id":563332,"date":"2025-11-28T00:06:15","date_gmt":"2025-11-28T00:06:15","guid":{"rendered":"https:\/\/www.europesays.com\/fr\/563332\/"},"modified":"2025-11-28T00:06:15","modified_gmt":"2025-11-28T00:06:15","slug":"priver-une-femme-de-son-propre-argent-est-une-violence-la-militante-diariata-ndiaye-en","status":"publish","type":"post","link":"https:\/\/www.europesays.com\/fr\/563332\/","title":{"rendered":"\u00ab\u00a0Priver une femme de son propre argent est une violence\u00a0\u00bb\u00a0: la militante Diariata N\u2019Diaye en"},"content":{"rendered":"<tr wp_automatic_readability=\"5.9027027027027\">\n<td valign=\"middle\" align=\"center\" class=\"col-logo\" wp_automatic_readability=\"5\">\n    <img decoding=\"async\" src=\"https:\/\/maville.com\/design\/images\/logo-of-monetise.svg?version=20130627\" alt=\"logo Ouest-France\" height=\"66\"\/><\/p>\n<p>Contenu r\u00e9serv\u00e9 aux abonn\u00e9s<\/p>\n<\/td>\n<td class=\"col-titre\">\n\t\t\tJeudi 27 novembre 2025 21:36<br \/>\n\t\t\t<a class=\"icon-bulle sizeL count\" href=\"#ancreAvis\"><br \/>\n\t&#8230;<br \/>\n<\/a><\/td>\n<\/tr>\n<p>\t\t<a class=\"mavillebox2 elmt-photo\" href=\"https:\/\/maville.com\/photosmvi\/2025\/11\/27\/P35606351D7083607G.jpg\" title=\" Diariata N\u2019Diaye est une militante nantaise engag\u00e9e dans la lutte contre les violences faites aux femmes.  \u00a9  Hadrien Bruner  \" rel=\"galerie_actu noopener\" target=\"_blank\"><br \/>\n\t<img decoding=\"async\" src=\"https:\/\/www.europesays.com\/fr\/wp-content\/uploads\/2025\/11\/P35606351D7083607G_crop_640-330_.jpg\" alt=\"photo  diariata n\u2019diaye est une militante nantaise engag\u00e9e dans la lutte contre les violences faites aux femmes.  \u00a9  hadrien bruner \"\/><br \/>\n\t1<br \/>\n<\/a><\/p>\n<p class=\"elmt-legende\"> Diariata N\u2019Diaye est une militante nantaise engag\u00e9e dans la lutte contre les violences faites aux femmes.  \u00a9  Hadrien Bruner  <\/p>\n<p>\t\tAlors que les violences \u00e9conomiques restent m\u00e9connues, la militante nantaise Diariata N\u2019Diaye animera ce vendredi 28\u00a0novembre une conf\u00e9rence, \u00e0 Orvault, pour d\u00e9voiler les m\u00e9canismes de cette emprise silencieuse. Retrait de carte bancaire, contr\u00f4le des d\u00e9penses, acc\u00e8s limit\u00e9 aux comptes\u00a0: une d\u00e9pendance invisible qui touche des milliers de femmes. Un livret d\u2019informations sera diffus\u00e9 par la Caisse d\u2019\u00c9pargne Bretagne \u2013 Pays de la Loire, dans ses agences et aupr\u00e8s d\u2019associations.<\/p>\n<p><b>Cet article est r\u00e9serv\u00e9 aux abonn\u00e9s<\/b><\/p>\n<p>Pour un acc\u00e8s imm\u00e9diat, abonnez-vous<\/p>\n<p><b>1\u00e8re semaine offerte<\/b><\/p>\n<p>\t\t St\u00e9phanie LAMBERT. \u00a0\u00a0<br \/>\n\t\tOuest-France<\/p>\n<p>Retrouvez d&rsquo;autres actus sur les communes de :<\/p>\n<p>\t\t&#13;<\/p>\n","protected":false},"excerpt":{"rendered":"Contenu r\u00e9serv\u00e9 aux abonn\u00e9s Jeudi 27 novembre 2025 21:36 &#8230; 1 Diariata N\u2019Diaye est une militante nantaise engag\u00e9e&hellip;\n","protected":false},"author":2,"featured_media":563333,"comment_status":"","ping_status":"","sticky":false,"template":"","format":"standard","meta":{"footnotes":""},"categories":[2818],"tags":[1111,11,1261,6211,67956,67957,1777,674,1294,1011,27,26545,766,12,2636,67955,16648,25,6949,809],"class_list":{"0":"post-563332","1":"post","2":"type-post","3":"status-publish","4":"format-standard","5":"has-post-thumbnail","7":"category-nantes","8":"tag-actu","9":"tag-actualites","10":"tag-argent","11":"tag-conference","12":"tag-diariata","13":"tag-diaye","14":"tag-eu","15":"tag-europe","16":"tag-femme","17":"tag-fr","18":"tag-france","19":"tag-militante","20":"tag-nantes","21":"tag-news","22":"tag-pays-de-la-loire","23":"tag-priver","24":"tag-propre","25":"tag-republique-francaise","26":"tag-vendredi","27":"tag-violence"},"share_on_mastodon":{"url":"https:\/\/pubeurope.com\/@fr\/115624410962566240","error":""},"_links":{"self":[{"href":"https:\/\/www.europesays.com\/fr\/wp-json\/wp\/v2\/posts\/563332","targetHints":{"allow":["GET"]}}],"collection":[{"href":"https:\/\/www.europesays.com\/fr\/wp-json\/wp\/v2\/posts"}],"about":[{"href":"https:\/\/www.europesays.com\/fr\/wp-json\/wp\/v2\/types\/post"}],"author":[{"embeddable":true,"href":"https:\/\/www.europesays.com\/fr\/wp-json\/wp\/v2\/users\/2"}],"replies":[{"embeddable":true,"href":"https:\/\/www.europesays.com\/fr\/wp-json\/wp\/v2\/comments?post=563332"}],"version-history":[{"count":0,"href":"https:\/\/www.europesays.com\/fr\/wp-json\/wp\/v2\/posts\/563332\/revisions"}],"wp:featuredmedia":[{"embeddable":true,"href":"https:\/\/www.europesays.com\/fr\/wp-json\/wp\/v2\/media\/563333"}],"wp:attachment":[{"href":"https:\/\/www.europesays.com\/fr\/wp-json\/wp\/v2\/media?parent=563332"}],"wp:term":[{"taxonomy":"category","embeddable":true,"href":"https:\/\/www.europesays.com\/fr\/wp-json\/wp\/v2\/categories?post=563332"},{"taxonomy":"post_tag","embeddable":true,"href":"https:\/\/www.europesays.com\/fr\/wp-json\/wp\/v2\/tags?post=563332"}],"curies":[{"name":"wp","href":"https:\/\/api.w.org\/{rel}","templated":true}]}}