{"id":563334,"date":"2025-11-28T00:07:22","date_gmt":"2025-11-28T00:07:22","guid":{"rendered":"https:\/\/www.europesays.com\/fr\/563334\/"},"modified":"2025-11-28T00:07:22","modified_gmt":"2025-11-28T00:07:22","slug":"ce-village-pres-de-nantes-se-transforme-en-merveilleux-conte-de-noel","status":"publish","type":"post","link":"https:\/\/www.europesays.com\/fr\/563334\/","title":{"rendered":"Ce village, pr\u00e8s de Nantes, se transforme en merveilleux conte de No\u00ebl"},"content":{"rendered":"<p>Ruelles pav\u00e9es, fa\u00e7ades historiques, artisanat local et milliers de lumi\u00e8res composent une atmosph\u00e8re unique, chaleureuse et profond\u00e9ment festive.<\/p>\n<p>&#13;<br \/>\nDes illuminations quotidiennes&#13;<\/p>\n<p><strong>Du vendredi 28 novembre 2025 au dimanche 4 janvier 2026,<\/strong>\u00a0Rochefort-en-Terre, \u00e9lu Merveilleux Village de No\u00ebl, s\u2019illuminera\u00a0<strong>tous les soirs d\u00e8s 17h30.<\/strong>\u00a0Guirlandes suspendues, stalactites lumineuses, rideaux \u00e9tincelants et sapins brillants redessinent les contours du village et mettent en valeur son patrimoine exceptionnel. \u00c0 la tomb\u00e9e de la nuit, le d\u00e9cor historique s\u2019habille de mille feux, transformant la moindre venelle en un instant photographique.<\/p>\n<p>&#13;<\/p>\n<p>&#13;<br \/>\nUn parcours f\u00e9erique au c\u0153ur du patrimoine&#13;<\/p>\n<p>La balade dans le village devient rapidement un moment suspendu. On fl\u00e2ne, on observe, on s\u2019\u00e9merveille. Les artisans d\u2019art d\u00e9corent leur boutique avec soin, offrant aux visiteurs des vitrines po\u00e9tiques et inspirantes. C\u00e9ramiques, sculptures, cr\u00e9ations textiles, bijoux, saveurs locales\u2026\u00a0<strong>chaque boutique a son univers,<\/strong>\u00a0et chaque d\u00e9couverte est l\u2019occasion de trouver un cadeau unique charg\u00e9 de sens. \u00c0 travers les places et ruelles, on retrouve \u00e9galement de magnifiques cr\u00e8ches de No\u00ebl. Certaines ont ce charme traditionnel qui rappelle les No\u00ebls d\u2019autrefois, tandis que d\u2019autres surprennent par leur audace et leur cr\u00e9ativit\u00e9. Ces installations deviennent de v\u00e9ritables pauses enchant\u00e9es dans la d\u00e9ambulation nocturne.<\/p>\n<p>&#13;<br \/>\nL&rsquo;esprit de No\u00ebl \u00e0 chaque coin de rue&#13;<\/p>\n<p>Rochefort-en-Terre sait jouer avec ses atouts\u00a0: son architecture remarquable, ses pav\u00e9s, ses maisons fleuries, ses fa\u00e7ades \u00e0 pans de bois\u2026 \u00c0 No\u00ebl, tout cela gagne en intensit\u00e9. Les \u00e9clairages mettent en valeur les reliefs, les balcons se parent de d\u00e9corations, et\u00a0<strong>les places du village semblent sorties d\u2019un film de fin d\u2019ann\u00e9e.<\/strong>\u00a0Vous plongez dans une atmosph\u00e8re douce et scintillante, parfaite pour partager un moment en famille ou entre amis.<\/p>\n<p>&#13;<br \/>\n&#13;<\/p>\n<p><a href=\"https:\/\/www.rochefortenterre-tourisme.bzh\/explorer\/la-magie-de-noel\/illuminations-noel-rochefort-en-terre\/\" rel=\"nofollow noopener noreferrer\" target=\"_blank\">Toutes les infos par ici<\/a><\/p>\n<p>&#13;<\/p>\n","protected":false},"excerpt":{"rendered":"Ruelles pav\u00e9es, fa\u00e7ades historiques, artisanat local et milliers de lumi\u00e8res composent une atmosph\u00e8re unique, chaleureuse et profond\u00e9ment festive.&hellip;\n","protected":false},"author":2,"featured_media":563335,"comment_status":"","ping_status":"","sticky":false,"template":"","format":"standard","meta":{"footnotes":""},"categories":[2818],"tags":[1111,11,1777,674,1011,27,766,12,2636,25],"class_list":{"0":"post-563334","1":"post","2":"type-post","3":"status-publish","4":"format-standard","5":"has-post-thumbnail","7":"category-nantes","8":"tag-actu","9":"tag-actualites","10":"tag-eu","11":"tag-europe","12":"tag-fr","13":"tag-france","14":"tag-nantes","15":"tag-news","16":"tag-pays-de-la-loire","17":"tag-republique-francaise"},"share_on_mastodon":{"url":"https:\/\/pubeurope.com\/@fr\/115624414070852332","error":""},"_links":{"self":[{"href":"https:\/\/www.europesays.com\/fr\/wp-json\/wp\/v2\/posts\/563334","targetHints":{"allow":["GET"]}}],"collection":[{"href":"https:\/\/www.europesays.com\/fr\/wp-json\/wp\/v2\/posts"}],"about":[{"href":"https:\/\/www.europesays.com\/fr\/wp-json\/wp\/v2\/types\/post"}],"author":[{"embeddable":true,"href":"https:\/\/www.europesays.com\/fr\/wp-json\/wp\/v2\/users\/2"}],"replies":[{"embeddable":true,"href":"https:\/\/www.europesays.com\/fr\/wp-json\/wp\/v2\/comments?post=563334"}],"version-history":[{"count":0,"href":"https:\/\/www.europesays.com\/fr\/wp-json\/wp\/v2\/posts\/563334\/revisions"}],"wp:featuredmedia":[{"embeddable":true,"href":"https:\/\/www.europesays.com\/fr\/wp-json\/wp\/v2\/media\/563335"}],"wp:attachment":[{"href":"https:\/\/www.europesays.com\/fr\/wp-json\/wp\/v2\/media?parent=563334"}],"wp:term":[{"taxonomy":"category","embeddable":true,"href":"https:\/\/www.europesays.com\/fr\/wp-json\/wp\/v2\/categories?post=563334"},{"taxonomy":"post_tag","embeddable":true,"href":"https:\/\/www.europesays.com\/fr\/wp-json\/wp\/v2\/tags?post=563334"}],"curies":[{"name":"wp","href":"https:\/\/api.w.org\/{rel}","templated":true}]}}