{"id":563336,"date":"2025-11-28T00:08:16","date_gmt":"2025-11-28T00:08:16","guid":{"rendered":"https:\/\/www.europesays.com\/fr\/563336\/"},"modified":"2025-11-28T00:08:16","modified_gmt":"2025-11-28T00:08:16","slug":"romeo-et-juliette-a-lopera-national-de-bordeaux","status":"publish","type":"post","link":"https:\/\/www.europesays.com\/fr\/563336\/","title":{"rendered":"Rom\u00e9o et Juliette \u00e0 l&rsquo;Op\u00e9ra National de Bordeaux"},"content":{"rendered":"<p>Le plus c\u00e9l\u00e8bre des drames de l\u2019amour, revisit\u00e9 en danse, s\u2019invite \u00e0 <a href=\"http:\/\/Bordeaux.fr\" target=\"_blank\" rel=\"noreferrer noopener\">Bordeaux<\/a> pour une saison intense et pleine d\u2019\u00e9motion :\u00a0Rom\u00e9o et Juliette\u00a0revient au <a href=\"https:\/\/www.opera-bordeaux.com\" target=\"_blank\" rel=\"noreferrer noopener\">Grand-Th\u00e9\u00e2tre <\/a>en d\u00e9cembre 2025.<\/p>\n<p style=\"font-size:16px\">Port\u00e9 par le Ballet de<strong> l\u2019Op\u00e9ra National de Bordeaux,<\/strong> ce spectacle m\u00eale la po\u00e9sie tragique de <strong>William Shakespeare \u00e0 la musique envo\u00fbtante de Sergei Prokofiev<\/strong>. Passion, rivalit\u00e9s de clans, amour interdit et trag\u00e9die se d\u00e9ploient dans des pas de deux lyriques et des sc\u00e8nes collectives vibrantes.<\/p>\n<p><img fetchpriority=\"high\" decoding=\"async\" width=\"1024\" height=\"683\" src=\"https:\/\/www.bougerabordeaux.com\/wp-content\/uploads\/2025\/11\/251205_Romeoetjuliette_c_Emily_Nuttall-1024x683.webp\" alt=\"\" class=\"wp-image-86973\" style=\"width:529px;height:auto\"  \/>Au c\u0153ur du Grand-Th\u00e9\u00e2tre de Bordeaux, la sc\u00e8ne se pr\u00e9pare \u00e0 accueillir l\u2019une des histoires d\u2019amour les plus mythiques : Rom\u00e9o et Juliette revisit\u00e9 par le Ballet de l\u2019Op\u00e9ra.\u00a9Op\u00e9ra National de Bordeaux<\/p>\n<p style=\"font-size:16px\">Que tu sois <strong>danseur\u00b7se amateur\u00b7ice,<\/strong> <strong>fan de th\u00e9\u00e2tre ou simplement curieux\u00b7se,<\/strong> c\u2019est le genre de spectacle qui touche et fait vibrer.<\/p>\n<p style=\"font-size:16px\">Le spectacle tourne du\u00a0<strong>5 au 31 d\u00e9cembre 2025<\/strong>, avec plusieurs repr\u00e9sentations <strong>en fin d\u2019apr\u00e8s-midi ou en soir\u00e9e.<\/strong>Tu peux aussi profiter de s\u00e9ances familiales ou scolaires de quoi faire d\u00e9couvrir <strong>V\u00e9rone<\/strong> et ses amours tragiques aux plus jeunes.<\/p>\n<p><img loading=\"lazy\" decoding=\"async\" width=\"1024\" height=\"524\" src=\"https:\/\/www.bougerabordeaux.com\/wp-content\/uploads\/2025\/11\/20170701-romeo-et-juliette-by-Sigrid-Colomyes-1024x524.webp\" alt=\"\" class=\"wp-image-86974\" style=\"width:575px;height:auto\"  \/>Entre passion, danse et lumi\u00e8re, le Ballet de l\u2019Op\u00e9ra National de Bordeaux redonne vie au chef-d\u2019\u0153uvre de Shakespeare dans une version bouleversante et \u00e9l\u00e9gante.\u00a9Op\u00e9ra National de Bordeaux<\/p>\n<p style=\"font-size:16px\">\u00c0 cela s\u2019ajoutent des petits plus sympa : un\u00a0<strong>Comptoir de l\u2019Op\u00e9ra<\/strong>\u00a0(produits locaux &amp; bio d\u00e8s l\u2019ouverture des portes et \u00e0 l\u2019entracte) et un\u00a0<strong>vestiaire gratuit<\/strong>\u00a0le soir du spectacle, pratique pour ne pas se charger pendant la repr\u00e9sentation.<\/p>\n<p style=\"font-size:16px\"><strong>Alors, pr\u00eat\u00b7e \u00e0 embarquer pour V\u00e9rone le temps d\u2019une soir\u00e9e ?<\/strong><\/p>\n<p>\u00c0 lire aussi : <a href=\"https:\/\/www.bougerabordeaux.com\/actu\/quand-des-enfants-decouvraient-un-tumulus-funeraire-vieux-de-5-600-ans-pres-de-bordeaux\/\" target=\"_blank\" rel=\"noreferrer noopener\">Quand des enfants d\u00e9couvraient un tumulus fun\u00e9raire vieux de 5 600 ans pr\u00e8s de Bordeaux<\/a><\/p>\n","protected":false},"excerpt":{"rendered":"Le plus c\u00e9l\u00e8bre des drames de l\u2019amour, revisit\u00e9 en danse, s\u2019invite \u00e0 Bordeaux pour une saison intense et&hellip;\n","protected":false},"author":2,"featured_media":563337,"comment_status":"","ping_status":"","sticky":false,"template":"","format":"standard","meta":{"footnotes":""},"categories":[2817],"tags":[1111,11,1997,1777,674,1011,27,12,2219,25],"class_list":{"0":"post-563336","1":"post","2":"type-post","3":"status-publish","4":"format-standard","5":"has-post-thumbnail","7":"category-bordeaux","8":"tag-actu","9":"tag-actualites","10":"tag-bordeaux","11":"tag-eu","12":"tag-europe","13":"tag-fr","14":"tag-france","15":"tag-news","16":"tag-nouvelle-aquitaine","17":"tag-republique-francaise"},"share_on_mastodon":{"url":"https:\/\/pubeurope.com\/@fr\/115624419262825380","error":""},"_links":{"self":[{"href":"https:\/\/www.europesays.com\/fr\/wp-json\/wp\/v2\/posts\/563336","targetHints":{"allow":["GET"]}}],"collection":[{"href":"https:\/\/www.europesays.com\/fr\/wp-json\/wp\/v2\/posts"}],"about":[{"href":"https:\/\/www.europesays.com\/fr\/wp-json\/wp\/v2\/types\/post"}],"author":[{"embeddable":true,"href":"https:\/\/www.europesays.com\/fr\/wp-json\/wp\/v2\/users\/2"}],"replies":[{"embeddable":true,"href":"https:\/\/www.europesays.com\/fr\/wp-json\/wp\/v2\/comments?post=563336"}],"version-history":[{"count":0,"href":"https:\/\/www.europesays.com\/fr\/wp-json\/wp\/v2\/posts\/563336\/revisions"}],"wp:featuredmedia":[{"embeddable":true,"href":"https:\/\/www.europesays.com\/fr\/wp-json\/wp\/v2\/media\/563337"}],"wp:attachment":[{"href":"https:\/\/www.europesays.com\/fr\/wp-json\/wp\/v2\/media?parent=563336"}],"wp:term":[{"taxonomy":"category","embeddable":true,"href":"https:\/\/www.europesays.com\/fr\/wp-json\/wp\/v2\/categories?post=563336"},{"taxonomy":"post_tag","embeddable":true,"href":"https:\/\/www.europesays.com\/fr\/wp-json\/wp\/v2\/tags?post=563336"}],"curies":[{"name":"wp","href":"https:\/\/api.w.org\/{rel}","templated":true}]}}