{"id":563338,"date":"2025-11-28T00:09:11","date_gmt":"2025-11-28T00:09:11","guid":{"rendered":"https:\/\/www.europesays.com\/fr\/563338\/"},"modified":"2025-11-28T00:09:11","modified_gmt":"2025-11-28T00:09:11","slug":"ne-laissons-aucune-place-dans-les-conseils-a-luni-et-la-cocarde","status":"publish","type":"post","link":"https:\/\/www.europesays.com\/fr\/563338\/","title":{"rendered":"ne laissons aucune place dans les conseils \u00e0 l&rsquo;UNI et la Cocarde !"},"content":{"rendered":"<p>Du 2 au 4 d\u00e9cembre 2025 auront lieu les \u00e9lections \u00e9tudiantes \u00e0 l\u2019Universit\u00e9 de Bordeaux, pour \u00e9lire les repr\u00e9sentant\u00b7e\u00b7s \u00e9tudiant\u00b7e\u00b7s qui si\u00e9geront dans les conseils centraux de l\u2019universit\u00e9. Dans ces \u00e9lections, deux organisations d\u2019extr\u00eame droite, l\u2019UNI et la Cocarde, se pr\u00e9sentent pour jouer les relais racistes de la politique de tri social du gouvernement.l faut r\u00e9affirmer que ni l\u2019extr\u00eame droite ni leurs id\u00e9es n\u2019ont leur places sur nos campus\u00a0!<\/p>\n<p>L\u2019UNI\u00a0: des bourgeois fans de saluts nazis <\/p>\n<p>\u00ab\u00a0Syndicat\u00a0\u00bb d\u2019extr\u00eame droite fond\u00e9 en 1969 en opposition au mouvement de Mai 68, l\u2019UNI d\u00e9fend une universit\u00e9 r\u00e9serv\u00e9e aux plus riches et d\u00e9barrass\u00e9e de toute trace de \u00ab\u00a0wokisme\u00a0\u00bb. Depuis sa cr\u00e9ation, l\u2019UNI a \u00e9t\u00e9 de tous les combats r\u00e9actionnaires\u00a0: contre la l\u00e9galisation de l\u2019avortement, l\u2019\u00e9ducation sexuelle dans les \u00e9coles, un de ses anciens militants a m\u00eame \u00e9t\u00e9 co-fondateur de la manif pour tous. Localement, elle entretient des liens avec la Bastide bordelaise, un groupuscule ouvertement fasciste, qui <a href=\"https:\/\/www.revolutionpermanente.fr\/Universite-de-Bordeaux-Contre-l-extr\u00eame droite-le-genocide-a-Gaza-et-la-precarite-votez-Le-Poing\" target=\"_blank\" rel=\"noopener\">a par exemple assur\u00e9 leur service d\u2019ordre<\/a> lors des derni\u00e8res \u00e9lections de conseil de coll\u00e8ge, arm\u00e9s de casque, gants coques et parapluies pour intimider les \u00e9tudiants.<\/p>\n<p>L\u2019ann\u00e9e derni\u00e8re, la section strasbourgeoise de l\u2019UNI avait \u00e9t\u00e9 \u00e9pingl\u00e9e pour une <a href=\"https:\/\/www.revolutionpermanente.fr\/Salut-nazi-cartes-antisemites-l-UNI-un-syndicat-etudiant-d-extr\u00eame droite-toujours-plus-radicalise\" target=\"_blank\" rel=\"noopener\">s\u00e9rie de montages antis\u00e9mites, islamophobes et sexistes<\/a>, sous la forme d\u2019un jeu de cartes r\u00e9alis\u00e9 par leurs militants. Apr\u00e8s cette r\u00e9v\u00e9lation, les scandales se sont encha\u00een\u00e9s, de multiples photos ont \u00e9t\u00e9 publi\u00e9es, d\u00e9voilant les dessous de ce \u00ab\u00a0syndicat\u00a0\u00bb o\u00f9 les saluts nazis sont monnaie courante. Le Poing Lev\u00e9 avait alors r\u00e9v\u00e9l\u00e9 une <a href=\"https:\/\/www.revolutionpermanente.fr\/Revelations-LPL-Saluts-nazis-menaces-homophobes-en-prive-les-dirigeants-de-l-UNI-se-lachent\" target=\"_blank\" rel=\"noopener\">photo de Dominique Organ, ancien \u00e9lu de l\u2019UNI au CA de l\u2019UB, r\u00e9alisant un salut K\u00fchnen<\/a>, une variante du salut nazi r\u00e9pandue dans les groupuscules d\u2019extr\u00eame droite. La photo avait \u00e9t\u00e9 envoy\u00e9e dans un groupe de l\u2019organisation par Mathis Gachon, d\u00e9l\u00e9gu\u00e9 national de l\u2019UNI, lui aussi \u00e9pingl\u00e9 pour des saluts nazis. Ces r\u00e9v\u00e9lations et Ces profils sont \u00e0 l\u2019image d\u2019une radicalisation id\u00e9ologique de l\u2019UNI, qui s\u2019incarne aussi \u00e0 Bordeaux dans le hobby mondain de leurs militants.<\/p>\n<p>En effet, le noyau dur de l\u2019UNI Bordeaux a fond\u00e9 en 2023 le \u00ab\u00a0Club Windsor Saint-Louis\u00a0\u00bb, r\u00e9cemment renomm\u00e9 \u00ab\u00a0Cercle Saint-Louis\u00a0\u00bb, en r\u00e9f\u00e9rence \u00e0 Louis IX, roi pr\u00e9f\u00e9r\u00e9 de l\u2019extr\u00eame droite chr\u00e9tienne pour son incarnation de l\u2019id\u00e9al du roi promouvant les bonnes m\u0153urs religieuses. Au programme de ce club\u00a0: soir\u00e9e Ralph Lauren, d\u00e9gustation de vins et cigares, soir\u00e9es poker, soir\u00e9e de \u00ab\u00a0l\u2019homme complet\u00a0\u00bb, galas dans des ch\u00e2teaux, voiture de luxe et glorification de la masculinit\u00e9.<\/p>\n<p>Alors que les militants de l\u2019UNI se griment en \u00e9tudiants \u00ab\u00a0normaux\u00a0\u00bb le temps des \u00e9lections et affichent un vernis social de circonstance, ces fils \u00e0 papa bourgeois radicalis\u00e9s joue aux aristocrates dans des ch\u00e2teaux, verre de vin \u00e0 la main et cigare aux l\u00e8vres, loin des pr\u00e9occupations du commun des \u00e9tudiants. Pendant ce temps, la majorit\u00e9 des jeunes gal\u00e8rent pour se nourrir, se loger, et doivent encha\u00eener les petits boulots en parall\u00e8le de leurs \u00e9tudes pour survivre.<\/p>\n<p>La Cocarde\u00a0: \u00e9cole de formation des cadres du RN<\/p>\n<p>\u00c0 ce tableau s\u2019ajoute La Cocarde, qui promeut les th\u00e8ses du \u00ab\u00a0grand remplacement\u00a0\u00bb. \u00c0 Bordeaux, La Cocarde se pr\u00e9sente avant tout comme l\u2019\u00e9cole de formation des futurs cadres du RN. Elle compte parmi ses membres des figures comme sa porte-parole, candidate parachut\u00e9e dans la 4\u1d49 circonscription des Fran\u00e7ais de l\u2019\u00e9tranger lors des derni\u00e8res l\u00e9gislatives, ainsi que des militants issus de la bourgeoisie viticole radicalis\u00e9e. La Cocarde bordelaise, c\u2019est le RN sur nos campus, dans sa frange la plus radicale, qui n\u2019h\u00e9site pas \u00e0 <a href=\"https:\/\/www.instagram.com\/reel\/DPJ6aw_jP_1\/?igsh=MW9oZHdzc2w4cTU4bA==\" class=\"spip_out\" rel=\"noopener noreferrer external\" target=\"_blank\">coller des affiches en hommage \u00e0 Charlie Kirk<\/a> ou encore \u00e0 l\u2019ignoble <a href=\"https:\/\/www.instagram.com\/reel\/DE5nMRKMOCi\/?igsh=MWVzd2tsejUzZDJmYg==\" class=\"spip_out\" rel=\"noopener noreferrer external\" target=\"_blank\">Jean-Marie Le Pen, aux c\u00f4t\u00e9s de l\u2019Action fran\u00e7aise<\/a>, un groupuscule royaliste d\u2019extr\u00eame droite. Rien d\u2019\u00e9tonnant \u00e0 les voir organiser \u00e0 Bordeaux ce vendredi 28 novembre une <a href=\"https:\/\/www.instagram.com\/reel\/DQe239lDDPI\/?igsh=MWd2OXYzZDhlcXA2Zw==\" class=\"spip_out\" rel=\"noopener noreferrer external\" target=\"_blank\">conf\u00e9rence avec Philippe Vardon<\/a>, militant d\u2019extr\u00eame droite pass\u00e9 par le RN et Reconqu\u00eate avant d\u2019atterrir \u00e0 Identit\u00e9s-Libert\u00e9s, le groupe de Marion Mar\u00e9chal Le Pen. Figure du militantisme d\u2019extr\u00eame droite ni\u00e7ois, il a notamment fond\u00e9 un groupe de rock n\u00e9o-nazi ou encore organis\u00e9 des distributions de soupes de porcs pour en exclure les musulmans.<\/p>\n<p>Ce n\u2019est pas non plus une surprise de voir la Cocarde se lier d\u00e9sormais avec le nouveau groupuscule fasciste \u00ab\u00a0Le Krak\u00a0\u00bb, r\u00e9f\u00e9rence directe aux forteresses construites durant les croisades du XIII\u1d49 si\u00e8cle. Plus largement, le socle id\u00e9ologique de la Cocarde co\u00efncide avec celui du RN, autour d\u2019un m\u00eame corpus doctrinal bas\u00e9 sur le rejet du \u00ab\u00a0lib\u00e9ralisme\u00a0\u00bb et de l\u2019immigration. Sur le mod\u00e8le du RN, l\u2019ensemble des positions pseudo-sociales de la Cocarde ne sont en v\u00e9rit\u00e9 que des motifs d\u2019attaques contre l\u2019immigration future et pass\u00e9e\u00a0: ces deux organisations partagent ainsi la m\u00eame revendication principale de \u00ab\u00a0pr\u00e9f\u00e9rence nationale\u00a0\u00bb.<\/p>\n<p>N\u00e9anmoins, derri\u00e8re ce discours se cache en r\u00e9alit\u00e9 un alignement avec les plans du gouvernement et de la classe dominante\u00a0: appliquer la s\u00e9lection sociale, renforcer l\u2019int\u00e9gration des int\u00e9r\u00eats priv\u00e9s \u00e0 l\u2019universit\u00e9 et transformer celle-ci en un outil au service de la militarisation. Dans ce cadre, l\u2019UNI et la Cocarde jouent le r\u00f4le de relais du gouvernement, en ajoutant une surench\u00e8re r\u00e9pressive contre les organisations de gauche.<\/p>\n<p>L\u2019extr\u00eame droite universitaire recule \u00e0 Bordeaux\u00a0: pas une place pour eux dans les conseils<\/p>\n<p>Apr\u00e8s les \u00e9lections de 2023 des conseils centraux de l\u2019universit\u00e9, nous alertions sur la mont\u00e9e des voix d\u2019extr\u00eame droite sur nos campus\u00a0: \u00ab\u00a0Les \u00e9lections \u00e9tudiantes ont aussi \u00e9t\u00e9 marqu\u00e9es par la pr\u00e9sence de deux listes d\u2019extr\u00eame-droite, l\u2019UNI et la Cocarde, qui \u00e0 elles deux ont remport\u00e9 plus de 900 voix. Un score en augmentation qui doit alerter.\u00a0\u00bb<\/p>\n<p>Deux ans plus tard, nous pouvons constater que l\u2019extr\u00eame droite universitaire \u00e0 Bordeaux est en net recul. La Cocarde n\u2019a recueilli que 61 voix aux \u00e9lections des conseils de Coll\u00e8ge en facult\u00e9 de droit, et l\u2019UNI a subi un recul historique en nombre de voix absolu. Plus largement, ce scrutin a \u00e9t\u00e9 marqu\u00e9 par une forte mobilisation \u00e9tudiante contre l\u2019extr\u00eame droite, dans la continuit\u00e9 des premi\u00e8res d\u00e9monstrations du Comit\u00e9 d\u2019action contre l\u2019extr\u00eame droite, impuls\u00e9 par Le Poing Lev\u00e9 aux c\u00f4t\u00e9s d\u2019autres organisations.<\/p>\n<p>Cette ann\u00e9e, la Cocarde ne peut plus masquer ses faiblesses. Elle n\u2019est m\u00eame pas en mesure de se pr\u00e9senter aux \u00e9lections du CA, incapable de r\u00e9unir des candidat\u00b7es sur au moins trois campus de l\u2019UB \u2014 condition pourtant minimale impos\u00e9e pour valider une liste. Ils ne sont pas davantage capables de pr\u00e9senter une profession de foi.<\/p>\n<p>De son c\u00f4t\u00e9, l\u2019UNI brille par son absence sur les campus tout autant que dans les conseils centraux. Si ce recul n\u2019est pas d\u00e9finitif, il est le r\u00e9sultat concret de la politique impuls\u00e9e depuis une ann\u00e9e par le comit\u00e9 d\u2019action contre l\u2019extr\u00eame droite \u00e0 l\u2019universit\u00e9 Bordeaux Montaigne, qui est un acquis pour le mouvement \u00e9tudiant bordelais \u00e0 l\u2019\u00e9chelle de la ville. Fond\u00e9 pour mettre en d\u00e9route la tentative des groupuscules d\u2019extr\u00eame droite d\u2019installer un climat de peur chez les \u00e9tudiants de gauche, il a permis d\u2019affirmer que l\u2019extr\u00eame droite et leurs id\u00e9es n\u2019avaient pas leur place \u00e0 l\u2019universit\u00e9, ni \u00e0 Bordeaux Montaigne, ni \u00e0 l\u2019UB. Les \u00e9lections de l\u2019UB doivent confirmer ce recul\u00a0!<\/p>\n<p>Dans les universit\u00e9s bordelaises il faut poursuivre la mobilisation contre l\u2019extr\u00eame droite. Apr\u00e8s avoir fait fuir la Bastide bordelaise, organis\u00e9 un <a href=\"https:\/\/www.revolutionpermanente.fr\/Village-antifasciste-a-Bordeaux-Montaigne-une-demonstration-reussie-contre-l-extreme-droite\" target=\"_blank\" rel=\"noopener\">village Antifa<\/a>, puis un <a href=\"https:\/\/www.revolutionpermanente.fr\/Village-antifasciste-a-Bordeaux-Montaigne-une-demonstration-reussie-contre-l-extreme-droite\" target=\"_blank\" rel=\"noopener\">concert Antifa sur la ville<\/a>, le CACED renouvelle son <a href=\"https:\/\/www.instagram.com\/p\/DRC4_NQDOAR\/?igsh=eXE5aXFhNTF5ajJ1\" class=\"spip_out\" rel=\"noopener noreferrer external\" target=\"_blank\">village Antifa ce jeudi 4 d\u00e9cembre 2025 sur le parvis de Montaigne<\/a>.<\/p>\n<p>Contre leurs id\u00e9es, il faut au contraire militer pour la rupture des partenariats avec les entreprises complices du g\u00e9nocide en Palestine, alors que l\u2019extr\u00eame droite se pose en fid\u00e8le d\u00e9fenseur de l\u2019\u00c9tat d\u2019Isra\u00ebl. Dans le m\u00eame esprit, il est n\u00e9cessaire de revendiquer une universit\u00e9 ouverte aux enfants d\u2019ouvriers et aux \u00e9tudiant\u00b7es \u00e9trangers, en commen\u00e7ant par supprimer les frais d\u2019inscription pour les \u00e9tudiants internationaux ainsi que le dispositif \u00ab\u00a0Bienvenue en France\u00a0\u00bb. Enfin, face \u00e0 des militants qui n\u2019h\u00e9sitent pas \u00e0 afficher leur sympathie pour les nazis, il faut r\u00e9affirmer notre projet\u00a0: une universit\u00e9 anti-raciste, f\u00e9ministe et anti-validiste, d\u00e9termin\u00e9e \u00e0 mettre fin \u00e0 toutes les formes d\u2019oppression.<\/p>\n<p>Du 2 au 4 d\u00e9cembre, pour des \u00e9lus de combats qui ne transigent pas dans la lutte contre l\u2019extr\u00eame droite\u00a0: vote, fais voter, et organise-toi avec le Poing Lev\u00e9\u00a0!<\/p>\n<p><script async src=\"\/\/www.instagram.com\/embed.js\"><\/script><\/p>\n","protected":false},"excerpt":{"rendered":"Du 2 au 4 d\u00e9cembre 2025 auront lieu les \u00e9lections \u00e9tudiantes \u00e0 l\u2019Universit\u00e9 de Bordeaux, pour \u00e9lire les&hellip;\n","protected":false},"author":2,"featured_media":563339,"comment_status":"","ping_status":"","sticky":false,"template":"","format":"standard","meta":{"footnotes":""},"categories":[2817],"tags":[1111,11,1997,1777,674,1011,27,12,2219,25],"class_list":{"0":"post-563338","1":"post","2":"type-post","3":"status-publish","4":"format-standard","5":"has-post-thumbnail","7":"category-bordeaux","8":"tag-actu","9":"tag-actualites","10":"tag-bordeaux","11":"tag-eu","12":"tag-europe","13":"tag-fr","14":"tag-france","15":"tag-news","16":"tag-nouvelle-aquitaine","17":"tag-republique-francaise"},"share_on_mastodon":{"url":"https:\/\/pubeurope.com\/@fr\/115624421904398454","error":""},"_links":{"self":[{"href":"https:\/\/www.europesays.com\/fr\/wp-json\/wp\/v2\/posts\/563338","targetHints":{"allow":["GET"]}}],"collection":[{"href":"https:\/\/www.europesays.com\/fr\/wp-json\/wp\/v2\/posts"}],"about":[{"href":"https:\/\/www.europesays.com\/fr\/wp-json\/wp\/v2\/types\/post"}],"author":[{"embeddable":true,"href":"https:\/\/www.europesays.com\/fr\/wp-json\/wp\/v2\/users\/2"}],"replies":[{"embeddable":true,"href":"https:\/\/www.europesays.com\/fr\/wp-json\/wp\/v2\/comments?post=563338"}],"version-history":[{"count":0,"href":"https:\/\/www.europesays.com\/fr\/wp-json\/wp\/v2\/posts\/563338\/revisions"}],"wp:featuredmedia":[{"embeddable":true,"href":"https:\/\/www.europesays.com\/fr\/wp-json\/wp\/v2\/media\/563339"}],"wp:attachment":[{"href":"https:\/\/www.europesays.com\/fr\/wp-json\/wp\/v2\/media?parent=563338"}],"wp:term":[{"taxonomy":"category","embeddable":true,"href":"https:\/\/www.europesays.com\/fr\/wp-json\/wp\/v2\/categories?post=563338"},{"taxonomy":"post_tag","embeddable":true,"href":"https:\/\/www.europesays.com\/fr\/wp-json\/wp\/v2\/tags?post=563338"}],"curies":[{"name":"wp","href":"https:\/\/api.w.org\/{rel}","templated":true}]}}