{"id":563341,"date":"2025-11-28T00:11:18","date_gmt":"2025-11-28T00:11:18","guid":{"rendered":"https:\/\/www.europesays.com\/fr\/563341\/"},"modified":"2025-11-28T00:11:18","modified_gmt":"2025-11-28T00:11:18","slug":"le-batiment-se-mobilise-pour-son-telethon","status":"publish","type":"post","link":"https:\/\/www.europesays.com\/fr\/563341\/","title":{"rendered":"le B\u00e2timent se mobilise pour son T\u00e9l\u00e9thon"},"content":{"rendered":"<p>La seconde \u00e9dition nationale du T\u00e9l\u00e9thon du B\u00e2timent s\u2019ouvrait jeudi 27 novembre, \u00e0 Toulouse. 300 coureurs participaient aux courses solidaires, pendant qu\u2019une \u201ckermesse des sports\u201d se tenait dans un gymnase. Objectif : 200 000 \u20ac pour financer l\u2019AFM T\u00e9l\u00e9thon et l\u2019Institut de Myologie.<\/p>\n<p class=\"c-paragraph\">Malgr\u00e9 les temp\u00e9ratures de saison, <b>300 participants<\/b> de tous les \u00e2ges bravaient le froid jeudi 27 novembre \u00e0 Toulouse pour inaugurer la <a href=\"https:\/\/www.lemoniteur.fr\/negoce\/telethon-du-batiment-2025-en-plus-de-paris-des-rendez-vous-dans-toute-la-france.UQN3OETGNVBA5AEN4KRY4YW4TI.html\" target=\"_self\" rel=\"noopener\" title=\"https:\/\/www.lemoniteur.fr\/negoce\/telethon-du-batiment-2025-en-plus-de-paris-des-rendez-vous-dans-toute-la-france.UQN3OETGNVBA5AEN4KRY4YW4TI.html\">seconde \u00e9dition du T\u00e9l\u00e9thon du B\u00e2timent, en association avec l\u2019Institut de Myologie pour la recherche contre les maladies des muscles<\/a>. Une centaine d\u2019entreprises prenaient ainsi part \u00e0 l\u2019\u00e9v\u00e9nement, dont Eldo, Vertikal, la Toulousaine\u2026 Hormis les nombreuses entreprises d\u2019artisans, on retrouve quelques industriels comme <b>Sider<\/b> et <b>AkzoNobel<\/b> ou encore la <b>Capeb <\/b>r\u00e9gionale. L\u2019organisation \u00e9tait prise en charge par <b>Synerciel<\/b>, avec l\u2019<b>AFM-T\u00e9l\u00e9thon<\/b>, dans l\u2019enceinte du TUC, club toulousain d\u2019aviron. Une poign\u00e9e de personnalit\u00e9s sportives faisaient le d\u00e9placement, \u00e0 l\u2019image de <b>Marina Onesta, marraine de l\u2019\u00e9dition<\/b> et ancienne handballeuse du Toulouse Handball Club.<\/p>\n<p class=\"c-paragraph\">Lors des prises de parole, Jean-Bernard Melet, de la soci\u00e9t\u00e9 Eldo, raconte : \u00ab Cette initiative est <b>inspir\u00e9e du secteur bancaire<\/b>, qui se mobilisait donc on s\u2019est dit qu\u2019on ne pouvait pas rester les bras ballants. C\u2019est tr\u00e8s positif que d\u2019autres villes s\u2019y mettent. L\u2019an dernier nous \u00e9tions une cinquantaine \u00e0 Toulouse, aujourd\u2019hui nous sommes d\u00e9j\u00e0 bien plus nombreux. On esp\u00e8re que l\u2019an prochain, on sera encore plus \u00e0 se mobiliser. \u00bb<\/p>\n<p><img decoding=\"async\" data-chromatic=\"ignore\" alt=\"T&#xE9;l&#xE9;thon B&#xE2;timent Toulouse\" class=\"c-image\" loading=\"lazy\" src=\"https:\/\/www.europesays.com\/fr\/wp-content\/uploads\/2025\/11\/7EGOKCSYUZF33LW3M3JE5ZVBBA.jpg\"  width=\"800\" height=\"555\"\/>T\u00e9l\u00e9thon B\u00e2timent Toulouse Des personnalit\u00e9s sportives locales avaient fait le d\u00e9placement pour soutenir l&rsquo;\u00e9v\u00e9nement. <\/p>\n<p class=\"c-paragraph\"><b>Deux courses de 5 et 10 km<\/b> s\u2019\u00e9lan\u00e7aient depuis le stade, pour un parcours dans la ville Rose. Pendant que les plus courageux courent, se tenait une \u00ab\u00a0<b>kermesse des sports\u00a0\u00bb, plus familiale<\/b>, dans le gymnase, avec des initiations sportives pour brasser un <b>public le plus large possible<\/b>. Un DJ set r\u00e9chauffait les c\u0153urs tandis qu\u2019un caviste et un food truck s\u2019occupaient de remplir les panses, reversant une partie des recettes \u00e0 la cause. L\u2019an dernier, <a href=\"https:\/\/www.lemoniteur.fr\/article\/telethon.2338883\" target=\"_self\" rel=\"noopener\" title=\"https:\/\/www.lemoniteur.fr\/article\/telethon.2338883\">Toulouse \u00e9tait la seule ville avec Paris \u00e0 participer au T\u00e9l\u00e9thon du B\u00e2timent<\/a>.<\/p>\n<p class=\"c-paragraph\">Cette ann\u00e9e, la capitale occitane ouvre la p\u00e9riode du T\u00e9l\u00e9thon, qui se d\u00e9roule jusqu\u2019au <b>week-end de campagne nationale les 5 et 6 d\u00e9cembre<\/b>. Ce jour-l\u00e0, Brignais (Rh\u00f4ne) cl\u00f4turera l\u2019\u00e9v\u00e9nement de la fili\u00e8re. Objectif : <b>plus de 200 000 \u20ac<\/b>. Pour rappel, les fonds r\u00e9colt\u00e9s financeront la recherche contre les <b>troubles musculo-squelettiques, premi\u00e8re cause de maladies professionnelles de la construction<\/b>. <a href=\"https:\/\/www.lemoniteur.fr\/negoce\/participer-au-telethon-du-batiment.ZKYPNKLD4JCAVJGC5VBLWGLKNU.html\" target=\"_self\" rel=\"noopener\" title=\"https:\/\/www.lemoniteur.fr\/negoce\/participer-au-telethon-du-batiment.ZKYPNKLD4JCAVJGC5VBLWGLKNU.html\">Inscription toujours disponible.<\/a><\/p>\n","protected":false},"excerpt":{"rendered":"La seconde \u00e9dition nationale du T\u00e9l\u00e9thon du B\u00e2timent s\u2019ouvrait jeudi 27 novembre, \u00e0 Toulouse. 300 coureurs participaient aux&hellip;\n","protected":false},"author":2,"featured_media":563342,"comment_status":"","ping_status":"","sticky":false,"template":"","format":"standard","meta":{"footnotes":""},"categories":[2816],"tags":[1111,11,18004,1777,674,1011,27,2722,6530,12,2680,25,18573,2312],"class_list":{"0":"post-563341","1":"post","2":"type-post","3":"status-publish","4":"format-standard","5":"has-post-thumbnail","7":"category-toulouse","8":"tag-actu","9":"tag-actualites","10":"tag-artisans","11":"tag-eu","12":"tag-europe","13":"tag-fr","14":"tag-france","15":"tag-haute-garonne","16":"tag-negoce","17":"tag-news","18":"tag-occitanie","19":"tag-republique-francaise","20":"tag-rse","21":"tag-toulouse"},"share_on_mastodon":{"url":"https:\/\/pubeurope.com\/@fr\/115624430643650434","error":""},"_links":{"self":[{"href":"https:\/\/www.europesays.com\/fr\/wp-json\/wp\/v2\/posts\/563341","targetHints":{"allow":["GET"]}}],"collection":[{"href":"https:\/\/www.europesays.com\/fr\/wp-json\/wp\/v2\/posts"}],"about":[{"href":"https:\/\/www.europesays.com\/fr\/wp-json\/wp\/v2\/types\/post"}],"author":[{"embeddable":true,"href":"https:\/\/www.europesays.com\/fr\/wp-json\/wp\/v2\/users\/2"}],"replies":[{"embeddable":true,"href":"https:\/\/www.europesays.com\/fr\/wp-json\/wp\/v2\/comments?post=563341"}],"version-history":[{"count":0,"href":"https:\/\/www.europesays.com\/fr\/wp-json\/wp\/v2\/posts\/563341\/revisions"}],"wp:featuredmedia":[{"embeddable":true,"href":"https:\/\/www.europesays.com\/fr\/wp-json\/wp\/v2\/media\/563342"}],"wp:attachment":[{"href":"https:\/\/www.europesays.com\/fr\/wp-json\/wp\/v2\/media?parent=563341"}],"wp:term":[{"taxonomy":"category","embeddable":true,"href":"https:\/\/www.europesays.com\/fr\/wp-json\/wp\/v2\/categories?post=563341"},{"taxonomy":"post_tag","embeddable":true,"href":"https:\/\/www.europesays.com\/fr\/wp-json\/wp\/v2\/tags?post=563341"}],"curies":[{"name":"wp","href":"https:\/\/api.w.org\/{rel}","templated":true}]}}