{"id":563343,"date":"2025-11-28T00:13:19","date_gmt":"2025-11-28T00:13:19","guid":{"rendered":"https:\/\/www.europesays.com\/fr\/563343\/"},"modified":"2025-11-28T00:13:19","modified_gmt":"2025-11-28T00:13:19","slug":"lyon-leader-au-classement-lille-se-relance-dans-la-course-a-la-qualification","status":"publish","type":"post","link":"https:\/\/www.europesays.com\/fr\/563343\/","title":{"rendered":"Lyon leader au classement, Lille se relance dans la course \u00e0 la qualification"},"content":{"rendered":"<p>Les Lyonnais, qui n\u2019avaient plus inscrit six buts en Coupe d\u2019Europe \u00e0 l\u2019ext\u00e9rieur depuis d\u00e9cembre 2011 \u00e0 Zagreb, sont d\u00e9sormais leaders du classement au b\u00e9n\u00e9fice de la diff\u00e9rence de buts devant les Danois de Midtjylland. De son c\u00f4t\u00e9, le Maccabi, qui n\u2019a obtenu qu\u2019un r\u00e9sultat nul dans la comp\u00e9tition, est avant-dernier (35e).<\/p>\n<p>Premier tripl\u00e9 pour Tolisso<\/p>\n<p>L\u2019OL restait sur deux d\u00e9faites et trois matches nuls, apr\u00e8s celui conc\u00e9d\u00e9 le 23\u00a0novembre \u00e0 Auxerre (0-0) au cours duquel l\u2019\u00e9quipe rhodanienne s\u2019\u00e9tait montr\u00e9e inoffensive. Face \u00e0 un adversaire de faible niveau, les Lyonnais ont pu reprendre confiance offensivement, port\u00e9s par leur capitaine Tolisso, auteur du premier tripl\u00e9 de sa carri\u00e8re.<\/p>\n<p>Apr\u00e8s l\u2019ouverture du score du Br\u00e9silien Abner, \u00e0 la r\u00e9ception d\u2019un centre de Mathys de Carvalho que n\u2019avait pu reprendre Tolisso (4e), celui-ci a ensuite marqu\u00e9 le 500e but europ\u00e9en de l\u2019OL en reprenant de la t\u00eate un centre d\u00e9livr\u00e9 par Abner (2-0, 25e). Il s\u2019est offert un doubl\u00e9 en marquant de la t\u00eate \u00e0 la r\u00e9ception d\u2019un centre adress\u00e9 de la droite par le Tch\u00e8que Pavel Sulc (4-0, 51e).<\/p>\n<p>En seconde p\u00e9riode, le capitaine lyonnais a repris du pied droit une passe en retrait de Sulc, encore lui, deux minutes plus tard (5-0, 53e). Entre-temps, pour porter le score \u00e0 3-0, Moussa Niakhat\u00e9 avait transform\u00e9 un penalty accord\u00e9 pour une faute sur Sulc (35e), par ailleurs deux fois passeur d\u00e9cisif.<\/p>\n<p>\u00c0 l\u2019heure de jeu, le Tch\u00e8que Adam Karabec, entr\u00e9 en cours de seconde p\u00e9riode a inscrit le sixi\u00e8me but (6-0, 62e).<\/p>\n<p>D\u00e9but timide pour les Lillois<\/p>\n<p>De son c\u00f4t\u00e9, Lille s\u2019est relanc\u00e9 dans la course \u00e0 la qualification directe apr\u00e8s deux revers cons\u00e9cutifs en Ligue Europa. Les Nordistes ont domin\u00e9 facilement le Dinamo Zagreb 4 \u00e0 0 au stade Pierre-Mauroy.<\/p>\n<p>Souvent inconstants cette saison, les hommes de Bruno Genesio avaient d\u00e9but\u00e9 leur campagne europ\u00e9enne par deux succ\u00e8s contre Brann Bergen (2-1) et \u00e0 Rome (1-0), avant de voir leur \u00e9lan stopp\u00e9 avec une gifle \u00e0 domicile (4-3) face au PAOK Salonique, et une d\u00e9faite \u00e0 Belgrade contre l\u2019\u00c9toile rouge (1-0).<\/p>\n<p>Pas encore totalement en confiance, Lille a d\u00e9but\u00e9 timidement la rencontre face au Dinamo, qui a fait frissonner le public sur une t\u00eate bien plac\u00e9e de Monsef Bakrar, qui a battu le portier lillois Berke Ozer avant que le but ne soit annul\u00e9 pour une faute de l\u2019attaquant international alg\u00e9rien (8e).<\/p>\n<p>Un regain de confiance<\/p>\n<p>Longtemps impr\u00e9cis devant les cages adverses et pas totalement sereins devant les leurs, les Lillois ont fait preuve d\u2019une efficacit\u00e9 maximum sur leur premi\u00e8re r\u00e9elle occasion. Sur une phase de transition, Hakon Haraldsson a trouv\u00e9 Felix Correia d\u2019une longue passe lumineuse, le Portugais remportant ensuite son duel contre le gardien croate Ivan Filipovic (24e).<\/p>\n<p>L\u2019attaquant marocain Hamza Igamane, titulaire pour permettre de reposer Olivier Giroud, auteur d\u2019un doubl\u00e9 contre le PFC, s\u2019est montr\u00e9 d\u00e9cisif peu apr\u00e8s, une nouvelle fois sur une contre-attaque, en servant dans la surface Ngal\u2019ayel Mukau pour le but du break (36e).<\/p>\n<p>Plus inqui\u00e9t\u00e9s par un Dinamo apathique, les Dogues ont alourdi le score en seconde p\u00e9riode avec deux buts sign\u00e9s Igamane, r\u00e9compens\u00e9 de son activit\u00e9 (69e), et Benjamin Andr\u00e9 (86e). De quoi envisager avec un regain de confiance le d\u00e9placement au Havre dimanche en Ligue 1 pour tenter de recoller au podium.<\/p>\n","protected":false},"excerpt":{"rendered":"Les Lyonnais, qui n\u2019avaient plus inscrit six buts en Coupe d\u2019Europe \u00e0 l\u2019ext\u00e9rieur depuis d\u00e9cembre 2011 \u00e0 Zagreb,&hellip;\n","protected":false},"author":2,"featured_media":563344,"comment_status":"","ping_status":"","sticky":false,"template":"","format":"standard","meta":{"footnotes":""},"categories":[2815],"tags":[1111,11,1777,674,1011,27,811,1307,12,25],"class_list":{"0":"post-563343","1":"post","2":"type-post","3":"status-publish","4":"format-standard","5":"has-post-thumbnail","7":"category-lille","8":"tag-actu","9":"tag-actualites","10":"tag-eu","11":"tag-europe","12":"tag-fr","13":"tag-france","14":"tag-hauts-de-france","15":"tag-lille","16":"tag-news","17":"tag-republique-francaise"},"share_on_mastodon":{"url":"https:\/\/pubeurope.com\/@fr\/115624437632573954","error":""},"_links":{"self":[{"href":"https:\/\/www.europesays.com\/fr\/wp-json\/wp\/v2\/posts\/563343","targetHints":{"allow":["GET"]}}],"collection":[{"href":"https:\/\/www.europesays.com\/fr\/wp-json\/wp\/v2\/posts"}],"about":[{"href":"https:\/\/www.europesays.com\/fr\/wp-json\/wp\/v2\/types\/post"}],"author":[{"embeddable":true,"href":"https:\/\/www.europesays.com\/fr\/wp-json\/wp\/v2\/users\/2"}],"replies":[{"embeddable":true,"href":"https:\/\/www.europesays.com\/fr\/wp-json\/wp\/v2\/comments?post=563343"}],"version-history":[{"count":0,"href":"https:\/\/www.europesays.com\/fr\/wp-json\/wp\/v2\/posts\/563343\/revisions"}],"wp:featuredmedia":[{"embeddable":true,"href":"https:\/\/www.europesays.com\/fr\/wp-json\/wp\/v2\/media\/563344"}],"wp:attachment":[{"href":"https:\/\/www.europesays.com\/fr\/wp-json\/wp\/v2\/media?parent=563343"}],"wp:term":[{"taxonomy":"category","embeddable":true,"href":"https:\/\/www.europesays.com\/fr\/wp-json\/wp\/v2\/categories?post=563343"},{"taxonomy":"post_tag","embeddable":true,"href":"https:\/\/www.europesays.com\/fr\/wp-json\/wp\/v2\/tags?post=563343"}],"curies":[{"name":"wp","href":"https:\/\/api.w.org\/{rel}","templated":true}]}}