{"id":563347,"date":"2025-11-28T00:15:15","date_gmt":"2025-11-28T00:15:15","guid":{"rendered":"https:\/\/www.europesays.com\/fr\/563347\/"},"modified":"2025-11-28T00:15:15","modified_gmt":"2025-11-28T00:15:15","slug":"marseille-une-classe-mer-au-college-du-vieux-port","status":"publish","type":"post","link":"https:\/\/www.europesays.com\/fr\/563347\/","title":{"rendered":"Marseille\u00a0: une classe mer au coll\u00e8ge du Vieux Port"},"content":{"rendered":"<p>\n      Le projet est port\u00e9 par l\u2019association Marseille capitale de la mer. Une fois par mois, les \u00e9l\u00e8ves de l\u2019\u00e9tablissement iront \u00e0 la d\u00e9couverte des m\u00e9tiers de la mer. Un dispositif qui s\u2019appuie sur un solide r\u00e9seau de partenaires.\n    <\/p>\n<p>N\u00e9e en 2019 et reconnue d\u2019utilit\u00e9 publique, l\u2019association Marseille capitale de la mer s\u2019est donn\u00e9e pour mission de f\u00e9d\u00e9rer \u00ab\u00a0les forces vives du territoire pour valoriser la mer comme ressource urbaine durable\u00a0\u00bb, et de \u00ab\u00a0tisser des liens entre les acteurs du territoire autour de projets maritimes\u00a0\u00bb, comme la d\u00e9couverte des m\u00e9tiers de la mer.<\/p>\n<p>La mise en place d\u2019une classe mer au coll\u00e8ge du Vieux Port, relevant de l\u2019\u00e9ducation prioritaire, pour 22 \u00e9l\u00e8ves de troisi\u00e8me, est son projet le plus r\u00e9cent, soutenu par la Pr\u00e9fecture et le Campus des M\u00e9tiers et des Qualifications d\u2019Excellence &#8211; \u00c9conomie de la Mer de la R\u00e9gion PACA.\u00a0<\/p>\n<p>Concr\u00e8tement, durant l\u2019ann\u00e9e scolaire, \u00ab\u00a0les \u00e9l\u00e8ves recevront 40 heures de formations th\u00e9oriques assur\u00e9es par les enseignants certifi\u00e9s BIMer du coll\u00e8ge\u00a0\u00bb, pr\u00e9cise Marie-Dominique Champloy, cofondatrice de l\u2019association, \u00e0 Mer et Marine. Le Brevet d\u2019Initiation \u00e0 la Mer est un dipl\u00f4me qui valide un niveau d\u2019initiation aux activit\u00e9s professionnelles et \u00e0 la culture scientifique et technique dans le domaine maritime, et aborde les th\u00e9matiques de la construction navale, de la m\u00e9t\u00e9o, de la s\u00e9curit\u00e9, de la navigation, des espaces maritimes et de l\u2019anglais maritime.\u00a0<\/p>\n<p>\u00a0<\/p>\n<p>\u00a0<\/p>\n<p>L\u2019association, elle, prend en charge la partie \u00ab\u00a0exp\u00e9rientielle\u00a0\u00bb du projet, qui pr\u00e9voit un accompagnement dans la recherche des stages de Troisi\u00e8me, l\u2019organisation d\u2019un forum des m\u00e9tiers et des rencontres avec des professionnels de son r\u00e9seau. Une quarantaine contribue d\u00e9j\u00e0 depuis deux ans au dispositif de stages pour des \u00e9l\u00e8ves de Seconde, \u00e9galement cr\u00e9\u00e9 par l\u2019association, et destin\u00e9 \u00e0 \u00ab\u00a0faire le tour de tous les m\u00e9tiers de la mer\u00a0\u00bb.<\/p>\n<p>\u00ab\u00a0Durant 15 jours, les \u00e9l\u00e8ves passent une journ\u00e9e chez chacun de nos partenaires. En juin dernier, ils ont visit\u00e9 le Grand port maritime en bateau, le chantier naval de Marseille, le plateau de maintenance et m\u00e9canique du centre Afpa de La Pointe Rouge, un navire de Corsica Linea, particip\u00e9 \u00e0 des ateliers organis\u00e9s par le Bataillon des marins pompiers de Marseille et\u00a0la Gendarmerie maritime\u2026\u00a0\u00bb. L\u2019Union maritime et fluviale Marseille-Fos, le MIN de Saumaty et CMA CGM font \u00e9galement partie des partenaires de l\u2019association, qui occupe depuis fin 2023, l\u2019un des pavillons de la consigne sanitaire du Vieux Port.\u00a0<\/p>\n<p>\u00a0<\/p>\n<p>\u00a0<\/p>\n<p>Propri\u00e9taire du lieu, le Grand port maritime a sign\u00e9 avec Marseille capitale de la mer une convention d\u2019occupation pour les 10 prochaines ann\u00e9es, durant lesquelles l\u2019association va progressivement cr\u00e9er un \u00ab\u00a0lieu d\u2019acculturation maritime, avec une salle d\u00e9di\u00e9e aux m\u00e9tiers de la mer\u00a0\u00bb. Un projet qui s\u2019inscrit dans une volont\u00e9 d\u2019ouvrir davantage le port sur la ville.<\/p>\n<p>La consigne sanitaire est situ\u00e9e \u00e0 deux pas du coll\u00e8ge du Vieux Port, dont les \u00e9l\u00e8ves de la classe mer vont \u00e9galement b\u00e9n\u00e9ficier des activit\u00e9s hors temps scolaire propos\u00e9es par l\u2019association. A commencer par l\u2019apprentissage de la natation au Cercle des Nageurs de Marseille, ou des sorties en mer pour ces jeunes et leurs parents, un public \u00ab\u00a0\u00e9loign\u00e9 de toutes les opportunit\u00e9s\u00a0\u00bb. L\u2019association esp\u00e8re que cette premi\u00e8re classe mer ne sera pas la derni\u00e8re, et vise \u00e0 transposer le dispositif dans d\u2019autres quartiers et \u00e9tablissements.\u00a0<\/p>\n<p><strong>\u00a9 Un article de la r\u00e9daction de Mer et Marine. Reproduction interdite sans consentement du ou des auteurs.<\/strong><\/p>\n","protected":false},"excerpt":{"rendered":"Le projet est port\u00e9 par l\u2019association Marseille capitale de la mer. Une fois par mois, les \u00e9l\u00e8ves de&hellip;\n","protected":false},"author":2,"featured_media":563348,"comment_status":"","ping_status":"","sticky":false,"template":"","format":"standard","meta":{"footnotes":""},"categories":[2814],"tags":[1111,11,6130,6141,6131,6138,2380,6135,554,1777,6136,674,1011,27,6139,6134,3135,6128,567,6129,884,6127,12,6132,4838,882,6133,25,6140,6137],"class_list":{"0":"post-563347","1":"post","2":"type-post","3":"status-publish","4":"format-standard","5":"has-post-thumbnail","7":"category-marseille","8":"tag-actu","9":"tag-actualites","10":"tag-chantiers","11":"tag-commando","12":"tag-construction-navale","13":"tag-costa","14":"tag-croisiere","15":"tag-dcns","16":"tag-defense","17":"tag-eu","18":"tag-euronaval","19":"tag-europe","20":"tag-fr","21":"tag-france","22":"tag-fremm","23":"tag-interviews","24":"tag-littoral","25":"tag-marine","26":"tag-marine-nationale","27":"tag-maritime","28":"tag-marseille","29":"tag-mer","30":"tag-news","31":"tag-offshore","32":"tag-peche","33":"tag-provence-alpes-cote-dazur","34":"tag-reportages","35":"tag-republique-francaise","36":"tag-sncm","37":"tag-stx"},"share_on_mastodon":{"url":"https:\/\/pubeurope.com\/@fr\/115624445418245615","error":""},"_links":{"self":[{"href":"https:\/\/www.europesays.com\/fr\/wp-json\/wp\/v2\/posts\/563347","targetHints":{"allow":["GET"]}}],"collection":[{"href":"https:\/\/www.europesays.com\/fr\/wp-json\/wp\/v2\/posts"}],"about":[{"href":"https:\/\/www.europesays.com\/fr\/wp-json\/wp\/v2\/types\/post"}],"author":[{"embeddable":true,"href":"https:\/\/www.europesays.com\/fr\/wp-json\/wp\/v2\/users\/2"}],"replies":[{"embeddable":true,"href":"https:\/\/www.europesays.com\/fr\/wp-json\/wp\/v2\/comments?post=563347"}],"version-history":[{"count":0,"href":"https:\/\/www.europesays.com\/fr\/wp-json\/wp\/v2\/posts\/563347\/revisions"}],"wp:featuredmedia":[{"embeddable":true,"href":"https:\/\/www.europesays.com\/fr\/wp-json\/wp\/v2\/media\/563348"}],"wp:attachment":[{"href":"https:\/\/www.europesays.com\/fr\/wp-json\/wp\/v2\/media?parent=563347"}],"wp:term":[{"taxonomy":"category","embeddable":true,"href":"https:\/\/www.europesays.com\/fr\/wp-json\/wp\/v2\/categories?post=563347"},{"taxonomy":"post_tag","embeddable":true,"href":"https:\/\/www.europesays.com\/fr\/wp-json\/wp\/v2\/tags?post=563347"}],"curies":[{"name":"wp","href":"https:\/\/api.w.org\/{rel}","templated":true}]}}