{"id":563351,"date":"2025-11-28T00:18:13","date_gmt":"2025-11-28T00:18:13","guid":{"rendered":"https:\/\/www.europesays.com\/fr\/563351\/"},"modified":"2025-11-28T00:18:13","modified_gmt":"2025-11-28T00:18:13","slug":"revivez-maccabi-tel-aviv-lyon-0-6-c3-j5-maccabi-tel-aviv-ol","status":"publish","type":"post","link":"https:\/\/www.europesays.com\/fr\/563351\/","title":{"rendered":"Revivez Maccabi Tel-Aviv &#8211; Lyon (0-6) &#8211; C3 &#8211; J5 &#8211; Maccabi Tel-Aviv-OL"},"content":{"rendered":"<p data-start=\"83\" data-end=\"552\">Mi-temps \u00e0 Belgrade : 3-0, mission nettoyage parfaitement lanc\u00e9e. Les Lyonnais jouent \u00e0 Ghostbusters : ils chassent les fant\u00f4mes du Maccabi et ne laissent aucune trace. Centres \u00e0 r\u00e9p\u00e9tition, pressing puissant, efficacit\u00e9 retrouv\u00e9e, on dirait qu\u2019ils ont enfin trouv\u00e9 les piles de leur manette.<\/p>\n<p>En face, c\u2019est Casper FC. Pas de pr\u00e9sence, pas de duel, pas de frisson.<br data-start=\"453\" data-end=\"456\"\/>S\u2019ils veulent exister en deuxi\u00e8me p\u00e9riode, il va falloir arr\u00eater de passer en mode transparence.<\/p>\n<p>\u00a0<\/p>\n<p data-start=\"554\" data-end=\"626\" data-is-last-node=\"\" data-is-only-node=\"\">On garde le proton pack allum\u00e9, et on continue de capturer les spectres. (Je vais enfin d\u00e9zinguer mon panini !)<\/p>\n","protected":false},"excerpt":{"rendered":"Mi-temps \u00e0 Belgrade : 3-0, mission nettoyage parfaitement lanc\u00e9e. Les Lyonnais jouent \u00e0 Ghostbusters : ils chassent les&hellip;\n","protected":false},"author":2,"featured_media":563352,"comment_status":"","ping_status":"","sticky":false,"template":"","format":"standard","meta":{"footnotes":""},"categories":[1889],"tags":[1111,47,11,61,2430,69,65,64,1777,674,63,1011,27,68,66,2428,12,62,70,25,67],"class_list":{"0":"post-563351","1":"post","2":"type-post","3":"status-publish","4":"format-standard","5":"has-post-thumbnail","7":"category-lyon","8":"tag-actu","9":"tag-actualite","10":"tag-actualites","11":"tag-actus-football","12":"tag-auvergne-rhone-alpes","13":"tag-bundesliga","14":"tag-championnats-europeens","15":"tag-equipe-de-france","16":"tag-eu","17":"tag-europe","18":"tag-football","19":"tag-fr","20":"tag-france","21":"tag-ligua","22":"tag-ligue-1","23":"tag-lyon","24":"tag-news","25":"tag-news-foot","26":"tag-premier-league","27":"tag-republique-francaise","28":"tag-serie-a"},"share_on_mastodon":{"url":"https:\/\/pubeurope.com\/@fr\/115624457257641850","error":""},"_links":{"self":[{"href":"https:\/\/www.europesays.com\/fr\/wp-json\/wp\/v2\/posts\/563351","targetHints":{"allow":["GET"]}}],"collection":[{"href":"https:\/\/www.europesays.com\/fr\/wp-json\/wp\/v2\/posts"}],"about":[{"href":"https:\/\/www.europesays.com\/fr\/wp-json\/wp\/v2\/types\/post"}],"author":[{"embeddable":true,"href":"https:\/\/www.europesays.com\/fr\/wp-json\/wp\/v2\/users\/2"}],"replies":[{"embeddable":true,"href":"https:\/\/www.europesays.com\/fr\/wp-json\/wp\/v2\/comments?post=563351"}],"version-history":[{"count":0,"href":"https:\/\/www.europesays.com\/fr\/wp-json\/wp\/v2\/posts\/563351\/revisions"}],"wp:featuredmedia":[{"embeddable":true,"href":"https:\/\/www.europesays.com\/fr\/wp-json\/wp\/v2\/media\/563352"}],"wp:attachment":[{"href":"https:\/\/www.europesays.com\/fr\/wp-json\/wp\/v2\/media?parent=563351"}],"wp:term":[{"taxonomy":"category","embeddable":true,"href":"https:\/\/www.europesays.com\/fr\/wp-json\/wp\/v2\/categories?post=563351"},{"taxonomy":"post_tag","embeddable":true,"href":"https:\/\/www.europesays.com\/fr\/wp-json\/wp\/v2\/tags?post=563351"}],"curies":[{"name":"wp","href":"https:\/\/api.w.org\/{rel}","templated":true}]}}