{"id":563355,"date":"2025-11-28T00:21:16","date_gmt":"2025-11-28T00:21:16","guid":{"rendered":"https:\/\/www.europesays.com\/fr\/563355\/"},"modified":"2025-11-28T00:21:16","modified_gmt":"2025-11-28T00:21:16","slug":"lassemblee-nationale-adopte-en-premiere-lecture-une-loi-visant-a-nationaliser-arcelormittal","status":"publish","type":"post","link":"https:\/\/www.europesays.com\/fr\/563355\/","title":{"rendered":"L&rsquo;Assembl\u00e9e nationale adopte, en premi\u00e8re lecture, une loi visant \u00e0 nationaliser ArcelorMittal"},"content":{"rendered":"\n<p class=\"c-chapo \">\n  Le leader de La France insoumise (LFI) Jean-Luc M\u00e9lenchon a salu\u00e9 sur X \u00ab\u00a0une page d&rsquo;histoire \u00e0 l&rsquo;Assembl\u00e9e nationale\u00a0\u00bb.\n<\/p>\n<p>      lire plus tard<\/p>\n<p id=\"dialog__title\" class=\"dialog__title\">Pour sauvegarder cet article, connectez-vous ou cr\u00e9ez un compte franceinfo<\/p>\n<p class=\"dialog__description\">Sans paiement. Sans abonnement.<\/p>\n<p>        Fermer la fen\u00eatre d\u2019activation des notifications France Info<\/p>\n<p>      cr\u00e9er votre compte<\/p>\n<p>      se connecter<\/p>\n<p>        Fermer la fen\u00eatre de pr\u00e9sentation<\/p>\n<p>    <img loading=\"lazy\" decoding=\"async\" class=\"signature__image lazyload\" width=\"100\" height=\"100\" data- alt=\"\" src=\"https:\/\/www.europesays.com\/fr\/wp-content\/uploads\/2025\/05\/64a68815cd1a7_placeholder-36b69ec8.png\"\/><\/p>\n<p>    Publi\u00e9 le 27\/11\/2025 23:57<\/p>\n<p>      Mis \u00e0 jour le 27\/11\/2025 23:58<\/p>\n<p>        Temps de lecture : 1min<\/p>\n<p>    <img decoding=\"async\"  alt=\"Le logo d'ArcelorMittal sur un b\u00e2timent \u00e0 Florange, le 9 mars 2012, Thionville (Moselle). (JEAN-CHRISTOPHE VERHAEGEN \/ AFP)\" width=\"432\" height=\"243\" src=\"https:\/\/www.europesays.com\/fr\/wp-content\/uploads\/2025\/11\/000-86ez6ke-6928d6c840bb3852179096.jpg\" fetchpriority=\"high\"\/><\/p>\n<p>      Le logo d&rsquo;ArcelorMittal sur un b\u00e2timent \u00e0 Florange, le 9 mars 2012, Thionville (Moselle). (JEAN-CHRISTOPHE VERHAEGEN \/ AFP)<\/p>\n<p>Une page\u00a0\u00bbd&rsquo;histoire\u00a0\u00bb selon LFI, mais un texte \u00e0 l&rsquo;avenir incertain. L&rsquo;Assembl\u00e9e nationale a adopt\u00e9, jeudi 27 novembre, en premi\u00e8re lecture, par 127 voix contre 41, une proposition de loi LFI visant \u00e0 <a href=\"https:\/\/www.franceinfo.fr\/economie\/industrie\/arcelormittal-france-les-nationalisations-d-entreprises-une-idee-de-gauche-pas-si-nouvelle_7642766.html\" target=\"_blank\" rel=\"noopener\">nationaliser ArcelorMittal France<\/a>, contre l&rsquo;avis du gouvernement qui argue que la bataille se joue \u00e0 Bruxelles.<\/p>\n<blockquote class=\"twitter-tweet\" data-media-max-width=\"560\">\n<p lang=\"fr\" dir=\"ltr\">Cette nuit, une page d&rsquo;histoire \u00e0 l&rsquo;Assembl\u00e9e nationale. <\/p>\n<p>ArcelorMittal est nationalis\u00e9 ! <\/p>\n<p>Pour la 1\u00e8re fois depuis 1982, une nationalisation en France. <\/p>\n<p>LFI et la CGT du Nord ont men\u00e9 la main dans la main le combat d\u00e9cisif. Mod\u00e8le de jonction dans la lutte d&rsquo;une convergence\u2026<\/p>\n<p>\u2014 Jean-Luc M\u00e9lenchon (@JLMelenchon) <a href=\"https:\/\/twitter.com\/JLMelenchon\/status\/1994173582214045985?ref_src=twsrc%5Etfw\" target=\"_blank\" rel=\"noopener\">November 27, 2025<\/a><\/p><\/blockquote>\n<p>Le leader de LFI Jean-Luc M\u00e9lenchon a salu\u00e9 sur X \u00ab\u00a0une page d&rsquo;histoire \u00e0 l&rsquo;Assembl\u00e9e nationale\u00a0\u00bb. L&rsquo;avenir du texte, vot\u00e9 avec le soutien des groupes de gauche et l&rsquo;abstention du RN, est toutefois incertain car il devra d\u00e9sormais aller au S\u00e9nat, domin\u00e9 par la droite et le centre, o\u00f9 il lui sera difficile d&rsquo;\u00eatre adopt\u00e9.<\/p>\n<p><script async src=\"https:\/\/platform.twitter.com\/widgets.js\" charset=\"utf-8\"><\/script><\/p>\n","protected":false},"excerpt":{"rendered":"Le leader de La France insoumise (LFI) Jean-Luc M\u00e9lenchon a salu\u00e9 sur X \u00ab\u00a0une page d&rsquo;histoire \u00e0 l&rsquo;Assembl\u00e9e&hellip;\n","protected":false},"author":2,"featured_media":563356,"comment_status":"","ping_status":"","sticky":false,"template":"","format":"standard","meta":{"footnotes":""},"categories":[1888],"tags":[1111,1928,11,1927,1777,674,1011,27,12,1926,626,1925,25],"class_list":{"0":"post-563355","1":"post","2":"type-post","3":"status-publish","4":"format-standard","5":"has-post-thumbnail","7":"category-paris","8":"tag-actu","9":"tag-actu-paris","10":"tag-actualites","11":"tag-actualites-paris","12":"tag-eu","13":"tag-europe","14":"tag-fr","15":"tag-france","16":"tag-news","17":"tag-news-paris","18":"tag-paris","19":"tag-paris-news","20":"tag-republique-francaise"},"share_on_mastodon":{"url":"https:\/\/pubeurope.com\/@fr\/115624470015389007","error":""},"_links":{"self":[{"href":"https:\/\/www.europesays.com\/fr\/wp-json\/wp\/v2\/posts\/563355","targetHints":{"allow":["GET"]}}],"collection":[{"href":"https:\/\/www.europesays.com\/fr\/wp-json\/wp\/v2\/posts"}],"about":[{"href":"https:\/\/www.europesays.com\/fr\/wp-json\/wp\/v2\/types\/post"}],"author":[{"embeddable":true,"href":"https:\/\/www.europesays.com\/fr\/wp-json\/wp\/v2\/users\/2"}],"replies":[{"embeddable":true,"href":"https:\/\/www.europesays.com\/fr\/wp-json\/wp\/v2\/comments?post=563355"}],"version-history":[{"count":0,"href":"https:\/\/www.europesays.com\/fr\/wp-json\/wp\/v2\/posts\/563355\/revisions"}],"wp:featuredmedia":[{"embeddable":true,"href":"https:\/\/www.europesays.com\/fr\/wp-json\/wp\/v2\/media\/563356"}],"wp:attachment":[{"href":"https:\/\/www.europesays.com\/fr\/wp-json\/wp\/v2\/media?parent=563355"}],"wp:term":[{"taxonomy":"category","embeddable":true,"href":"https:\/\/www.europesays.com\/fr\/wp-json\/wp\/v2\/categories?post=563355"},{"taxonomy":"post_tag","embeddable":true,"href":"https:\/\/www.europesays.com\/fr\/wp-json\/wp\/v2\/tags?post=563355"}],"curies":[{"name":"wp","href":"https:\/\/api.w.org\/{rel}","templated":true}]}}