{"id":563357,"date":"2025-11-28T00:22:14","date_gmt":"2025-11-28T00:22:14","guid":{"rendered":"https:\/\/www.europesays.com\/fr\/563357\/"},"modified":"2025-11-28T00:22:14","modified_gmt":"2025-11-28T00:22:14","slug":"%f0%9f%8e%99%ef%b8%8fnews-pros-sa-tete-est-a-paris-et-nulle-part-ailleurs-la-femme-de-marquinhos-lache-un-gros-indice-sur-son-avenir-le-parisien","status":"publish","type":"post","link":"https:\/\/www.europesays.com\/fr\/563357\/","title":{"rendered":"\ud83c\udf99\ufe0f[News-Pros] \u00ab\u00a0Sa t\u00eate est \u00e0 Paris et nulle part ailleurs\u00a0\u00bb : La femme de Marquinhos l\u00e2che un gros indice sur son avenir (Le Parisien)"},"content":{"rendered":"<p class=\"date\">\n\t\t\t\t\t\t\t\tPubli\u00e9 le 28 novembre 2025\t\t\t\t\t\t\t\t<\/p>\n<p>\t\t\t\t\t\t\t\t\t\t\t\t\t\t\t\t\t<img decoding=\"async\" class=\"img-responsive img-thumbnail\" src=\"https:\/\/www.europesays.com\/fr\/wp-content\/uploads\/2025\/11\/Breaking-News-2025-11-28T010324.703-1024x576.png\" alt=\"\"\/><\/p>\n<p><strong>Carol Cabrini<\/strong>, femme de <strong>Marquinhos<\/strong> a r\u00e9v\u00e9l\u00e9 dans une interview accord\u00e9e au Parisien que le d\u00e9fenseur br\u00e9silien d\u2019a d\u2019yeux que pour le PSG et n\u2019envisage pas le quitter m\u00eame apr\u00e8s 12 ans de bons et loyaux services.<\/p>\n<p>\u00ab\u00a0Marqui aime \u00eatre ici. Parfois je lui pose des questions sur la suite\u2026Sa t\u00eate est ici et nulle part ailleurs\u00a0\u00bb, assure Cabrini.<\/p>\n<p>\u00ab\u00a0Il se sent tellement bien au PSG. Le fait de partager ce moment avec les enfants, \u00e7a change tout. On a fond\u00e9 notre famille \u00e0 Paris. On a tout construit ici.\u00a0\u00bb<\/p>\n<p>\u00ab\u00a0Quand je parle avec quelqu\u2019un, je me sens vraiment parisienne. Notre quatri\u00e8me enfant va arriver. C\u2019est pour \u00e7a que Paris est sp\u00e9cial pour nous.\u00a0\u00bb<\/p>\n<p>\u00ab\u00a0Le Parc, c\u2019est la maison, on s\u2019y sent tellement bien. Tout de suite, Marqui s\u2019est bien entendu avec les supporters. Il a trop de respect pour eux.\u00a0\u00bb<\/p>\n<p>\u00ab\u00a0Je me souviens du jour o\u00f9 il a eu un grand tifo en son honneur. C\u2019\u00e9tait incroyable. Je voulais m\u00eame le ramener \u00e0 la maison.\u00a0\u00bb<\/p>\n<p>\u00ab\u00a0Quand on voit ce genre de gestes, on se rend compte que le travail accompli est reconnu. C\u2019est le plus beau cadeau des supporters. Cela nous va droit au c\u0153ur.\u00a0\u00bb<\/p>\n<p class=\"content-etiquette\">\n\t\t\t\t\t\t\t\t\t<a href=\"https:\/\/www.lestitisdupsg.fr\/tag\/carol-cabrini\/\" rel=\"tag noopener\" target=\"_blank\">carol cabrini<\/a><a href=\"https:\/\/www.lestitisdupsg.fr\/tag\/marquinhos\/\" rel=\"tag noopener\" target=\"_blank\">marquinhos<\/a>\t\t\t\t\t\t\t\t<\/p>\n","protected":false},"excerpt":{"rendered":"Publi\u00e9 le 28 novembre 2025 Carol Cabrini, femme de Marquinhos a r\u00e9v\u00e9l\u00e9 dans une interview accord\u00e9e au Parisien&hellip;\n","protected":false},"author":2,"featured_media":563358,"comment_status":"","ping_status":"","sticky":false,"template":"","format":"standard","meta":{"footnotes":""},"categories":[1888],"tags":[1111,1928,11,1927,1777,674,1011,27,12,1926,626,1925,25],"class_list":{"0":"post-563357","1":"post","2":"type-post","3":"status-publish","4":"format-standard","5":"has-post-thumbnail","7":"category-paris","8":"tag-actu","9":"tag-actu-paris","10":"tag-actualites","11":"tag-actualites-paris","12":"tag-eu","13":"tag-europe","14":"tag-fr","15":"tag-france","16":"tag-news","17":"tag-news-paris","18":"tag-paris","19":"tag-paris-news","20":"tag-republique-francaise"},"share_on_mastodon":{"url":"https:\/\/pubeurope.com\/@fr\/115624473236106905","error":""},"_links":{"self":[{"href":"https:\/\/www.europesays.com\/fr\/wp-json\/wp\/v2\/posts\/563357","targetHints":{"allow":["GET"]}}],"collection":[{"href":"https:\/\/www.europesays.com\/fr\/wp-json\/wp\/v2\/posts"}],"about":[{"href":"https:\/\/www.europesays.com\/fr\/wp-json\/wp\/v2\/types\/post"}],"author":[{"embeddable":true,"href":"https:\/\/www.europesays.com\/fr\/wp-json\/wp\/v2\/users\/2"}],"replies":[{"embeddable":true,"href":"https:\/\/www.europesays.com\/fr\/wp-json\/wp\/v2\/comments?post=563357"}],"version-history":[{"count":0,"href":"https:\/\/www.europesays.com\/fr\/wp-json\/wp\/v2\/posts\/563357\/revisions"}],"wp:featuredmedia":[{"embeddable":true,"href":"https:\/\/www.europesays.com\/fr\/wp-json\/wp\/v2\/media\/563358"}],"wp:attachment":[{"href":"https:\/\/www.europesays.com\/fr\/wp-json\/wp\/v2\/media?parent=563357"}],"wp:term":[{"taxonomy":"category","embeddable":true,"href":"https:\/\/www.europesays.com\/fr\/wp-json\/wp\/v2\/categories?post=563357"},{"taxonomy":"post_tag","embeddable":true,"href":"https:\/\/www.europesays.com\/fr\/wp-json\/wp\/v2\/tags?post=563357"}],"curies":[{"name":"wp","href":"https:\/\/api.w.org\/{rel}","templated":true}]}}