{"id":563359,"date":"2025-11-28T00:23:13","date_gmt":"2025-11-28T00:23:13","guid":{"rendered":"https:\/\/www.europesays.com\/fr\/563359\/"},"modified":"2025-11-28T00:23:13","modified_gmt":"2025-11-28T00:23:13","slug":"mon-frere-est-mort-dans-mes-bras-la-douleur-intacte-de-la-famille-de-mansour-tue-en-2022-a-gentilly","status":"publish","type":"post","link":"https:\/\/www.europesays.com\/fr\/563359\/","title":{"rendered":"\u00ab\u00a0Mon fr\u00e8re est mort dans mes bras\u00a0\u00bb\u00a0: la douleur intacte de la famille de Mansour, tu\u00e9 en 2022 \u00e0 Gentilly"},"content":{"rendered":"<p class=\"paragraph text_align_left lp-f-body-02\">\u00ab Qu\u2019est-ce qu\u2019a fait mon fils pour que vous vous en preniez \u00e0 lui comme \u00e7a ? Pourquoi vous l\u2019avez abattu ? Pourquoi ? \u00bb A la barre, la douleur d\u2019une m\u00e8re. Son voile serr\u00e9 sur ses cheveux, un masque chirurgical sur le visage, Mounira raconte <a href=\"https:\/\/www.leparisien.fr\/val-de-marne-94\/un-jeune-tue-par-balle-a-gentilly-ca-courait-partout-avec-des-brancards-03-01-2022-GPLSWUHABRBRFK6HIXMXU6ZGWI.php\" target=\"_blank\" rel=\"noreferrer noopener\">son troisi\u00e8me fils, Mansour, au pr\u00e9sent<\/a>. \u00ab Il ne m\u00e9rite pas comment il est mort. Il est joyeux, il est amusant, calme. \u00bb<\/p>\n<p class=\"paragraph text_align_left lp-f-body-02\"><a href=\"https:\/\/www.leparisien.fr\/faits-divers\/val-de-marne-un-homme-tue-par-balle-a-gentilly-02-01-2022-5BVU2BAXVJGHNGG2F2X2XPMHBU.php\" target=\"_blank\" rel=\"noreferrer noopener\">Le jeune homme de 20 ans a \u00e9t\u00e9 assassin\u00e9<\/a> il y a bient\u00f4t quatre ans, le 2 janvier 2022, en bas de chez lui, sur la place de la victoire du 8 mai 1945 \u00e0 <a href=\"https:\/\/www.leparisien.fr\/val-de-marne-94\/gentilly-94250\/\" target=\"_blank\" rel=\"noreferrer noopener\">Gentilly<\/a> (Val-de-Marne). Cinq hommes \u00e2g\u00e9s de 21 \u00e0 26 ans <a href=\"https:\/\/www.leparisien.fr\/val-de-marne-94\/lassassinat-de-mansour-tue-dun-coup-de-fusil-dans-le-dos-a-gentilly-juge-a-partir-de-ce-mardi-25-11-2025-CAUTSCWBG5BEPI7OCSHGSVTH7E.php\" target=\"_blank\" rel=\"noreferrer noopener\">sont renvoy\u00e9s pour assassinat devant la cour d\u2019Assises du Val-de-Marne<\/a>. Si certains ont reconnu leur pr\u00e9sence, tous assurent ne pas avoir tir\u00e9. Ouvert depuis mardi matin, le proc\u00e8s doit s\u2019achever jeudi prochain.<\/p>\n<p>Un jeune homme souriant et sans histoire<\/p>\n<p class=\"paragraph text_align_left lp-f-body-02\">\u00ab Mon fils est parti chercher du pain, et il n\u2019est jamais revenu, poursuit sa m\u00e8re. Depuis, c\u2019est une vie difficile. J\u2019ai perdu un fils qui \u00e9tait toujours \u00e0 mes c\u00f4t\u00e9s, toujours. \u00bb De toute sa d\u00e9position, c\u2019est la seule fois o\u00f9 elle parlera de son fils au pass\u00e9.<\/p>\n<p class=\"paragraph text_align_left lp-f-body-02\">\u00ab Il me manque \u00bb, ajoute pudiquement son p\u00e8re, qui narre la myriade de matchs de football regard\u00e9s \u00e0 deux. \u00ab \u00c0 la maison, c\u2019est comme un cimeti\u00e8re maintenant. Il n\u2019y a plus de joie. Le seul qui rigolait toujours, qui faisait le spectacle, c\u2019\u00e9tait Mansour. \u00bb<\/p>\n<p class=\"paragraph text_align_left lp-f-body-02\">Plus t\u00f4t, l\u2019enqu\u00eatrice de personnalit\u00e9 a justement dress\u00e9 le portrait de Mansour comme un jeune homme souriant, joyeux et sans histoire. Elle a surtout d\u00e9peint une famille soud\u00e9e, \u00e9migr\u00e9e de Tunisie quand le jeune homme, troisi\u00e8me d\u2019une fratrie de cinq, n\u2019avait pas encore un an. \u00ab C\u2019\u00e9tait le petit clown de la famille, dit encore son grand fr\u00e8re, Mahdi. C\u2019est lui qui rendait la famille heureuse. \u00bb<\/p>\n<p class=\"paragraph text_align_left lp-f-body-02\">\u00ab Quand quelqu\u2019un m\u2019appelle maintenant, je suis en panique. J\u2019ai la phobie de perdre de nouveau quelqu\u2019un \u00bb, confie \u00e0 la cour la s\u0153ur de la victime, Mariem. Enceinte, elle s\u2019est mari\u00e9e en 2023. \u00ab C\u2019\u00e9tait un beau moment, mais il me manquait une personne. C\u2019est une douleur qui me suivra toujours. \u00bb<\/p>\n<p>\u00ab Mon fr\u00e8re est mort dans mes bras \u00bb<\/p>\n<p class=\"paragraph text_align_left lp-f-body-02\">Le soir de la mort de Mansour, alert\u00e9e par un coup de fil, elle se rend sur place tr\u00e8s rapidement. \u00ab Je suis arriv\u00e9e en m\u00eame temps que les pompiers. J\u2019ai vu mon petit fr\u00e8re au sol, la bouche blanche, les yeux fixes. C\u2019est une image qui me hante. \u00bb<\/p>\n<p class=\"paragraph text_align_left lp-f-body-02\">C\u2019est l\u2019audition du cadet, Achraf, qui a permis \u00e0 la cour de revenir plus pr\u00e9cis\u00e9ment sur les faits. Il \u00e9tait avec son fr\u00e8re au moment de la seconde altercation. Quelques minutes auparavant, Mansour avait refus\u00e9 d\u2019\u00eatre fouill\u00e9 par l\u2019un des dealers de la cit\u00e9 Victor-Hugo, causant un premier \u00e9change de coups.<\/p>\n<p class=\"paragraph text_align_left lp-f-body-02\">\u00ab Il y a eu une premi\u00e8re bagarre, une deuxi\u00e8me, et mon fr\u00e8re est mort dans mes bras. C\u2019est tout \u00bb, d\u00e9bute Achraf. Trop bref pour la Cour qui lui demandera moult pr\u00e9cisions. \u00ab Ils nous ont dit qu\u2019ils voulaient parler apr\u00e8s la premi\u00e8re altercation et c\u2019est parti en bagarre. \u00bb \u00c0 trois contre cinq, ils prennent bien plus de coups qu\u2019ils ne peuvent en donner. \u00ab On pensait que les choses \u00e9taient termin\u00e9es \u00bb, dit le petit fr\u00e8re. Ils retournent donc se poser sur la place de la victoire.<\/p>\n<p class=\"paragraph text_align_left lp-f-body-02\">Une heure plus tard, deux voitures arrivent en marche arri\u00e8re. \u00ab J\u2019entends deux coups de feu, alors je pars en courant mais j\u2019entends que \u00e7a crie derri\u00e8re moi. Je reviens, et je vois mon fr\u00e8re par terre. J\u2019ai essay\u00e9 de le r\u00e9animer, j\u2019ai tout tent\u00e9, bouche-\u00e0-bouche, massage du c\u0153ur. Mais je ne suis pas m\u00e9decin\u2026 \u00bb<\/p>\n<p class=\"paragraph text_align_left lp-f-body-02\">On sent ses mots emp\u00each\u00e9s. \u00ab C\u2019est une famille qui, malgr\u00e9 une douleur immense, reste tr\u00e8s digne \u00bb, commente leur conseil, Me. Laurence Mariani, parlant de \u00ab violence gratuite \u00bb. \u00ab Cette histoire, c\u2019\u00e9tait il y a quatre ans. Mais pour moi, c\u2019\u00e9tait il y a quatre jours \u00bb, t\u00e9moigne \u00e0 la barre Achraf, pr\u00e9sent\u00e9 comme \u00ab le jumeau de Mansour \u00bb tant ils \u00e9taient proches. De l\u2019avis de tous, il s\u2019est depuis le drame enferm\u00e9 dans une peine quasi mutique. \u00ab Mon petit fr\u00e8re, c\u2019est plus le m\u00eame qu\u2019avant. Il \u00e9tait joyeux et maintenant, il est renferm\u00e9, il ne parle plus \u00bb, confiera son a\u00een\u00e9 aux jur\u00e9s.<\/p>\n<p>\u00ab Je n\u2019ai pas tu\u00e9 ton fr\u00e8re \u00bb<\/p>\n<p class=\"paragraph text_align_left lp-f-body-02\">Mahdi sera le seul \u00e0 s\u2019adresser directement aux accus\u00e9s, notamment \u00e0 E., accus\u00e9 d\u2019\u00eatre le tireur. Plac\u00e9 dans un d\u00e9partement d\u00e9di\u00e9 aux d\u00e9tenus violents &#8211; un sort tr\u00e8s rare conduisant \u00e0 \u00eatre menott\u00e9 \u00e0 chaque sortie de cellule &#8211; il avait regrett\u00e9 la veille ne pas avoir pu voir son fr\u00e8re depuis quatre ans. \u00ab Moi, tu m\u2019as interdit de le voir toute ma vie ! Tu es accus\u00e9 d\u2019un truc o\u00f9 il y a un mort et tu dis \u00e7a. Moi j\u2019aurais aim\u00e9 que \u00e7a ne soit que quatre ans. \u00bb<\/p>\n<p class=\"paragraph text_align_left lp-f-body-02\">\u00ab Je n\u2019ai pas tu\u00e9 ton fr\u00e8re, r\u00e9plique Bomaye, son surnom. J\u2019ai particip\u00e9 \u00e0 la bagarre, je participais au deal, mais je ne l\u2019ai pas tu\u00e9. \u00bb Le jeune homme tient sa ligne de d\u00e9fense, la m\u00eame depuis le d\u00e9but du proc\u00e8s. Il lui reste cinq jours d\u2019audience pour en convaincre les jur\u00e9s, alors que les analyses ADN, la t\u00e9l\u00e9phonie et des t\u00e9moins le d\u00e9signent comme le meurtrier.<\/p>\n","protected":false},"excerpt":{"rendered":"\u00ab Qu\u2019est-ce qu\u2019a fait mon fils pour que vous vous en preniez \u00e0 lui comme \u00e7a ? Pourquoi&hellip;\n","protected":false},"author":2,"featured_media":563360,"comment_status":"","ping_status":"","sticky":false,"template":"","format":"standard","meta":{"footnotes":""},"categories":[1888],"tags":[11,1777,674,118,1011,27,1944,12,626,25,1125],"class_list":{"0":"post-563359","1":"post","2":"type-post","3":"status-publish","4":"format-standard","5":"has-post-thumbnail","7":"category-paris","8":"tag-actualites","9":"tag-eu","10":"tag-europe","11":"tag-faits-divers","12":"tag-fr","13":"tag-france","14":"tag-ma-ville","15":"tag-news","16":"tag-paris","17":"tag-republique-francaise","18":"tag-val-de-marne"},"share_on_mastodon":{"url":"https:\/\/pubeurope.com\/@fr\/115624476963172154","error":""},"_links":{"self":[{"href":"https:\/\/www.europesays.com\/fr\/wp-json\/wp\/v2\/posts\/563359","targetHints":{"allow":["GET"]}}],"collection":[{"href":"https:\/\/www.europesays.com\/fr\/wp-json\/wp\/v2\/posts"}],"about":[{"href":"https:\/\/www.europesays.com\/fr\/wp-json\/wp\/v2\/types\/post"}],"author":[{"embeddable":true,"href":"https:\/\/www.europesays.com\/fr\/wp-json\/wp\/v2\/users\/2"}],"replies":[{"embeddable":true,"href":"https:\/\/www.europesays.com\/fr\/wp-json\/wp\/v2\/comments?post=563359"}],"version-history":[{"count":0,"href":"https:\/\/www.europesays.com\/fr\/wp-json\/wp\/v2\/posts\/563359\/revisions"}],"wp:featuredmedia":[{"embeddable":true,"href":"https:\/\/www.europesays.com\/fr\/wp-json\/wp\/v2\/media\/563360"}],"wp:attachment":[{"href":"https:\/\/www.europesays.com\/fr\/wp-json\/wp\/v2\/media?parent=563359"}],"wp:term":[{"taxonomy":"category","embeddable":true,"href":"https:\/\/www.europesays.com\/fr\/wp-json\/wp\/v2\/categories?post=563359"},{"taxonomy":"post_tag","embeddable":true,"href":"https:\/\/www.europesays.com\/fr\/wp-json\/wp\/v2\/tags?post=563359"}],"curies":[{"name":"wp","href":"https:\/\/api.w.org\/{rel}","templated":true}]}}