{"id":563365,"date":"2025-11-28T00:26:14","date_gmt":"2025-11-28T00:26:14","guid":{"rendered":"https:\/\/www.europesays.com\/fr\/563365\/"},"modified":"2025-11-28T00:26:14","modified_gmt":"2025-11-28T00:26:14","slug":"ukraine-sauvetage-dans-la-zone-de-la-mort","status":"publish","type":"post","link":"https:\/\/www.europesays.com\/fr\/563365\/","title":{"rendered":"Ukraine : sauvetage dans la zone de la mort"},"content":{"rendered":"<p class=\"jsx-4058425199 jsx-2164199691 ExpandableText__Text\">Dans le conflit qui oppose actuellement la Russie \u00e0 l&rsquo;Ukraine, les drones jouent un r\u00f4le essentiel, comme jamais auparavant. L&rsquo;arm\u00e9e ukrainienne en lance 10 000 par jour. Exceptionnellement, une envoy\u00e9e sp\u00e9ciale de TF1 a pu tourner sur le front sud aupr\u00e8s  d&rsquo;une unit\u00e9 ukrainienne qui \u00e9vacue les soldats pris sous le feu russe. Deux soldats bless\u00e9s se trouvaient dans la zone de la mort, un secteur quadrill\u00e9 par les drones, o\u00f9 tout ce qui bouge est cibl\u00e9.<\/p>\n<p>Lire plusReplier<\/p>\n","protected":false},"excerpt":{"rendered":"Dans le conflit qui oppose actuellement la Russie \u00e0 l&rsquo;Ukraine, les drones jouent un r\u00f4le essentiel, comme jamais&hellip;\n","protected":false},"author":2,"featured_media":563366,"comment_status":"","ping_status":"","sticky":false,"template":"","format":"standard","meta":{"footnotes":""},"categories":[1590],"tags":[11,5925,1777,674,5582,67958,2952,12,220,133,1920],"class_list":{"0":"post-563365","1":"post","2":"type-post","3":"status-publish","4":"format-standard","5":"has-post-thumbnail","7":"category-ukraine","8":"tag-actualites","9":"tag-conflits-et-guerre","10":"tag-eu","11":"tag-europe","12":"tag-forces-de-lordre-armee-pompiers","13":"tag-guerre-en-ukraine-des-exactions-au-coeur-du-conflit","14":"tag-le-20h","15":"tag-news","16":"tag-ukraine","17":"tag-video","18":"tag-video-international"},"share_on_mastodon":{"url":"https:\/\/pubeurope.com\/@fr\/115624488851263189","error":""},"_links":{"self":[{"href":"https:\/\/www.europesays.com\/fr\/wp-json\/wp\/v2\/posts\/563365","targetHints":{"allow":["GET"]}}],"collection":[{"href":"https:\/\/www.europesays.com\/fr\/wp-json\/wp\/v2\/posts"}],"about":[{"href":"https:\/\/www.europesays.com\/fr\/wp-json\/wp\/v2\/types\/post"}],"author":[{"embeddable":true,"href":"https:\/\/www.europesays.com\/fr\/wp-json\/wp\/v2\/users\/2"}],"replies":[{"embeddable":true,"href":"https:\/\/www.europesays.com\/fr\/wp-json\/wp\/v2\/comments?post=563365"}],"version-history":[{"count":0,"href":"https:\/\/www.europesays.com\/fr\/wp-json\/wp\/v2\/posts\/563365\/revisions"}],"wp:featuredmedia":[{"embeddable":true,"href":"https:\/\/www.europesays.com\/fr\/wp-json\/wp\/v2\/media\/563366"}],"wp:attachment":[{"href":"https:\/\/www.europesays.com\/fr\/wp-json\/wp\/v2\/media?parent=563365"}],"wp:term":[{"taxonomy":"category","embeddable":true,"href":"https:\/\/www.europesays.com\/fr\/wp-json\/wp\/v2\/categories?post=563365"},{"taxonomy":"post_tag","embeddable":true,"href":"https:\/\/www.europesays.com\/fr\/wp-json\/wp\/v2\/tags?post=563365"}],"curies":[{"name":"wp","href":"https:\/\/api.w.org\/{rel}","templated":true}]}}