{"id":563367,"date":"2025-11-28T00:27:22","date_gmt":"2025-11-28T00:27:22","guid":{"rendered":"https:\/\/www.europesays.com\/fr\/563367\/"},"modified":"2025-11-28T00:27:22","modified_gmt":"2025-11-28T00:27:22","slug":"tirs-pres-de-la-maison-blanche-les-usa-vont-reexaminer-les-green-cards-attribuees-aux-ressortissants-de-pays-sensibles","status":"publish","type":"post","link":"https:\/\/www.europesays.com\/fr\/563367\/","title":{"rendered":"Tirs pr\u00e8s de la Maison Blanche &#8211; Les USA vont r\u00e9examiner les green cards attribu\u00e9es aux ressortissants de pays \u00ab\u00a0sensibles\u00a0\u00bb"},"content":{"rendered":"<p class=\"ap-StoryElement ap-StoryElement--mb ap-StoryText\">Il s&rsquo;agit de l&rsquo;Afghanistan, de la Birmanie, du Tchad, du Congo-Brazzaville, de la Guin\u00e9e \u00e9quatoriale, de l&rsquo;\u00c9rythr\u00e9e, d&rsquo;Ha\u00efti, de l&rsquo;Iran, de la Libye, de la Somalie, du Soudan, du Y\u00e9men, du Burundi, de Cuba, du Laos, de la Sierra Leone, du Togo, du Turkm\u00e9nistan et du Venezuela.<\/p>\n<p class=\"ap-StoryElement ap-StoryElement--mb ap-StoryText\">Deux militaires am\u00e9ricains de la Garde nationale ont \u00e9t\u00e9 gri\u00e8vement bless\u00e9s par balles mercredi, \u00e0 deux pas de la Maison Blanche, par un ressortissant afghan, arriv\u00e9 sur le sol am\u00e9ricain en 2021.<\/p>\n<p class=\"ap-StoryElement ap-StoryElement--mb ap-StoryText\">Le pr\u00e9sident Donald Trump a d\u00e9nonc\u00e9 un \u00ab\u00a0acte de terrorisme\u00a0\u00bb et promis de renforcer ses politiques anti-immigration en r\u00e9action \u00e0 cette attaque.<\/p>\n","protected":false},"excerpt":{"rendered":"Il s&rsquo;agit de l&rsquo;Afghanistan, de la Birmanie, du Tchad, du Congo-Brazzaville, de la Guin\u00e9e \u00e9quatoriale, de l&rsquo;\u00c9rythr\u00e9e, d&rsquo;Ha\u00efti,&hellip;\n","protected":false},"author":2,"featured_media":25030,"comment_status":"","ping_status":"","sticky":false,"template":"","format":"standard","meta":{"footnotes":""},"categories":[1589],"tags":[11,598,73,1866,1061,12,1864,1865,1863,308],"class_list":{"0":"post-563367","1":"post","2":"type-post","3":"status-publish","4":"format-standard","5":"has-post-thumbnail","7":"category-etats-unis","8":"tag-actualites","9":"tag-afghanistan","10":"tag-etats-unis","11":"tag-etats-unis-damerique","12":"tag-immigration","13":"tag-news","14":"tag-united-states","15":"tag-united-states-of-america","16":"tag-us","17":"tag-usa"},"share_on_mastodon":{"url":"https:\/\/pubeurope.com\/@fr\/115624492705807913","error":""},"_links":{"self":[{"href":"https:\/\/www.europesays.com\/fr\/wp-json\/wp\/v2\/posts\/563367","targetHints":{"allow":["GET"]}}],"collection":[{"href":"https:\/\/www.europesays.com\/fr\/wp-json\/wp\/v2\/posts"}],"about":[{"href":"https:\/\/www.europesays.com\/fr\/wp-json\/wp\/v2\/types\/post"}],"author":[{"embeddable":true,"href":"https:\/\/www.europesays.com\/fr\/wp-json\/wp\/v2\/users\/2"}],"replies":[{"embeddable":true,"href":"https:\/\/www.europesays.com\/fr\/wp-json\/wp\/v2\/comments?post=563367"}],"version-history":[{"count":0,"href":"https:\/\/www.europesays.com\/fr\/wp-json\/wp\/v2\/posts\/563367\/revisions"}],"wp:featuredmedia":[{"embeddable":true,"href":"https:\/\/www.europesays.com\/fr\/wp-json\/wp\/v2\/media\/25030"}],"wp:attachment":[{"href":"https:\/\/www.europesays.com\/fr\/wp-json\/wp\/v2\/media?parent=563367"}],"wp:term":[{"taxonomy":"category","embeddable":true,"href":"https:\/\/www.europesays.com\/fr\/wp-json\/wp\/v2\/categories?post=563367"},{"taxonomy":"post_tag","embeddable":true,"href":"https:\/\/www.europesays.com\/fr\/wp-json\/wp\/v2\/tags?post=563367"}],"curies":[{"name":"wp","href":"https:\/\/api.w.org\/{rel}","templated":true}]}}