{"id":563375,"date":"2025-11-28T00:33:13","date_gmt":"2025-11-28T00:33:13","guid":{"rendered":"https:\/\/www.europesays.com\/fr\/563375\/"},"modified":"2025-11-28T00:33:13","modified_gmt":"2025-11-28T00:33:13","slug":"larcom-contredit-rsf-qui-deplore-les-denegations-du-gendarme-de-laudiovisuel-liberation","status":"publish","type":"post","link":"https:\/\/www.europesays.com\/fr\/563375\/","title":{"rendered":"l\u2019Arcom contredit RSF, qui d\u00e9plore les \u00abd\u00e9n\u00e9gations\u00bb du gendarme de l\u2019audiovisuel \u2013 Lib\u00e9ration"},"content":{"rendered":"<p class=\"sc-cPiKLX AiZTS text-element\">La contre-analyse de l\u2019Arcom n\u2019a pas tard\u00e9 \u00e0 tomber. Sollicit\u00e9e mercredi par RSF, qui assure, calculs et chiffres \u00e0 l\u2019appui, que <a href=\"https:\/\/www.liberation.fr\/environnement\/climat\/cnews-condamnee-pour-la-premiere-fois-pour-desinformation-climatique-a-une-amende-de-20-000-euros-20251113_4TX74CY7ZBCQHMF2BMXTEQOSKA\/\" target=\"_blank\" rel=\"noreferrer noopener\" title=\"https:\/\/www.liberation.fr\/environnement\/climat\/cnews-condamnee-pour-la-premiere-fois-pour-desinformation-climatique-a-une-amende-de-20-000-euros-20251113_4TX74CY7ZBCQHMF2BMXTEQOSKA\/\">CNews<\/a> ne respecterait pas les r\u00e8gles du pluralisme politique, le gendarme de l\u2019audiovisuel a r\u00e9serv\u00e9 sa r\u00e9ponse au <a href=\"https:\/\/www.lepoint.fr\/politique\/temps-de-parole-l-arcom-demonte-le-requisitoire-de-rsf-contre-cnews-27-11-2025-2604163_20.php\" target=\"_blank\" rel=\"noreferrer noopener\" title=\"https:\/\/www.lepoint.fr\/politique\/temps-de-parole-l-arcom-demonte-le-requisitoire-de-rsf-contre-cnews-27-11-2025-2604163_20.php\">Point<\/a>. Verdict : \u00abNos r\u00e9sultats ne sont pas ceux de RSF. Nous n\u2019avons pas de doute\u00bb, r\u00e9torque l\u2019autorit\u00e9 de r\u00e9gulation, pour qui \u00abil n\u2019y a pas de contournements\u00bb des r\u00e8gles sur le mois de mars 2025 sur CNews. \u00abEt s\u2019il y en avait eu, nous les aurions identifi\u00e9s et nous serions intervenus.\u00bb<\/p>\n<p class=\"sc-cPiKLX AiZTS text-element\">Mercredi, <a href=\"https:\/\/www.liberation.fr\/economie\/medias\/pluralisme-sur-les-chaines-dinfo-en-continu-cnews-est-la-seule-chaine-a-tricher-de-maniere-manifeste-20251126_SKS2TVXGORD5DOGUL3UV5EHKLQ\/?redirected=1\" target=\"_blank\" rel=\"noreferrer noopener\" title=\"https:\/\/www.liberation.fr\/economie\/medias\/pluralisme-sur-les-chaines-dinfo-en-continu-cnews-est-la-seule-chaine-a-tricher-de-maniere-manifeste-20251126_SKS2TVXGORD5DOGUL3UV5EHKLQ\/?redirected=1\">RSF avait accus\u00e9 CNews de \u00abtricher\u00bb<\/a> avec ces r\u00e8gles en rel\u00e9guant aux heures nocturnes le temps de parole de responsables de gauche comme La France insoumise ou le Parti socialiste. L\u2019ONG affirmait, pour soutenir ses affirmations, avoir pass\u00e9 au crible les temps d\u2019antenne des cha\u00eenes d\u2019information en continu (BFMTV, CNews, franceinfo, LCI) du 1er au 31 mars 2025 \u00e0 l\u2019aide d\u2019un outil de capture d\u2019\u00e9cran qui a permis d\u2019analyser 700 000 bandeaux.<\/p>\n<p class=\"sc-cPiKLX AiZTS text-element\">D\u2019apr\u00e8s elle, l\u2019extr\u00eame droite (dans laquelle elle range le RN, Philippe de Villiers ou encore Eric Zemmour) cumule 40,6 % d\u2019exposition contre 15,4 % pour la gauche (LFI, PS, PCF, EELV), tandis que la nuit (minuit &#8211; 7 heures), la gauche grimpe \u00e0 60,1 %, contre 1,6 % pour l\u2019extr\u00eame droite. Selon l\u2019Arcom, sur ce mois de mars 2025, sur CNews, \u00abil y a une surrepr\u00e9sentation\u00bb de LFI ou du PS \u00abde nuit comme de jour\u00bb.<\/p>\n<p class=\"sc-cPiKLX AiZTS text-element\">Selon le <a href=\"https:\/\/www.liberation.fr\/economie\/medias\/quest-ce-que-larcom-le-nouveau-gendarme-de-laudiovisuel-et-du-numerique-20211230_W37QQKDJSRF2HK7MS5REYOPXGM\/\" target=\"_blank\" rel=\"noreferrer noopener\" title=\"https:\/\/www.liberation.fr\/economie\/medias\/quest-ce-que-larcom-le-nouveau-gendarme-de-laudiovisuel-et-du-numerique-20211230_W37QQKDJSRF2HK7MS5REYOPXGM\/\">gendarme de l\u2019audiovisuel<\/a>, RSF \u00absurestime l\u2019importance des rediffusions nocturnes en raisonnant en pourcentages, sans regarder le volume horaire total\u00bb. L\u2019Arcom reproche en outre \u00e0 RSF un biais dans la m\u00e9thode : \u00abRSF a travaill\u00e9 sur un seul mois, mars 2025, \u00e0 l\u2019aide notamment d\u2019un outil qui analyse les bandeaux d\u2019antenne. L\u2019Arcom raisonne normalement en trimestres et non en mois\u00bb, est-il rapport\u00e9 dans le Point.<\/p>\n<p class=\"sc-cPiKLX AiZTS text-element\">RSF a r\u00e9pondu \u00e0 cette analyse jeudi, d\u00e9plorant les \u00abd\u00e9n\u00e9gations de l\u2019Arcom\u00bb relatives \u00e0 son enqu\u00eate, et assurant maintenir \u00abtous ses chiffres et ses conclusions\u00bb. Selon elle, \u00able r\u00e9gulateur conteste manifestement, sans fournir de chiffres en appui de sa d\u00e9monstration, un unique sous-\u00e9l\u00e9ment d\u2019une des trois dimensions mesur\u00e9es du pluralisme : celle relative au temps de parole allou\u00e9 aux forces politiques\u00bb.<\/p>\n<p class=\"sc-cPiKLX AiZTS text-element\">En effet, au-del\u00e0 du calcul des temps de parole, RSF avait analys\u00e9 la question de la pluralit\u00e9 des journalistes intervenant sur les plateaux (invit\u00e9s, chroniqueurs ponctuels ou r\u00e9guliers). Sur CNews, \u00able d\u00e9s\u00e9quilibre est tr\u00e8s prononc\u00e9. L\u2019\u00e9crasante majorit\u00e9, plus de 70 %, des journalistes intervenants sont issus de m\u00e9dias dont la ligne \u00e9ditoriale est plut\u00f4t marqu\u00e9e \u00e0 droite voire \u00e0 l\u2019extr\u00eame droite\u00bb, d\u00e9non\u00e7ait <a href=\"https:\/\/rsf.org\/fr\/pluralisme-en-france-sur-cnews-le-grand-contournement\" target=\"_blank\" rel=\"noreferrer noopener\" title=\"https:\/\/rsf.org\/fr\/pluralisme-en-france-sur-cnews-le-grand-contournement\">RSF sur son site<\/a>.<\/p>\n<p class=\"sc-cPiKLX AiZTS text-element\">Autre dimension occult\u00e9e selon l\u2019ONG, son \u00e9tude sur la diversit\u00e9 des sujets trait\u00e9s. En mars 2025, la guerre en Ukraine constitue le sujet principal pour BFMTV, France Info et LCI, alors que sur CNews, la th\u00e9matique de l\u2019ins\u00e9curit\u00e9 en France \u00abse hisse largement\u00bb comme th\u00e8me num\u00e9ro un. \u00abAu cours du mois, la cha\u00eene va couvrir plus d\u2019une centaine de faits de violence, soit deux fois plus que l\u2019ensemble de ses trois concurrentes r\u00e9unies [\u2026], chiffre RSF. Les d\u00e9bats sur l\u2019islamisme, les questions identitaires et l\u2019immigration [th\u00e8mes privil\u00e9gi\u00e9s de l\u2019extr\u00eame droite] y sont sept fois plus pr\u00e9sents que sur les autres cha\u00eenes, et l\u2019ins\u00e9curit\u00e9 y re\u00e7oit trois \u00e0 quatre fois plus de couverture.\u00bb <\/p>\n<p class=\"sc-cPiKLX AiZTS text-element\">Autant d\u2019\u00e9l\u00e9ments qui nourrissent l\u2019\u00e9mission d\u2019investigation Compl\u00e9ment d\u2019enqu\u00eate de France 2 consacr\u00e9e jeudi soir \u00e0 la cha\u00eene d\u2019info de la galaxie Bollor\u00e9.<\/p>\n","protected":false},"excerpt":{"rendered":"La contre-analyse de l\u2019Arcom n\u2019a pas tard\u00e9 \u00e0 tomber. Sollicit\u00e9e mercredi par RSF, qui assure, calculs et chiffres&hellip;\n","protected":false},"author":2,"featured_media":563376,"comment_status":"","ping_status":"","sticky":false,"template":"","format":"standard","meta":{"footnotes":""},"categories":[2],"tags":[11,4690,9722,1076,1011,27,12,25],"class_list":{"0":"post-563375","1":"post","2":"type-post","3":"status-publish","4":"format-standard","5":"has-post-thumbnail","7":"category-actualites","8":"tag-actualites","9":"tag-arcom","10":"tag-cnews","11":"tag-extreme-droite","12":"tag-fr","13":"tag-france","14":"tag-news","15":"tag-republique-francaise"},"share_on_mastodon":{"url":"https:\/\/pubeurope.com\/@fr\/115624516315020684","error":""},"_links":{"self":[{"href":"https:\/\/www.europesays.com\/fr\/wp-json\/wp\/v2\/posts\/563375","targetHints":{"allow":["GET"]}}],"collection":[{"href":"https:\/\/www.europesays.com\/fr\/wp-json\/wp\/v2\/posts"}],"about":[{"href":"https:\/\/www.europesays.com\/fr\/wp-json\/wp\/v2\/types\/post"}],"author":[{"embeddable":true,"href":"https:\/\/www.europesays.com\/fr\/wp-json\/wp\/v2\/users\/2"}],"replies":[{"embeddable":true,"href":"https:\/\/www.europesays.com\/fr\/wp-json\/wp\/v2\/comments?post=563375"}],"version-history":[{"count":0,"href":"https:\/\/www.europesays.com\/fr\/wp-json\/wp\/v2\/posts\/563375\/revisions"}],"wp:featuredmedia":[{"embeddable":true,"href":"https:\/\/www.europesays.com\/fr\/wp-json\/wp\/v2\/media\/563376"}],"wp:attachment":[{"href":"https:\/\/www.europesays.com\/fr\/wp-json\/wp\/v2\/media?parent=563375"}],"wp:term":[{"taxonomy":"category","embeddable":true,"href":"https:\/\/www.europesays.com\/fr\/wp-json\/wp\/v2\/categories?post=563375"},{"taxonomy":"post_tag","embeddable":true,"href":"https:\/\/www.europesays.com\/fr\/wp-json\/wp\/v2\/tags?post=563375"}],"curies":[{"name":"wp","href":"https:\/\/api.w.org\/{rel}","templated":true}]}}