{"id":563377,"date":"2025-11-28T00:34:15","date_gmt":"2025-11-28T00:34:15","guid":{"rendered":"https:\/\/www.europesays.com\/fr\/563377\/"},"modified":"2025-11-28T00:34:15","modified_gmt":"2025-11-28T00:34:15","slug":"en-cisjordanie-occupee-des-soldats-israeliens-filmes-tuant-deux-palestiniens-qui-setaient-rendus-liberation","status":"publish","type":"post","link":"https:\/\/www.europesays.com\/fr\/563377\/","title":{"rendered":"En Cisjordanie occup\u00e9e, des soldats isra\u00e9liens film\u00e9s tuant deux Palestiniens qui s\u2019\u00e9taient rendus \u2013 Lib\u00e9ration"},"content":{"rendered":"<p class=\"sc-cPiKLX AiZTS text-element\">L\u2019Autorit\u00e9 palestinienne fustige \u00abune ex\u00e9cution sommaire\u00bb. L\u2019arm\u00e9e isra\u00e9lienne, de son c\u00f4t\u00e9, dit examiner un \u00abincident\u00bb apr\u00e8s que des membres des forces isra\u00e9liennes ont \u00e9t\u00e9 film\u00e9s \u00e0 J\u00e9nine, <a href=\"https:\/\/www.liberation.fr\/international\/moyen-orient\/larmee-israelienne-annonce-le-lancement-dune-vaste-operation-dans-le-nord-de-la-cisjordanie-20251126_7Q5S2SCDUZFR3K3Z6BFTDR6KAU\/\" target=\"_blank\" rel=\"noreferrer noopener\" title=\"https:\/\/www.liberation.fr\/international\/moyen-orient\/larmee-israelienne-annonce-le-lancement-dune-vaste-operation-dans-le-nord-de-la-cisjordanie-20251126_7Q5S2SCDUZFR3K3Z6BFTDR6KAU\/\">dans le nord de la Cisjordanie occup\u00e9e<\/a>, tirant sur deux hommes levant les bras en l\u2019air, semblant se rendre.<\/p>\n<p class=\"sc-cPiKLX AiZTS text-element\">Des vid\u00e9os ayant circul\u00e9 sur les r\u00e9seaux sociaux et reprises par des t\u00e9l\u00e9visions isra\u00e9liennes montrent deux hommes avancer vers les forces isra\u00e9liennes les mains en l\u2019air avant que ne retentissent des tirs et qu\u2019ils s\u2019\u00e9croulent \u00e0 terre. Un journaliste de l\u2019AFP sur place a film\u00e9 une partie de la sc\u00e8ne. L\u2019Autorit\u00e9 palestinienne a annonc\u00e9 la mort de ces deux hommes de 26 et 37 ans. <\/p>\n<p class=\"sc-cPiKLX AiZTS text-element\">Lors d\u2019une op\u00e9ration dans cette ville bastion de groupes arm\u00e9s palestiniens, les forces isra\u00e9liennes ont encercl\u00e9 un b\u00e2timent o\u00f9 se trouvaient \u00abdes individus recherch\u00e9s\u00bb, et \u00ablanc\u00e9 une proc\u00e9dure de reddition\u00bb, indique un communiqu\u00e9 militaire isra\u00e9lien. \u00abLes deux suspects sont sortis. Apr\u00e8s leur sortie, des tirs ont \u00e9t\u00e9 dirig\u00e9s vers les suspects\u00bb, rapporte Tsahal. <\/p>\n<p class=\"sc-cPiKLX AiZTS text-element\">L\u2019Autorit\u00e9 palestinienne a accus\u00e9 les forces isra\u00e9liennes de s\u2019\u00eatre rendues coupables de \u00abcrime de guerre\u00bb. \u00abLe minist\u00e8re des Affaires \u00e9trang\u00e8res et des Expatri\u00e9s condamne avec la plus grande fermet\u00e9 le crime odieux d\u2019ex\u00e9cution sommaire perp\u00e9tr\u00e9 par l\u2019arm\u00e9e d\u2019occupation isra\u00e9lienne contre deux jeunes Palestiniens [\u2026] pr\u00e8s du camp [de r\u00e9fugi\u00e9s] de J\u00e9nine\u00bb, indique un communiqu\u00e9 officiel. Il s\u2019agit l\u00e0, toujours d\u2019apr\u00e8s le texte, d\u2019\u00abune sc\u00e8ne qui constitue un crime de guerre document\u00e9 et complet, et une violation flagrante de toutes les lois, conventions internationales, normes et valeurs humaines\u00bb. <\/p>\n<p class=\"sc-cPiKLX AiZTS text-element\">\u00abSoutien total aux gardes-fronti\u00e8res et aux combattants de Tsahal qui ont tir\u00e9 sur des terroristes recherch\u00e9s qui sont sortis d\u2019un b\u00e2timent \u00e0 J\u00e9nine\u00bb, a \u00e9crit sur X <a href=\"https:\/\/www.liberation.fr\/international\/moyen-orient\/jerusalem-ben-gvir-ministre-israelien-dextreme-droite-une-nouvelle-fois-sur-lesplanade-des-mosquees-20251008_4IMIRNPDBVFTBK7WC3K7ZQM2UU\/\" target=\"_blank\" rel=\"noreferrer noopener\" title=\"https:\/\/www.liberation.fr\/international\/moyen-orient\/jerusalem-ben-gvir-ministre-israelien-dextreme-droite-une-nouvelle-fois-sur-lesplanade-des-mosquees-20251008_4IMIRNPDBVFTBK7WC3K7ZQM2UU\/\">Itamar Ben Gvir,<\/a> le ministre isra\u00e9lien de la S\u00e9curit\u00e9 nationale, figure de l\u2019extr\u00eame droite isra\u00e9lienne. Qui a ajout\u00e9 : \u00abLes combattants ont agi exactement comme on l\u2019attend : les terroristes doivent mourir !\u00bb<\/p>\n<p class=\"sc-cPiKLX AiZTS text-element\"><b>Plus d\u2019informations \u00e0 venir\u2026<\/b><\/p>\n","protected":false},"excerpt":{"rendered":"L\u2019Autorit\u00e9 palestinienne fustige \u00abune ex\u00e9cution sommaire\u00bb. L\u2019arm\u00e9e isra\u00e9lienne, de son c\u00f4t\u00e9, dit examiner un \u00abincident\u00bb apr\u00e8s que des&hellip;\n","protected":false},"author":2,"featured_media":563378,"comment_status":"","ping_status":"","sticky":false,"template":"","format":"standard","meta":{"footnotes":""},"categories":[2],"tags":[11,2486,1011,27,664,3523,12,25],"class_list":{"0":"post-563377","1":"post","2":"type-post","3":"status-publish","4":"format-standard","5":"has-post-thumbnail","7":"category-actualites","8":"tag-actualites","9":"tag-cisjordanie","10":"tag-fr","11":"tag-france","12":"tag-israel","13":"tag-israel-palestine-conflit","14":"tag-news","15":"tag-republique-francaise"},"share_on_mastodon":{"url":"https:\/\/pubeurope.com\/@fr\/115624520329435811","error":""},"_links":{"self":[{"href":"https:\/\/www.europesays.com\/fr\/wp-json\/wp\/v2\/posts\/563377","targetHints":{"allow":["GET"]}}],"collection":[{"href":"https:\/\/www.europesays.com\/fr\/wp-json\/wp\/v2\/posts"}],"about":[{"href":"https:\/\/www.europesays.com\/fr\/wp-json\/wp\/v2\/types\/post"}],"author":[{"embeddable":true,"href":"https:\/\/www.europesays.com\/fr\/wp-json\/wp\/v2\/users\/2"}],"replies":[{"embeddable":true,"href":"https:\/\/www.europesays.com\/fr\/wp-json\/wp\/v2\/comments?post=563377"}],"version-history":[{"count":0,"href":"https:\/\/www.europesays.com\/fr\/wp-json\/wp\/v2\/posts\/563377\/revisions"}],"wp:featuredmedia":[{"embeddable":true,"href":"https:\/\/www.europesays.com\/fr\/wp-json\/wp\/v2\/media\/563378"}],"wp:attachment":[{"href":"https:\/\/www.europesays.com\/fr\/wp-json\/wp\/v2\/media?parent=563377"}],"wp:term":[{"taxonomy":"category","embeddable":true,"href":"https:\/\/www.europesays.com\/fr\/wp-json\/wp\/v2\/categories?post=563377"},{"taxonomy":"post_tag","embeddable":true,"href":"https:\/\/www.europesays.com\/fr\/wp-json\/wp\/v2\/tags?post=563377"}],"curies":[{"name":"wp","href":"https:\/\/api.w.org\/{rel}","templated":true}]}}