{"id":563393,"date":"2025-11-28T00:48:11","date_gmt":"2025-11-28T00:48:11","guid":{"rendered":"https:\/\/www.europesays.com\/fr\/563393\/"},"modified":"2025-11-28T00:48:11","modified_gmt":"2025-11-28T00:48:11","slug":"un-billet-au-louvre-va-couter-plus-cher-a-certains-etrangers-decouvrez-les-conditions-de-cette-nouvelle-hausse-des-tarifs-midi-libre","status":"publish","type":"post","link":"https:\/\/www.europesays.com\/fr\/563393\/","title":{"rendered":"Un billet au Louvre va co\u00fbter plus cher \u00e0 certains \u00e9trangers : d\u00e9couvrez les conditions de cette nouvelle hausse des tarifs &#8211; Midi Libre"},"content":{"rendered":"<ol>\n<li><a href=\"https:\/\/news.google.com\/rss\/articles\/CBMi_wFBVV95cUxPeVV3MnVBajNfWXAzTVdOVWI3akVwUkVfUHNuTnFhSlg3WUg0NkRSOUQ0eXJ3dW5iR2tmMUxIVW5FdnBRR08tUENJbDc0NFlVekRocDYwdmJWOVNYVHh4NmRNdmdKREVRV3ZOTWRoR2Q2YkQtQzNNdlJ5TFlNQldTU0N0Z0hSWmxLTGl2MkhBOGJaYjZtQnh6eXluYldiTExwTlZycmtualk0c3dCSkQ4S0NudFB5WldrS0VLQmxMM3prTVhDVmVMSEx1T2tWc2VBVndwblZ5a1BYNHhWYkFUWmNaUFlld3pFa0lZeTBENTNJMmxuQm5IeE5raXVTUFU?oc=5\" target=\"_blank\" rel=\"noopener\">Un billet au Louvre va co\u00fbter plus cher \u00e0 certains \u00e9trangers : d\u00e9couvrez les conditions de cette nouvelle hausse des tarifs<\/a>&nbsp;&nbsp;Midi Libre<\/li>\n<li><a href=\"https:\/\/news.google.com\/rss\/articles\/CBMijgJBVV95cUxPSnJRUUxBNzd6c042M2dROW40R05vdmo1MTAwaGk4OWNOM1RITTI5ZzQ1THo0NmdCWW9YOGpwVC1XR05NejZVRFBzZF9sWmNjUURlY0FRS09EWVNwRi11Z2xoeHp4bWU0T3hUeUl5Z1ZJTFM2OENTMXRxMHVXbzZGbzFxSGhENFpoSEVGUTlIaFcwdXVwV2RNSVRfMXhCcHpoQkZYNmlnX1dZal80MGJkWDFDcU9sSWU1X2FqNHdNbU9tTHc5QzdVbHNlamhOaFEzRzNkMVZpS1ZPWldzM3R3YU9mSzJYbDlROFFBamMtQ0w1VENQcXphcEtCYzdSYURQWW5OblcwRUtZLTF2eGc?oc=5\" target=\"_blank\" rel=\"noopener\">Le Louvre, comme quatre autres lieux culturels, augmente ses tarifs pour les visiteurs extra-europ\u00e9ens<\/a>&nbsp;&nbsp;Le Monde.fr<\/li>\n<li><a href=\"https:\/\/news.google.com\/rss\/articles\/CBMihwJBVV95cUxPdFZvaDdPWDc1aklGLUhvbVNVUlZWbU5kSGZhVDVNX01PMTNRQ2QtT25aVnpmaER6aGx3S1FvWWZiUDVRclpmeDNnTFRzLV94VVd6bnh4QV8zSjMzOU5HMW5jLTFKTzRCZFZkaWRpMmxJZ2xZa1dmbzZZVjhNa0JKZHNfNDFvb05EWVYtcXRUZVI2RXQ5Ujc2YXZRdjVFWm1GT3NrVG5KTXBhNHRfZnZrMVpNeDA3dlh0Y09CWkdUN3Zpam83anE2U2t5MDU5NWJmQ0d3MmJxREpGaEx3YmdPOHRaSVhTS2c3UENGY2JDUTM4M0JHVlEwaHk1TkhSa3VmY0RTaGxmTQ?oc=5\" target=\"_blank\" rel=\"noopener\">\u200c\u00ab Les touristes hors Union europ\u00e9enne sont vus comme des vaches \u00e0 lait \u00bb : la CGT d\u00e9nonce la hausse des tarifs au mus\u00e9e du Louvre<\/a>&nbsp;&nbsp;L&rsquo;Humanit\u00e9<\/li>\n<li><a href=\"https:\/\/news.google.com\/rss\/articles\/CBMilAJBVV95cUxNdGQ3NGtKcU15SWpkczVWZFBWTlVhV3B6YXMyY1dSNGVDdFkyY0JWQVFpUTUxWHRYUEkxcXJlN2VEeXpFQ2dhcWRQZjRVbkxkWjdBSXUteS1vTEFjekprWlREQy1sZXZhaXROQVhEWDl0ZkxrQ1JRaUpyNHpVd1hnRnpMUkJrLXBiQUNHbVY3TVVTN01xU0VHaHRMQXF3WGQwekEyTXh3WUtScGlhTks5SEh2MlVQZGl2dUtpdFpoZGVFaC1fZkFoUlpVZVZzcmhMVTRINTJrckRKMmJXQ3lqWmtMOFZGSTlXNE9EenNyLTJPWklrd2sxRXIzSXI2LUM3LXVEMi1PUGFmV3pNWGF2bHloRzI?oc=5\" target=\"_blank\" rel=\"noopener\">\u00abPayer le prix fort pour visiter un mus\u00e9e d\u00e9labr\u00e9\u00bb : le Louvre augmente de 45 % son prix d\u2019entr\u00e9e pour les extra-Europ\u00e9ens<\/a>&nbsp;&nbsp;Lib\u00e9ration<\/li>\n<li><a href=\"https:\/\/news.google.com\/rss\/articles\/CBMixgFBVV95cUxONVh2Ql9SaXcyRWx1RUVFRUlDY25xZGVoRFBBNHFVdzR3ZVRvVnh1YXFUSldRZWhzaTQ4bTdEb2QxMGpEVVBMN3RwbmYwc2ZOVGNXWTBaZHVLQndBQ1VQNGRCdjVpX3lEaTZEMWFDczNiWmxNTk9XUTJJS3J2YWhsb241N21JOGdOblRCNXlzUWVmckRyZDc5aGtwMzBlMTM1azNCd09Bc24xQ1FYVjJ5X0VsVEsybTR1VzJMdTdaeW1TWjdrdkE?oc=5\" target=\"_blank\" rel=\"noopener\">Le Louvre r\u00e9fl\u00e9chit \u00e0 une hausse des tarifs pour les visiteurs (hors-UE)<\/a>&nbsp;&nbsp;20 Minutes<\/li>\n<\/ol>\n","protected":false},"excerpt":{"rendered":"Un billet au Louvre va co\u00fbter plus cher \u00e0 certains \u00e9trangers : d\u00e9couvrez les conditions de cette nouvelle&hellip;\n","protected":false},"author":2,"featured_media":395849,"comment_status":"","ping_status":"","sticky":false,"template":"","format":"standard","meta":{"footnotes":""},"categories":[1358],"tags":[1348,1384,1385,1386,58,59,1011,27],"class_list":{"0":"post-563393","1":"post","2":"type-post","3":"status-publish","4":"format-standard","5":"has-post-thumbnail","7":"category-arts-et-design","8":"tag-arts","9":"tag-arts-and-design","10":"tag-arts-et-design","11":"tag-design","12":"tag-divertissement","13":"tag-entertainment","14":"tag-fr","15":"tag-france"},"share_on_mastodon":{"url":"https:\/\/pubeurope.com\/@fr\/115624575120149043","error":""},"_links":{"self":[{"href":"https:\/\/www.europesays.com\/fr\/wp-json\/wp\/v2\/posts\/563393","targetHints":{"allow":["GET"]}}],"collection":[{"href":"https:\/\/www.europesays.com\/fr\/wp-json\/wp\/v2\/posts"}],"about":[{"href":"https:\/\/www.europesays.com\/fr\/wp-json\/wp\/v2\/types\/post"}],"author":[{"embeddable":true,"href":"https:\/\/www.europesays.com\/fr\/wp-json\/wp\/v2\/users\/2"}],"replies":[{"embeddable":true,"href":"https:\/\/www.europesays.com\/fr\/wp-json\/wp\/v2\/comments?post=563393"}],"version-history":[{"count":0,"href":"https:\/\/www.europesays.com\/fr\/wp-json\/wp\/v2\/posts\/563393\/revisions"}],"wp:featuredmedia":[{"embeddable":true,"href":"https:\/\/www.europesays.com\/fr\/wp-json\/wp\/v2\/media\/395849"}],"wp:attachment":[{"href":"https:\/\/www.europesays.com\/fr\/wp-json\/wp\/v2\/media?parent=563393"}],"wp:term":[{"taxonomy":"category","embeddable":true,"href":"https:\/\/www.europesays.com\/fr\/wp-json\/wp\/v2\/categories?post=563393"},{"taxonomy":"post_tag","embeddable":true,"href":"https:\/\/www.europesays.com\/fr\/wp-json\/wp\/v2\/tags?post=563393"}],"curies":[{"name":"wp","href":"https:\/\/api.w.org\/{rel}","templated":true}]}}