{"id":563405,"date":"2025-11-28T00:59:11","date_gmt":"2025-11-28T00:59:11","guid":{"rendered":"https:\/\/www.europesays.com\/fr\/563405\/"},"modified":"2025-11-28T00:59:11","modified_gmt":"2025-11-28T00:59:11","slug":"quand-les-ouvriers-chinois-viennent-sauver-lauto-europeenne","status":"publish","type":"post","link":"https:\/\/www.europesays.com\/fr\/563405\/","title":{"rendered":"Quand les ouvriers chinois viennent sauver l&rsquo;auto europ\u00e9enne"},"content":{"rendered":"<p itemprop=\"description\">Alors que Bruxelles tente de dresser des<br \/>\nremparts commerciaux contre l&rsquo;Asie, l&rsquo;Espagne accueille \u00e0 bras<br \/>\nouverts le Chinois CATL pour b\u00e2tir, avec l&rsquo;aide de Stellantis et de<br \/>\nfonds europ\u00e9ens, l&rsquo;une des plus grandes usines de batteries du<br \/>\ncontinent.<\/p>\n<p>Les travaux de la m\u00e9ga-usine de batteries de CATL et Stellantis<br \/>\nont d\u00e9but\u00e9 ce mercredi \u00e0 Figueruelas (Aragon), un projet titanesque<br \/>\nde 4,1 milliards d\u00a0\u00bbeuros. Pour tenir des d\u00e9lais serr\u00e9s et garantir<br \/>\nla ma\u00eetrise technique, environ 2000 travailleurs chinois d\u00e9barquent<br \/>\nsur le site. L&rsquo;usine produira d\u00e8s fin 2026 des batteries LFP<br \/>\n(Lithium-Fer-Phosphate), une technologie essentielle pour la<br \/>\nd\u00e9mocratisation de la voiture \u00e9lectrique, mais que l&rsquo;Europe ne<br \/>\nma\u00eetrise pas encore.<\/p>\n<p>Quand le ma\u00eetre devient l&rsquo;\u00e9l\u00e8ve<\/p>\n<p>Pendant des d\u00e9cennies, l\u2019Europe a montr\u00e9 au monde comment<br \/>\nconstruire des voitures. Aujourd\u2019hui, <strong>elle se retrouve en<br \/>\nposition d\u2019\u00e9l\u00e8ve<\/strong> avec des ing\u00e9nieurs venus de Chine lui<br \/>\nexpliquent comment produire les composants des v\u00e9hicules de demain.<br \/>\nL&rsquo;aveu est venu de David Romeral, une figure locale du secteur<br \/>\nautomobile en Aragon : \u00ab\u00a0Nous ne connaissons pas cette<br \/>\ntechnologie, ces composants, nous ne les avons jamais fabriqu\u00e9s<br \/>\nauparavant\u00a0\u00bb, a-t-il dit. Avant d&rsquo;ajouter : \u00ab\u00a0Ils ont des<br \/>\nann\u00e9es d&rsquo;avance sur nous. Tout ce que nous pouvons faire, c&rsquo;est<br \/>\nregarder et apprendre.\u00a0\u00bb Cette d\u00e9claration r\u00e9sume \u00e0 elle seule<br \/>\nle gouffre qui s\u00e9pare d\u00e9sormais les ambitions europ\u00e9ennes de la<br \/>\nr\u00e9alit\u00e9 industrielle chinoise. <a href=\"https:\/\/www.autoplus.fr\/actualite\/pour-sa-nouvelle-usine-espagnole-catl-veut-2000-salaries-mais-pas-n-importe-lesquels-1408736.html\" target=\"_blank\" rel=\"noopener\"><br \/>\nCATL<\/a> ne vient pas seulement poser des briques, l&rsquo;entreprise<br \/>\nd\u00e9barque avec une avance technique que le Vieux Continent n&rsquo;a pas<br \/>\nsu anticiper.<\/p>\n<p>Le projet est colossal. <strong>On parle ici de 4,1 milliards<br \/>\nd&rsquo;euros pour sortir de terre ce qui deviendra la plus grande usine<br \/>\nde<\/strong> <a href=\"https:\/\/www.autoplus.fr\/environnement\/batteries-pourquoi-lindustrie-automobile-produit-elle-actuellement-dans-le-vide-1408832.html\" target=\"_blank\" rel=\"noopener\"><br \/>\n<strong>batteries<\/strong><\/a> <strong>d&rsquo;Espagne<\/strong>. C&rsquo;est le<br \/>\nplus gros investissement chinois jamais r\u00e9alis\u00e9 dans le pays. Mais<br \/>\npour que la machine tourne, il va falloir former du personnel.<br \/>\n<strong>L\u2019entreprise chinoise va devoir former jusqu&rsquo;\u00e0 4000<br \/>\ntravailleurs<\/strong>. Pourquoi ? Parce que le savoir-faire<br \/>\nn&rsquo;existe tout simplement pas sur place. Le directeur des affaires<br \/>\npubliques de l\u2019entreprise a rappel\u00e9 que la production de batteries<br \/>\ndemande une \u00ab\u00a0expertise op\u00e9rationnelle accumul\u00e9e sur de<br \/>\nnombreuses ann\u00e9es\u00a0\u00bb. Et c\u2019est l\u00e0 tout le paradoxe. L&rsquo;Union<br \/>\neurop\u00e9enne, via ses fonds, <strong>subventionne ce projet \u00e0 hauteur<br \/>\nde 300 millions d&rsquo;euros<\/strong>. L&rsquo;argent du contribuable europ\u00e9en<br \/>\nsert donc \u00e0 financer une d\u00e9pendance technologique, dans l&rsquo;espoir<br \/>\nqu&rsquo;un jour, peut-\u00eatre, le transfert de comp\u00e9tences soit suffisant<br \/>\npour voler de ses propres ailes. L&rsquo;<a href=\"https:\/\/www.autoplus.fr\/actualite\/espagne-quels-sont-les-changements-de-reglementation-en-2025-1383879.html\" target=\"_blank\" rel=\"noopener\">Espagne<\/a>,<br \/>\ndeuxi\u00e8me constructeur automobile europ\u00e9en, n&rsquo;a pas vraiment le<br \/>\nchoix. Elle se positionne comme le futur hub de la batterie sur le<br \/>\ncontinent, attir\u00e9e par des co\u00fbts de main-d&rsquo;\u0153uvre attractifs et<br \/>\n<strong>une \u00e9nergie environ 20 % moins ch\u00e8re que la moyenne de<br \/>\nl&rsquo;UE<\/strong>.<\/p>\n<p>Madrid face aux inqui\u00e9tudes sociales<\/p>\n<p>Tandis que les technocrates de Bruxelles \u00e9laborent des plans<br \/>\npour durcir les r\u00e8gles d&rsquo;approvisionnement local et prot\u00e9ger les<br \/>\nsous-traitants europ\u00e9ens, Madrid joue une tout autre partition.<br \/>\n<strong>L&rsquo;Espagne a choisi son camp<\/strong>, quitte \u00e0 froisser<br \/>\nquelques sensibilit\u00e9s. Les relations commerciales entre l&rsquo;Espagne<br \/>\net la Chine sont au beau fixe, entretenues par des visites de haut<br \/>\nniveau, dont un d\u00e9placement du roi et d&rsquo;un groupe de ministres.<br \/>\nLors de la c\u00e9r\u00e9monie, <a href=\"https:\/\/www.mintur.gob.es\/en-us\/ministro\/Paginas\/default.aspx\" target=\"_blank\" rel=\"noopener\">Jordi<br \/>\nHereu<\/a>, le ministre espagnol de l&rsquo;Industrie, n&rsquo;a pas tourn\u00e9<br \/>\nautour du pot. <strong>Pour lui, le transfert de technologie est<br \/>\n\u00ab\u00a0fondamental\u00a0\u00bb<\/strong>. L&rsquo;Espagne est \u00ab\u00a0pr\u00eate \u00e0<br \/>\ncollaborer avec tous les pays du monde, en particulier la<br \/>\nChine\u00a0\u00bb, a-t-il martel\u00e9.<br \/>La question de l&#8217;emploi est le point sensible de cette usine, celui<br \/>\nqui fait grincer quelques dents dans les syndicats. Des rumeurs<br \/>\nrelay\u00e9es par certains m\u00e9dias \u00e9voquent <strong>l&rsquo;arriv\u00e9e de 2000<br \/>\ntravailleurs chinois pour assurer la phase de construction<\/strong><br \/>\net de d\u00e9marrage. Andy Wu, le patron de la coentreprise, a bott\u00e9 en<br \/>\ntouche quand la question lui a \u00e9t\u00e9 pos\u00e9e, pr\u00e9f\u00e9rant insister sur le<br \/>\nfait que la s\u00e9lection des sous-traitants \u00e9tait encore en cours. Il<br \/>\nassure toutefois que <strong>la proportion de personnel chinois<br \/>\nfinira par tomber sous la barre des 10 %<\/strong>. Mais dans<br \/>\nl&rsquo;imm\u00e9diat, pour que l&rsquo;usine sorte de terre et commence \u00e0 produire<br \/>\nfin 2026, il faudra bien importer les comp\u00e9tences l\u00e0 o\u00f9 elles se<br \/>\ntrouvent. Pour rassurer tout le monde, des programmes de formation<br \/>\navec les universit\u00e9s locales sont pr\u00e9vus, et certains employ\u00e9s<br \/>\nespagnols seront m\u00eame envoy\u00e9s en Chine pour se former \u00e0 la source,<br \/>\ndans les usines m\u00e8res de CATL. <strong>C&rsquo;est le prix \u00e0<br \/>\npayer<\/strong>. L&rsquo;Espagne accepte d\u2019\u00eatre le laboratoire de cette<br \/>\nnouvelle \u00e8re industrielle o\u00f9 l&rsquo;Europe, pour ne pas sombrer, doit<br \/>\naccepter la main tendue de son plus grand rival.<\/p>\n","protected":false},"excerpt":{"rendered":"Alors que Bruxelles tente de dresser des remparts commerciaux contre l&rsquo;Asie, l&rsquo;Espagne accueille \u00e0 bras ouverts le Chinois&hellip;\n","protected":false},"author":2,"featured_media":563406,"comment_status":"","ping_status":"","sticky":false,"template":"","format":"standard","meta":{"footnotes":""},"categories":[6],"tags":[35,33,34,1011,27,1638],"class_list":{"0":"post-563405","1":"post","2":"type-post","3":"status-publish","4":"format-standard","5":"has-post-thumbnail","7":"category-economie","8":"tag-business","9":"tag-economie","10":"tag-economy","11":"tag-fr","12":"tag-france","13":"tag-has_diapo"},"share_on_mastodon":{"url":"https:\/\/pubeurope.com\/@fr\/115624618743199719","error":""},"_links":{"self":[{"href":"https:\/\/www.europesays.com\/fr\/wp-json\/wp\/v2\/posts\/563405","targetHints":{"allow":["GET"]}}],"collection":[{"href":"https:\/\/www.europesays.com\/fr\/wp-json\/wp\/v2\/posts"}],"about":[{"href":"https:\/\/www.europesays.com\/fr\/wp-json\/wp\/v2\/types\/post"}],"author":[{"embeddable":true,"href":"https:\/\/www.europesays.com\/fr\/wp-json\/wp\/v2\/users\/2"}],"replies":[{"embeddable":true,"href":"https:\/\/www.europesays.com\/fr\/wp-json\/wp\/v2\/comments?post=563405"}],"version-history":[{"count":0,"href":"https:\/\/www.europesays.com\/fr\/wp-json\/wp\/v2\/posts\/563405\/revisions"}],"wp:featuredmedia":[{"embeddable":true,"href":"https:\/\/www.europesays.com\/fr\/wp-json\/wp\/v2\/media\/563406"}],"wp:attachment":[{"href":"https:\/\/www.europesays.com\/fr\/wp-json\/wp\/v2\/media?parent=563405"}],"wp:term":[{"taxonomy":"category","embeddable":true,"href":"https:\/\/www.europesays.com\/fr\/wp-json\/wp\/v2\/categories?post=563405"},{"taxonomy":"post_tag","embeddable":true,"href":"https:\/\/www.europesays.com\/fr\/wp-json\/wp\/v2\/tags?post=563405"}],"curies":[{"name":"wp","href":"https:\/\/api.w.org\/{rel}","templated":true}]}}