{"id":563407,"date":"2025-11-28T01:00:37","date_gmt":"2025-11-28T01:00:37","guid":{"rendered":"https:\/\/www.europesays.com\/fr\/563407\/"},"modified":"2025-11-28T01:00:37","modified_gmt":"2025-11-28T01:00:37","slug":"ces-phrases-qui-posent-probleme-dans-la-conversation-entre-steve-witkoff-et-le-conseiller-de-poutine","status":"publish","type":"post","link":"https:\/\/www.europesays.com\/fr\/563407\/","title":{"rendered":"Ces phrases qui posent probl\u00e8me dans la conversation entre Steve Witkoff et le conseiller de Poutine"},"content":{"rendered":"<p>La proximit\u00e9 \u00e9tonnante et <a href=\"https:\/\/www.lemonde.fr\/international\/article\/2025\/11\/26\/l-integralite-de-la-conversation-entre-steve-witkoff-envoye-special-de-donald-trump-et-iouri-ouchakov-conseiller-diplomatique-de-vladimir-poutine-revelee-par-bloomberg_6654892_3210.html\" target=\"_blank\" class=\"c-link c-link--is-underlined\" rel=\"noopener\">presque chaleureuse de la conversation qu\u2019ont eue Steve Witkoff<\/a>, envoy\u00e9 sp\u00e9cial de <a href=\"https:\/\/www.20minutes.fr\/dossier\/donald_trump\" class=\"c-link c-link--is-underlined\" target=\"_blank\" rel=\"noopener\">Donald Trump<\/a>, et Iouri Ouchakov, conseiller diplomatique de <a href=\"https:\/\/www.20minutes.fr\/monde\/vladimir_poutine\/\" class=\"c-link c-link--is-underlined\" target=\"_blank\" rel=\"noopener\">Vladimir Poutine<\/a>, le 14\u00a0octobre dernier, fait couler beaucoup d\u2019encre. Dans cet \u00e9change de cinq minutes, d\u00e9voil\u00e9 par Bloomberg, les deux hommes multiplient d\u2019abord les remerciements et f\u00e9licitations mutuelles.<\/p>\n<p>D\u00e8s le d\u00e9but, Steve Witkoff assure avoir \u00ab\u00a0le plus profond respect pour le pr\u00e9sident Poutine\u00a0\u00bb. Une d\u00e9claration qui surprend, alors que le chef d\u2019\u00c9tat russe m\u00e8ne toujours son<a href=\"https:\/\/www.20minutes.fr\/monde\/ukraine\/\" class=\"c-link c-link--is-underlined\" target=\"_blank\" rel=\"noopener\"> invasion de l\u2019Ukraine<\/a>. Tout au long de la conversation, l\u2019envoy\u00e9 sp\u00e9cial affirme que \u00ab\u00a0la F\u00e9d\u00e9ration de <a href=\"https:\/\/www.20minutes.fr\/monde\/russie\/\" class=\"c-link c-link--is-underlined\" target=\"_blank\" rel=\"noopener\">Russie <\/a>a toujours voulu un accord de paix\u00a0\u00bb. Une formulation qui reprend, sans distance, la narration du Kremlin sur un conflit pourtant d\u00e9clench\u00e9 par Moscou en\u00a02022.<\/p>\n<\/p>\n<p>Donetsk, une r\u00e9gion de marchandage<\/p>\n<p>Le c\u0153ur des \u00e9changes porte ensuite sur un \u00e9ventuel \u00ab\u00a0plan de paix en 20 points\u00a0\u00bb, imagin\u00e9 sur le mod\u00e8le de celui propos\u00e9 par l\u2019administration Trump pour Gaza. Le conseiller diplomatique du pr\u00e9sident russe acquiesce \u00e0 cette proposition, y voyant un sujet \u00e0 discuter \u00ab\u00a0par nos dirigeants\u00a0\u00bb. Mais la phrase qui a provoqu\u00e9 le plus de r\u00e9actions porte sur une r\u00e9gion d\u2019Ukraine.<\/p>\n<p>\u00ab\u00a0Je sais ce qu\u2019il faudra pour conclure un plan de paix\u00a0: Donetsk\u2026 et peut-\u00eatre un \u00e9change de territoires quelque part\u00a0\u00bb, lance Steve Witkoff. Il ne fait alors aucune mention des habitants de Donetsk et de leur droit \u00e0 l\u2019autod\u00e9termination ou du droit international. <a href=\"https:\/\/www.20minutes.fr\/monde\/ukraine\/4186843-20251127-mettre-avant-poesie-heroique-militaire-convaincu-poetes-ukrainiens-ecrire-horreur\" class=\"c-link c-link--is-underlined\" target=\"_blank\" rel=\"noopener\">La r\u00e9gion ukrainienne semble alors trait\u00e9e comme une simple variable<\/a> dans un marchandage g\u00e9opolitique. Steve Witkoff pousse ensuite son interlocuteur \u00e0 pr\u00e9parer un appel entre Donald Trump et Vladimir Poutine avant la venue de Volodymyr Zelensky \u00e0 la Maison-Blanche. Une tentative apparente de fixer l\u2019agenda diplomatique avec le Kremlin en amont de l\u2019\u00e9change avec le pr\u00e9sident ukrainien.<\/p>\n<p>Dans son ensemble, la conversation illustre un degr\u00e9 d\u2019alignement inhabituel. Elle laisse entendre que la future \u00ab\u00a0paix\u00a0\u00bb pourrait reposer sur des concessions territoriales unilat\u00e9rales au b\u00e9n\u00e9fice de la Russie. Une accusation port\u00e9e \u00e0 plusieurs reprises \u00e0 l\u2019encontre de Washington.<\/p>\n","protected":false},"excerpt":{"rendered":"La proximit\u00e9 \u00e9tonnante et presque chaleureuse de la conversation qu\u2019ont eue Steve Witkoff, envoy\u00e9 sp\u00e9cial de Donald Trump,&hellip;\n","protected":false},"author":2,"featured_media":563408,"comment_status":"","ping_status":"","sticky":false,"template":"","format":"standard","meta":{"footnotes":""},"categories":[5],"tags":[47,11,75,73,1011,27,131,14,74,12,132,28],"class_list":{"0":"post-563407","1":"post","2":"type-post","3":"status-publish","4":"format-standard","5":"has-post-thumbnail","7":"category-international","8":"tag-actualite","9":"tag-actualites","10":"tag-donald-trump","11":"tag-etats-unis","12":"tag-fr","13":"tag-france","14":"tag-guerre-en-ukraine","15":"tag-international","16":"tag-monde","17":"tag-news","18":"tag-russie","19":"tag-world"},"share_on_mastodon":{"url":"https:\/\/pubeurope.com\/@fr\/115624622371865154","error":""},"_links":{"self":[{"href":"https:\/\/www.europesays.com\/fr\/wp-json\/wp\/v2\/posts\/563407","targetHints":{"allow":["GET"]}}],"collection":[{"href":"https:\/\/www.europesays.com\/fr\/wp-json\/wp\/v2\/posts"}],"about":[{"href":"https:\/\/www.europesays.com\/fr\/wp-json\/wp\/v2\/types\/post"}],"author":[{"embeddable":true,"href":"https:\/\/www.europesays.com\/fr\/wp-json\/wp\/v2\/users\/2"}],"replies":[{"embeddable":true,"href":"https:\/\/www.europesays.com\/fr\/wp-json\/wp\/v2\/comments?post=563407"}],"version-history":[{"count":0,"href":"https:\/\/www.europesays.com\/fr\/wp-json\/wp\/v2\/posts\/563407\/revisions"}],"wp:featuredmedia":[{"embeddable":true,"href":"https:\/\/www.europesays.com\/fr\/wp-json\/wp\/v2\/media\/563408"}],"wp:attachment":[{"href":"https:\/\/www.europesays.com\/fr\/wp-json\/wp\/v2\/media?parent=563407"}],"wp:term":[{"taxonomy":"category","embeddable":true,"href":"https:\/\/www.europesays.com\/fr\/wp-json\/wp\/v2\/categories?post=563407"},{"taxonomy":"post_tag","embeddable":true,"href":"https:\/\/www.europesays.com\/fr\/wp-json\/wp\/v2\/tags?post=563407"}],"curies":[{"name":"wp","href":"https:\/\/api.w.org\/{rel}","templated":true}]}}