{"id":563409,"date":"2025-11-28T01:02:14","date_gmt":"2025-11-28T01:02:14","guid":{"rendered":"https:\/\/www.europesays.com\/fr\/563409\/"},"modified":"2025-11-28T01:02:14","modified_gmt":"2025-11-28T01:02:14","slug":"lassemblee-nationale-adopte-une-loi-pour-nationaliser-arcelormittal","status":"publish","type":"post","link":"https:\/\/www.europesays.com\/fr\/563409\/","title":{"rendered":"l\u2019Assembl\u00e9e nationale adopte une loi pour nationaliser ArcelorMittal"},"content":{"rendered":"<p>\n    <strong>R\u00c9CIT &#8211;<\/strong> Une discussion th\u00e9\u00e2trale et sans fin. Les d\u00e9put\u00e9s ont d\u00e9battu et finalement adopt\u00e9 ce jeudi 27 novembre la proposition de loi de La France Insoumise, qui vise \u00e0 nationaliser les activit\u00e9s fran\u00e7aises d\u2019ArcelorMittal en proie \u00e0 de s\u00e9v\u00e8res difficult\u00e9s.<\/p>\n<p class=\"fig-paragraph\">\u00abArcelorMittal ne se d\u00e9sengage pas de la France. Et les faits le prouvent\u00bb, insistait encore il y a quelques jours Alain Le Grix de la Salle, le PDG d\u2019ArcelorMittal, combattant d\u00e9sesp\u00e9r\u00e9ment ce qu\u2019il estime \u00eatre des \u00abcontre-v\u00e9rit\u00e9s\u00bb,\u00a0<a href=\"http:\/\/www.lefigaro.fr\/politique\/la-proposition-de-lfi-pour-nationaliser-arcelormittal-examinee-ce-jeudi-a-l-assemblee-des-debats-electriques-en-vue-20251127\" data-fig-type=\"NewsFlash\" data-gtm-custom-categorie=\"navigation\" data-gtm-custom-action=\"crossclick\" data-gtm-custom-label=\"Contextuel\" data-gtm-event=\"customEventSPE\" data-fig-domain=\"LEFIGARO\" target=\"_blank\" rel=\"noopener\">\u00abdans un contexte de crise d\u2019une ampleur in\u00e9dite\u00bb<\/a> . Pourtant, \u00e0 l\u2019Assembl\u00e9e nationale ce jeudi 27 novembre, la nationalisation du g\u00e9ant mondial de la sid\u00e9rurgie a \u00e9t\u00e9 adopt\u00e9e \u00e0 127 voix contre 41,\u00a0<a href=\"http:\/\/www.lefigaro.fr\/politique\/mercosur-arcelormittal-retraites-a-l-assemblee-lfi-impose-son-agenda-economique-20251127\" data-fig-type=\"Article\" data-gtm-custom-categorie=\"navigation\" data-gtm-custom-action=\"crossclick\" data-gtm-custom-label=\"Contextuel\" data-gtm-event=\"customEventSPE\" data-fig-domain=\"LEFIGARO\" target=\"_blank\" rel=\"noopener\">au cours d\u2019une s\u00e9ance interminable et chaotique<\/a>. Le leader de LFI Jean-Luc M\u00e9lenchon a salu\u00e9 sur X \u00abune page d\u2019histoire \u00e0 l\u2019Assembl\u00e9e nationale\u00bb. L\u2019avenir du texte, vot\u00e9 avec le soutien des groupes de gauche et l\u2019abstention du RN, est toutefois incertain car il devra d\u00e9sormais aller au S\u00e9nat, domin\u00e9 par la droite et le centre, o\u00f9 il lui sera difficile d\u2019\u00eatre adopt\u00e9.<\/p>\n<p class=\"fig-paragraph\">M\u00eame \u00e0 l\u2019Assembl\u00e9e nationale, la partie \u00e9tait loin d\u2019\u00eatre gagn\u00e9e. \u00abPouvons-nous avoir confiance en ArcelorMittal, alors que ses dirigeants sont d\u2019abord mus par la logique du march\u00e9 et le maximum de profit\u00a0?\u2026<\/p>\n<p class=\"fig-premium-paywall__infos\">\n        Cet article est r\u00e9serv\u00e9 aux abonn\u00e9s.        Il vous reste 86% \u00e0 d\u00e9couvrir.\n    <\/p>\n<p>                <img  data- alt=\"Le Figaro\" class=\"fig-img--complete fig-img\"\/><\/p>\n<p class=\"fig-premium-paywall__title\">Black Friday<\/p>\n<p class=\"fig-premium-paywall__subtitle\">-70% sur l&rsquo;abonnement num\u00e9rique<\/p>\n<p class=\"fig-premium-paywall__connect\">\n                D\u00e9j\u00e0 abonn\u00e9\u00a0?                <a class=\"fig-premium-paywall__connect-link\" href=\"https:\/\/connect.lefigaro.fr\/login?client=horizon_web&amp;type=main&amp;redirect_uri=https%3A%2F%2Fwww.lefigaro.fr%2Fconjoncture%2Fl-interet-des-salaries-va-etre-entendu-l-assemblee-nationale-adopte-une-loi-pour-nationaliser-arcelormittal-20251128\" data-js-gtm=\"{&quot;customCategorie&quot;: &quot;conversion&quot;, &quot;customAction&quot;: &quot;before_Landing_Connexion_paywall_auto&quot;, &quot;customLabel&quot;: &quot;bGVmaWdhcm8uZnJfXzFmMGNiYzJjLWQ1NTktNmU1ZS1hYWJjLWUzNjQ0YzM0MGU5NF9fTmV3c0ZsYXNo_\u00abL\u2019int\u00e9r\u00eat des salari\u00e9s va \u00eatre entendu\u00bb\u00a0: l\u2019Assembl\u00e9e nationale adopte une loi pour nationaliser ArcelorMittal_201&quot;, &quot;customIDSPE&quot;: &quot;bGVmaWdhcm8uZnJfXzFmMGNiYzJjLWQ1NTktNmU1ZS1hYWJjLWUzNjQ0YzM0MGU5NF9fTmV3c0ZsYXNo&quot;, &quot;event&quot;: &quot;customEventSPE&quot;}\" target=\"_blank\" rel=\"noopener\"><br \/>\n                    Connectez-vous<br \/>\n                <\/a>\n            <\/p>\n","protected":false},"excerpt":{"rendered":"R\u00c9CIT &#8211; Une discussion th\u00e9\u00e2trale et sans fin. Les d\u00e9put\u00e9s ont d\u00e9battu et finalement adopt\u00e9 ce jeudi 27&hellip;\n","protected":false},"author":2,"featured_media":563410,"comment_status":"","ping_status":"","sticky":false,"template":"","format":"standard","meta":{"footnotes":""},"categories":[4],"tags":[339,11,340,343,345,350,130,344,352,349,33,341,313,1011,27,346,342,353,351,347,12,348,25,354],"class_list":{"0":"post-563409","1":"post","2":"type-post","3":"status-publish","4":"format-standard","5":"has-post-thumbnail","7":"category-france","8":"tag-actualite-economique","9":"tag-actualites","10":"tag-bourse","11":"tag-cac-40","12":"tag-chef-dentreprise","13":"tag-concurrence","14":"tag-consommation","15":"tag-creation-dentreprise","16":"tag-crise","17":"tag-delocalisations","18":"tag-economie","19":"tag-emploi","20":"tag-entreprises","21":"tag-fr","22":"tag-france","23":"tag-grands-patrons","24":"tag-impots","25":"tag-licenciements","26":"tag-monopole","27":"tag-multinationales","28":"tag-news","29":"tag-privatisation","30":"tag-republique-francaise","31":"tag-unio"},"share_on_mastodon":{"url":"https:\/\/pubeurope.com\/@fr\/115624630377882555","error":""},"_links":{"self":[{"href":"https:\/\/www.europesays.com\/fr\/wp-json\/wp\/v2\/posts\/563409","targetHints":{"allow":["GET"]}}],"collection":[{"href":"https:\/\/www.europesays.com\/fr\/wp-json\/wp\/v2\/posts"}],"about":[{"href":"https:\/\/www.europesays.com\/fr\/wp-json\/wp\/v2\/types\/post"}],"author":[{"embeddable":true,"href":"https:\/\/www.europesays.com\/fr\/wp-json\/wp\/v2\/users\/2"}],"replies":[{"embeddable":true,"href":"https:\/\/www.europesays.com\/fr\/wp-json\/wp\/v2\/comments?post=563409"}],"version-history":[{"count":0,"href":"https:\/\/www.europesays.com\/fr\/wp-json\/wp\/v2\/posts\/563409\/revisions"}],"wp:featuredmedia":[{"embeddable":true,"href":"https:\/\/www.europesays.com\/fr\/wp-json\/wp\/v2\/media\/563410"}],"wp:attachment":[{"href":"https:\/\/www.europesays.com\/fr\/wp-json\/wp\/v2\/media?parent=563409"}],"wp:term":[{"taxonomy":"category","embeddable":true,"href":"https:\/\/www.europesays.com\/fr\/wp-json\/wp\/v2\/categories?post=563409"},{"taxonomy":"post_tag","embeddable":true,"href":"https:\/\/www.europesays.com\/fr\/wp-json\/wp\/v2\/tags?post=563409"}],"curies":[{"name":"wp","href":"https:\/\/api.w.org\/{rel}","templated":true}]}}