{"id":563413,"date":"2025-11-28T01:05:08","date_gmt":"2025-11-28T01:05:08","guid":{"rendered":"https:\/\/www.europesays.com\/fr\/563413\/"},"modified":"2025-11-28T01:05:08","modified_gmt":"2025-11-28T01:05:08","slug":"dix-ans-de-prison-pour-le-coup-de-couteau-de-lindian-cafe","status":"publish","type":"post","link":"https:\/\/www.europesays.com\/fr\/563413\/","title":{"rendered":"dix ans de prison pour le coup de couteau de l\u2019Indian Caf\u00e9"},"content":{"rendered":"<p>\u00ab\u00a0Dans le quartier de Carnot, tout le monde le conna\u00eet\u00a0: il boit de grandes quantit\u00e9s d\u2019alcool, il est agressif, vulgaire.\u00a0\u00bb Lundi, au premier jour du proc\u00e8s d\u2019assises, une serveuse de bar a taill\u00e9 un costume peu seyant \u00e0 Hamid Belachoui. Une psychologue a surpiqu\u00e9 les coutures. \u00ab\u00a0Il prend ce dont il a besoin, il ne donne pas grand-chose.\u00a0\u00bb<\/p>\n<p>Seule la famille de l\u2019accus\u00e9 a color\u00e9 d\u2019humanit\u00e9 ce portrait bien noir. Sa grande s\u0153ur \u00ab\u00a0ne comprend pas comment il a pu faire une chose pareille\u00a0\u00bb. Sa fille, la seule personne \u00e0 aller le voir en prison, s\u2019est souvenue des paroles de son p\u00e8re lors de leur premier parloir. \u00ab\u00a0Il m\u2019a dit\u00a0: \u201cC\u2019\u00e9tait soit lui, soit moi\u201d\u00a0\u00bb.<\/p>\n<p>Un t\u00e9moin essentiel jamais entendu<\/p>\n<p>La journ\u00e9e de mardi n\u2019a pas dissip\u00e9&#8230;<\/p>\n","protected":false},"excerpt":{"rendered":"\u00ab\u00a0Dans le quartier de Carnot, tout le monde le conna\u00eet\u00a0: il boit de grandes quantit\u00e9s d\u2019alcool, il est&hellip;\n","protected":false},"author":2,"featured_media":563414,"comment_status":"","ping_status":"","sticky":false,"template":"","format":"standard","meta":{"footnotes":""},"categories":[9653],"tags":[1111,11,2430,271,272,7539,1777,674,274,107,1011,27,3367,12,25,4001,7538],"class_list":{"0":"post-563413","1":"post","2":"type-post","3":"status-publish","4":"format-standard","5":"has-post-thumbnail","7":"category-saint-etienne","8":"tag-actu","9":"tag-actualites","10":"tag-auvergne-rhone-alpes","11":"tag-crime","12":"tag-delit-et-contravention","13":"tag-edition-loire-sud","14":"tag-eu","15":"tag-europe","16":"tag-faits-divers-justice","17":"tag-fil-info","18":"tag-fr","19":"tag-france","20":"tag-loire","21":"tag-news","22":"tag-republique-francaise","23":"tag-saint-etienne","24":"tag-saint-etienne-ville"},"share_on_mastodon":{"url":"https:\/\/pubeurope.com\/@fr\/115624642094757929","error":""},"_links":{"self":[{"href":"https:\/\/www.europesays.com\/fr\/wp-json\/wp\/v2\/posts\/563413","targetHints":{"allow":["GET"]}}],"collection":[{"href":"https:\/\/www.europesays.com\/fr\/wp-json\/wp\/v2\/posts"}],"about":[{"href":"https:\/\/www.europesays.com\/fr\/wp-json\/wp\/v2\/types\/post"}],"author":[{"embeddable":true,"href":"https:\/\/www.europesays.com\/fr\/wp-json\/wp\/v2\/users\/2"}],"replies":[{"embeddable":true,"href":"https:\/\/www.europesays.com\/fr\/wp-json\/wp\/v2\/comments?post=563413"}],"version-history":[{"count":0,"href":"https:\/\/www.europesays.com\/fr\/wp-json\/wp\/v2\/posts\/563413\/revisions"}],"wp:featuredmedia":[{"embeddable":true,"href":"https:\/\/www.europesays.com\/fr\/wp-json\/wp\/v2\/media\/563414"}],"wp:attachment":[{"href":"https:\/\/www.europesays.com\/fr\/wp-json\/wp\/v2\/media?parent=563413"}],"wp:term":[{"taxonomy":"category","embeddable":true,"href":"https:\/\/www.europesays.com\/fr\/wp-json\/wp\/v2\/categories?post=563413"},{"taxonomy":"post_tag","embeddable":true,"href":"https:\/\/www.europesays.com\/fr\/wp-json\/wp\/v2\/tags?post=563413"}],"curies":[{"name":"wp","href":"https:\/\/api.w.org\/{rel}","templated":true}]}}