{"id":563421,"date":"2025-11-28T01:13:19","date_gmt":"2025-11-28T01:13:19","guid":{"rendered":"https:\/\/www.europesays.com\/fr\/563421\/"},"modified":"2025-11-28T01:13:19","modified_gmt":"2025-11-28T01:13:19","slug":"travail-au-noir-pour-deux-benevoles-toulonnais","status":"publish","type":"post","link":"https:\/\/www.europesays.com\/fr\/563421\/","title":{"rendered":"\u00ab\u00a0travail au noir\u00a0\u00bb pour deux b\u00e9n\u00e9voles toulonnais"},"content":{"rendered":"<p>C\u2019est pour la bonne cause que Fr\u00e9d\u00e9rick Gu\u00e9nard, \u00e9lu toulonnais et pr\u00e9sident du comit\u00e9 des f\u00eates, et Guillaume Desvignes, pompier volontaire toulonnais, se sont attel\u00e9s \u00e0 un \u00ab\u00a0travail au noir\u00a0\u00bb.\u00a0Effectivement, c\u2019est \u00e0 la nuit tomb\u00e9e, que les deux b\u00e9n\u00e9voles apr\u00e8s leur journ\u00e9e respective de labeur, ont \u00e9rig\u00e9 deux banderoles sous le kiosque du centre-ville, annon\u00e7ant le week-end du T\u00e9l\u00e9thon.<\/p>\n<p>Un ultra-trail de&#8230;                        <\/p>\n","protected":false},"excerpt":{"rendered":"C\u2019est pour la bonne cause que Fr\u00e9d\u00e9rick Gu\u00e9nard, \u00e9lu toulonnais et pr\u00e9sident du comit\u00e9 des f\u00eates, et Guillaume&hellip;\n","protected":false},"author":2,"featured_media":563422,"comment_status":"","ping_status":"","sticky":false,"template":"","format":"standard","meta":{"footnotes":""},"categories":[9619],"tags":[1111,11,12568,1777,674,107,1011,27,14000,12,882,25,104,2205,2310,13999],"class_list":{"0":"post-563421","1":"post","2":"type-post","3":"status-publish","4":"format-standard","5":"has-post-thumbnail","7":"category-toulon","8":"tag-actu","9":"tag-actualites","10":"tag-edition-montceau-les-mines","11":"tag-eu","12":"tag-europe","13":"tag-fil-info","14":"tag-fr","15":"tag-france","16":"tag-montceau-les-mines-bassin","17":"tag-news","18":"tag-provence-alpes-cote-dazur","19":"tag-republique-francaise","20":"tag-societe","21":"tag-television-medias","22":"tag-toulon","23":"tag-toulon-sur-arroux"},"share_on_mastodon":{"url":"https:\/\/pubeurope.com\/@fr\/115624673608215259","error":""},"_links":{"self":[{"href":"https:\/\/www.europesays.com\/fr\/wp-json\/wp\/v2\/posts\/563421","targetHints":{"allow":["GET"]}}],"collection":[{"href":"https:\/\/www.europesays.com\/fr\/wp-json\/wp\/v2\/posts"}],"about":[{"href":"https:\/\/www.europesays.com\/fr\/wp-json\/wp\/v2\/types\/post"}],"author":[{"embeddable":true,"href":"https:\/\/www.europesays.com\/fr\/wp-json\/wp\/v2\/users\/2"}],"replies":[{"embeddable":true,"href":"https:\/\/www.europesays.com\/fr\/wp-json\/wp\/v2\/comments?post=563421"}],"version-history":[{"count":0,"href":"https:\/\/www.europesays.com\/fr\/wp-json\/wp\/v2\/posts\/563421\/revisions"}],"wp:featuredmedia":[{"embeddable":true,"href":"https:\/\/www.europesays.com\/fr\/wp-json\/wp\/v2\/media\/563422"}],"wp:attachment":[{"href":"https:\/\/www.europesays.com\/fr\/wp-json\/wp\/v2\/media?parent=563421"}],"wp:term":[{"taxonomy":"category","embeddable":true,"href":"https:\/\/www.europesays.com\/fr\/wp-json\/wp\/v2\/categories?post=563421"},{"taxonomy":"post_tag","embeddable":true,"href":"https:\/\/www.europesays.com\/fr\/wp-json\/wp\/v2\/tags?post=563421"}],"curies":[{"name":"wp","href":"https:\/\/api.w.org\/{rel}","templated":true}]}}