{"id":563425,"date":"2025-11-28T01:15:21","date_gmt":"2025-11-28T01:15:21","guid":{"rendered":"https:\/\/www.europesays.com\/fr\/563425\/"},"modified":"2025-11-28T01:15:21","modified_gmt":"2025-11-28T01:15:21","slug":"previsions-du-vendredi-28-novembre-2025","status":"publish","type":"post","link":"https:\/\/www.europesays.com\/fr\/563425\/","title":{"rendered":"pr\u00e9visions du vendredi 28 novembre 2025"},"content":{"rendered":"<p>\u00c0 Montpellier, les maximales pourront atteindre 13\u00b0C dans la journ\u00e9e alors que les minimales seront de 5\u00b0C. La ville aura quelques \u00e9claircies le matin. On anticipe des valeurs d&rsquo;environ 7\u00b0C. Une brise de nord soufflera doucement. Le soleil sera au rendez-vous : un magnifique apr\u00e8s-midi se pr\u00e9sente ! C&rsquo;est une hausse de plusieurs degr\u00e9s que vont enregistrer les temp\u00e9ratures. Ces valeurs seront de 11\u00b0C au minimum et de 13\u00b0C au plus haut. Apr\u00e8s un petit passage nuageux, le ciel va s&rsquo;\u00e9claircir au cours de la soir\u00e9e. Il va faire 10\u00b0C en moyenne. C&rsquo;est un ciel limpide que conna\u00eetra la nuit de vendredi \u00e0 samedi.<\/p>\n<p>Demain, un important soleil rayonnera sur Montpellier. La m\u00e9t\u00e9o va se r\u00e9chauffer avec une augmentation de quelques degr\u00e9s. Le mercure affichera 11\u00b0C en moyenne. Un l\u00e9ger vent de nord-ouest sera ressenti par les habitants. Les valeurs avoisineront les 10\u00b0C dans la matin\u00e9e. Les temp\u00e9ratures s&rsquo;\u00e9chelonneront de 11 \u00e0 13\u00b0C sur l&rsquo;ensemble de l&rsquo;apr\u00e8s-midi. Des \u00e9claircies sont pr\u00e9vues : on passera une soir\u00e9e cl\u00e9mente.<\/p>\n<p>Des \u00e9volutions par la suite. Les conditions m\u00e9t\u00e9orologiques seront changeantes les prochains jours. La m\u00e9t\u00e9o sera pluvieuse dimanche mais elle conna\u00eetra une am\u00e9lioration lundi.<\/p>\n<p><\/p>\n","protected":false},"excerpt":{"rendered":"\u00c0 Montpellier, les maximales pourront atteindre 13\u00b0C dans la journ\u00e9e alors que les minimales seront de 5\u00b0C. La&hellip;\n","protected":false},"author":2,"featured_media":563426,"comment_status":"","ping_status":"","sticky":false,"template":"","format":"standard","meta":{"footnotes":""},"categories":[9599],"tags":[1111,11,1777,674,1011,27,2208,12,2680,2119,25],"class_list":{"0":"post-563425","1":"post","2":"type-post","3":"status-publish","4":"format-standard","5":"has-post-thumbnail","7":"category-montpellier","8":"tag-actu","9":"tag-actualites","10":"tag-eu","11":"tag-europe","12":"tag-fr","13":"tag-france","14":"tag-montpellier","15":"tag-news","16":"tag-occitanie","17":"tag-previsions-meteo","18":"tag-republique-francaise"},"share_on_mastodon":{"url":"https:\/\/pubeurope.com\/@fr\/115624681356022663","error":""},"_links":{"self":[{"href":"https:\/\/www.europesays.com\/fr\/wp-json\/wp\/v2\/posts\/563425","targetHints":{"allow":["GET"]}}],"collection":[{"href":"https:\/\/www.europesays.com\/fr\/wp-json\/wp\/v2\/posts"}],"about":[{"href":"https:\/\/www.europesays.com\/fr\/wp-json\/wp\/v2\/types\/post"}],"author":[{"embeddable":true,"href":"https:\/\/www.europesays.com\/fr\/wp-json\/wp\/v2\/users\/2"}],"replies":[{"embeddable":true,"href":"https:\/\/www.europesays.com\/fr\/wp-json\/wp\/v2\/comments?post=563425"}],"version-history":[{"count":0,"href":"https:\/\/www.europesays.com\/fr\/wp-json\/wp\/v2\/posts\/563425\/revisions"}],"wp:featuredmedia":[{"embeddable":true,"href":"https:\/\/www.europesays.com\/fr\/wp-json\/wp\/v2\/media\/563426"}],"wp:attachment":[{"href":"https:\/\/www.europesays.com\/fr\/wp-json\/wp\/v2\/media?parent=563425"}],"wp:term":[{"taxonomy":"category","embeddable":true,"href":"https:\/\/www.europesays.com\/fr\/wp-json\/wp\/v2\/categories?post=563425"},{"taxonomy":"post_tag","embeddable":true,"href":"https:\/\/www.europesays.com\/fr\/wp-json\/wp\/v2\/tags?post=563425"}],"curies":[{"name":"wp","href":"https:\/\/api.w.org\/{rel}","templated":true}]}}