{"id":563427,"date":"2025-11-28T01:18:32","date_gmt":"2025-11-28T01:18:32","guid":{"rendered":"https:\/\/www.europesays.com\/fr\/563427\/"},"modified":"2025-11-28T01:18:32","modified_gmt":"2025-11-28T01:18:32","slug":"pres-de-rouen-la-police-lance-un-appel-a-temoins-a-la-suite-de-la-disparition-inquietante-dune-mineure","status":"publish","type":"post","link":"https:\/\/www.europesays.com\/fr\/563427\/","title":{"rendered":"Pr\u00e8s de Rouen. La police lance un appel \u00e0 t\u00e9moins \u00e0 la suite de la disparition inqui\u00e9tante d&rsquo;une mineure"},"content":{"rendered":"<p melodystyle=\"texte\">La police de Rouen lance un appel \u00e0 t\u00e9moins apr\u00e8s la disparition inqui\u00e9tante d&rsquo;une jeune adolescente. Louanne Caufourier s&rsquo;est enfuie de son coll\u00e8ge de Canteleu depuis le 7\u00a0novembre dernier. Depuis, elle a \u00e9t\u00e9 aper\u00e7ue au centre commercial de Saint-Sever. Elle est rest\u00e9e en contact avec ses parents via des SMS.<\/p>\n<p melodystyle=\"texte\">L&rsquo;adolescente mesure 1m60, avec des cheveux ch\u00e2tains, longs et lisses. Elle est tr\u00e8s mince. Au moment de sa disparition elle portait un surv\u00eatement noir de marque Under Armor.<\/p>\n<p melodystyle=\"texte\">Si vous pensez avoir des \u00e9l\u00e9ments permettant de la localiser, vous pouvez contacter l&rsquo;h\u00f4tel de police de Rouen au 02\u00a032\u00a081\u00a025\u00a000.<\/p>\n","protected":false},"excerpt":{"rendered":"La police de Rouen lance un appel \u00e0 t\u00e9moins apr\u00e8s la disparition inqui\u00e9tante d&rsquo;une jeune adolescente. Louanne Caufourier&hellip;\n","protected":false},"author":2,"featured_media":563428,"comment_status":"","ping_status":"","sticky":false,"template":"","format":"standard","meta":{"footnotes":""},"categories":[9587],"tags":[1111,11,1777,674,1011,27,12,5161,25,9590],"class_list":{"0":"post-563427","1":"post","2":"type-post","3":"status-publish","4":"format-standard","5":"has-post-thumbnail","7":"category-rouen","8":"tag-actu","9":"tag-actualites","10":"tag-eu","11":"tag-europe","12":"tag-fr","13":"tag-france","14":"tag-news","15":"tag-normandie","16":"tag-republique-francaise","17":"tag-rouen"},"share_on_mastodon":{"url":"https:\/\/pubeurope.com\/@fr\/115624693220302269","error":""},"_links":{"self":[{"href":"https:\/\/www.europesays.com\/fr\/wp-json\/wp\/v2\/posts\/563427","targetHints":{"allow":["GET"]}}],"collection":[{"href":"https:\/\/www.europesays.com\/fr\/wp-json\/wp\/v2\/posts"}],"about":[{"href":"https:\/\/www.europesays.com\/fr\/wp-json\/wp\/v2\/types\/post"}],"author":[{"embeddable":true,"href":"https:\/\/www.europesays.com\/fr\/wp-json\/wp\/v2\/users\/2"}],"replies":[{"embeddable":true,"href":"https:\/\/www.europesays.com\/fr\/wp-json\/wp\/v2\/comments?post=563427"}],"version-history":[{"count":0,"href":"https:\/\/www.europesays.com\/fr\/wp-json\/wp\/v2\/posts\/563427\/revisions"}],"wp:featuredmedia":[{"embeddable":true,"href":"https:\/\/www.europesays.com\/fr\/wp-json\/wp\/v2\/media\/563428"}],"wp:attachment":[{"href":"https:\/\/www.europesays.com\/fr\/wp-json\/wp\/v2\/media?parent=563427"}],"wp:term":[{"taxonomy":"category","embeddable":true,"href":"https:\/\/www.europesays.com\/fr\/wp-json\/wp\/v2\/categories?post=563427"},{"taxonomy":"post_tag","embeddable":true,"href":"https:\/\/www.europesays.com\/fr\/wp-json\/wp\/v2\/tags?post=563427"}],"curies":[{"name":"wp","href":"https:\/\/api.w.org\/{rel}","templated":true}]}}